{"id":79,"date":"2022-10-27T12:22:38","date_gmt":"2022-10-27T10:22:38","guid":{"rendered":"https:\/\/parisconcarlo.com\/es\/?page_id=79"},"modified":"2024-04-15T17:20:51","modified_gmt":"2024-04-15T15:20:51","slug":"jardines-de-luxemburgo","status":"publish","type":"post","link":"https:\/\/parisconcarlo.com\/es\/jardines-de-luxemburgo\/","title":{"rendered":"Jardines de Luxemburgo, Par\u00eds"},"content":{"rendered":"\n<p><strong>Los Jardines de Luxemburgo<\/strong> (Jardin du Luxembourg) son un oasis de 25 hect\u00e1reas en la glamorosa orilla izquierda (Rive Gauche) de Par\u00eds.<\/p>\n\n\n\n<p>Hay un aut\u00e9ntico ambiente relajado parisino. Los Jardines tienen muchas atracciones para los ni\u00f1os: <strong>ponis, espect\u00e1culos de marionetas y paseos<\/strong>. Adem\u00e1s, el lago artificial es utilizado por ni\u00f1os y adultos para navegar en maquetas de veleros.<\/p>\n\n\n\n<p>Los Jardines de Luxemburgo fueron los primeros jardines franceses influenciados por el barroco italiano. <\/p>\n\n\n\n<p><strong>Los jardines y el palacio se construyeron en 1612<\/strong>. Fueron dise\u00f1ados por Jacques Boyceau para la princesa Mar\u00eda de Medici, que se convirti\u00f3 en reina de Francia, siguiendo el modelo de los Jardines de Boboli en Florencia, donde Mar\u00eda pas\u00f3 su infancia.<\/p>\n\n\n\n<p>Hoy, como en el siglo XVII, es un buen lugar para respirar la atm\u00f3sfera cosmopolita de un rico jard\u00edn palaciego. Los Jardines de Luxemburgo se han modificado a lo largo de los siglos, pero su car\u00e1cter se ha mantenido intacto.<\/p>\n\n\n\n<p>Albergan algunas instalaciones de parques p\u00fablicos, que incluyen canchas de tenis, \u00e1reas de juegos para ni\u00f1os y m\u00e1s de un centenar de esculturas, incluidas las estatuas de Stendhal, Chopin, Montesquieu y Baudelaire. <\/p>\n\n\n\n<p>El Palacio de Luxemburgo alberga hoy en d\u00eda el Senado franc\u00e9s.<\/p>\n\n\n<style>.kb-table-of-content-nav.kb-table-of-content-id_2f54b1-3c .kb-table-of-content-wrap{padding-top:var(--global-kb-spacing-sm, 1.5rem);padding-right:var(--global-kb-spacing-sm, 1.5rem);padding-bottom:var(--global-kb-spacing-sm, 1.5rem);padding-left:var(--global-kb-spacing-sm, 1.5rem);background-color:#f2d115;}.kb-table-of-content-nav.kb-table-of-content-id_2f54b1-3c .kb-table-of-contents-title-wrap{padding-top:0px;padding-right:0px;padding-bottom:0px;padding-left:0px;}.kb-table-of-content-nav.kb-table-of-content-id_2f54b1-3c .kb-table-of-contents-title{font-weight:regular;font-style:normal;}.kb-table-of-content-nav.kb-table-of-content-id_2f54b1-3c .kb-table-of-content-wrap .kb-table-of-content-list{font-weight:regular;font-style:normal;margin-top:var(--global-kb-spacing-sm, 1.5rem);margin-right:0px;margin-bottom:0px;margin-left:0px;}.kb-table-of-content-nav.kb-table-of-content-id_2f54b1-3c .kb-toggle-icon-style-basiccircle .kb-table-of-contents-icon-trigger:after, .kb-table-of-content-nav.kb-table-of-content-id_2f54b1-3c .kb-toggle-icon-style-basiccircle .kb-table-of-contents-icon-trigger:before, .kb-table-of-content-nav.kb-table-of-content-id_2f54b1-3c .kb-toggle-icon-style-arrowcircle .kb-table-of-contents-icon-trigger:after, .kb-table-of-content-nav.kb-table-of-content-id_2f54b1-3c .kb-toggle-icon-style-arrowcircle .kb-table-of-contents-icon-trigger:before, .kb-table-of-content-nav.kb-table-of-content-id_2f54b1-3c .kb-toggle-icon-style-xclosecircle .kb-table-of-contents-icon-trigger:after, .kb-table-of-content-nav.kb-table-of-content-id_2f54b1-3c .kb-toggle-icon-style-xclosecircle .kb-table-of-contents-icon-trigger:before{background-color:#f2d115;}<\/style>\n\n\n<h2 class=\"wp-block-heading\">Qu\u00e9 ver en los Jardines de Luxemburgo<\/h2>\n\n\n\n<p>Los Jardines de Luxemburgo son <strong>uno de los tres jardines p\u00fablicos m\u00e1s grandes de Par\u00eds<\/strong>. Fueron inaugurados en 1612 por Maria de&#8217; Medici, esposa de Enrique IV. Se caracterizan por la magnificencia en boga en la \u00e9poca.<\/p>\n\n\n\n<p>Su estructura y estilo <strong>recuerdan a los Jardines de Boboli en Florencia<\/strong>, muy queridos por Caterina. El Senado franc\u00e9s sigue presente en el interior. Los Jardines est\u00e1n abiertos todos los d\u00edas en los siguientes horarios:<\/p>\n\n\n\n<ul class=\"wp-block-list\">\n<li>abre entre las 7:30 y 8:15 y cierra entre las 16:30 (4pm) y 21:30 (9:30 pm) en base a la temporada. Para saber los horarios de cada d\u00eda <a href=\"https:\/\/www.senat.fr\/visite\/jardin\/horaires.html\" target=\"_blank\" rel=\"noreferrer noopener\">visita el sitio oficial<\/a> <\/li>\n<\/ul>\n\n\n\n<p>Se permite la entrada hasta 30 minutos antes del cierre. En su interior se pueden visitar numerosos lugares de inter\u00e9s.<\/p>\n\n\n\n<h3 class=\"wp-block-heading\">Fuente de los M\u00e9dici<\/h3>\n\n\n<div class=\"wp-block-image\">\n<figure class=\"aligncenter size-full\"><img decoding=\"async\" width=\"800\" height=\"538\" src=\"https:\/\/parisconcarlo.com\/es\/wp-content\/uploads\/sites\/4\/2023\/01\/fuente-medici-jardines-luxemburgo-paris-1.webp\" alt=\"Fuente de los Medici en el Jardin de Luxemburgo, Par\u00eds\" class=\"wp-image-1187\" srcset=\"https:\/\/parisconcarlo.com\/es\/wp-content\/uploads\/sites\/4\/2023\/01\/fuente-medici-jardines-luxemburgo-paris-1.webp 800w, https:\/\/parisconcarlo.com\/es\/wp-content\/uploads\/sites\/4\/2023\/01\/fuente-medici-jardines-luxemburgo-paris-1-300x202.webp 300w, https:\/\/parisconcarlo.com\/es\/wp-content\/uploads\/sites\/4\/2023\/01\/fuente-medici-jardines-luxemburgo-paris-1-768x516.webp 768w\" sizes=\"(max-width: 800px) 100vw, 800px\" \/><figcaption class=\"wp-element-caption\">Fuente de los Medici en el Jardin de Luxemburgo, Par\u00eds<\/figcaption><\/figure>\n<\/div>\n\n\n<p>Probablemente es el <strong>principal atractivo de los Jardines<\/strong>: un largo estanque rectangular rodeado de macetas y balaustradas cinceladas, que termina en un ed\u00edculo rom\u00e1ntico que desciende en pendiente hacia el agua. Est\u00e1 flanqueada por \u00e1rboles majestuosos y de cuento de hadas, muy sugerentes en todas las estaciones.<\/p>\n\n\n\n<h3 class=\"wp-block-heading\">Fuente del Observatorio<\/h3>\n\n\n<div class=\"wp-block-image\">\n<figure class=\"aligncenter size-full\"><img decoding=\"async\" width=\"800\" height=\"533\" src=\"https:\/\/parisconcarlo.com\/es\/wp-content\/uploads\/sites\/4\/2023\/01\/fuente-observatorio-jardines-luxemburgo-paris-2.webp\" alt=\"Fuente del Observatorio, Jardines de Luxemburgo, Par\u00eds\" class=\"wp-image-1185\" srcset=\"https:\/\/parisconcarlo.com\/es\/wp-content\/uploads\/sites\/4\/2023\/01\/fuente-observatorio-jardines-luxemburgo-paris-2.webp 800w, https:\/\/parisconcarlo.com\/es\/wp-content\/uploads\/sites\/4\/2023\/01\/fuente-observatorio-jardines-luxemburgo-paris-2-300x200.webp 300w, https:\/\/parisconcarlo.com\/es\/wp-content\/uploads\/sites\/4\/2023\/01\/fuente-observatorio-jardines-luxemburgo-paris-2-768x512.webp 768w\" sizes=\"(max-width: 800px) 100vw, 800px\" \/><figcaption class=\"wp-element-caption\">Fuente del Observatorio, Jardines de Luxemburgo, Par\u00eds<\/figcaption><\/figure>\n<\/div>\n\n\n<p>Esta famosa fuente es tambi\u00e9n conocida como \u00ab<strong>La fuente de las cuatro partes del mundo<\/strong>\u00ab, porque en el centro del gran estanque decorado con esculturas destacan cuatro figuras femeninas que sostienen el cielo, representadas como una jaula esf\u00e9rica sobre la cual se encuentran los 12 signos del zod\u00edaco, y la Tierra se representa como un planeta flotando dentro de ella.<\/p>\n\n\n\n<h3 class=\"wp-block-heading\">Estatua de la Libertad<\/h3>\n\n\n\n<p>Es una <strong>copia en miniatura de la Estatua de la Libertad<\/strong> original que Francia regal\u00f3 a los Estados Unidos como s\u00edmbolo de amistad y buena suerte. Fue <strong>creado por Fr\u00e9d\u00e9ric Bartholdi<\/strong> y es una de las dos reproducciones de la estatua presentes en la capital francesa. El otro se encuentra en una isla en medio del Sena.<\/p>\n\n\n\n<h3 class=\"wp-block-heading\">Las otras estatuas<\/h3>\n\n\n\n<p>Maqueta de los Jardines de Boboli, los Jardines de Luxemburgo son tambi\u00e9n un lugar encantado donde parece que el tiempo se ha detenido.<\/p>\n\n\n\n<p>Para reforzar esta impresi\u00f3n, <strong>los Jardines est\u00e1n \u00abpoblados\u00bb por diversas esculturas<\/strong> que representan diferentes temas, entre los que destacan algunos personajes ilustres. <\/p>\n\n\n\n<p>Tenemos, por ejemplo, el <strong>famoso busto de Charles Baudelaire<\/strong>, la estatua que representa a Beethoven y la de Santa Genoveva, la santa patrona de Par\u00eds.<\/p>\n\n\n\n<h3 class=\"wp-block-heading\">Edificio del Senado Franc\u00e9s<\/h3>\n\n\n<div class=\"wp-block-image\">\n<figure class=\"aligncenter size-full\"><img decoding=\"async\" width=\"800\" height=\"520\" src=\"https:\/\/parisconcarlo.com\/es\/wp-content\/uploads\/sites\/4\/2023\/01\/edificio-senato-jardines-luxemburgo-paris-1.webp\" alt=\"El edificio del Senado franc\u00e9s en los Jardines de Luxemburgo, Par\u00eds\" class=\"wp-image-1186\" srcset=\"https:\/\/parisconcarlo.com\/es\/wp-content\/uploads\/sites\/4\/2023\/01\/edificio-senato-jardines-luxemburgo-paris-1.webp 800w, https:\/\/parisconcarlo.com\/es\/wp-content\/uploads\/sites\/4\/2023\/01\/edificio-senato-jardines-luxemburgo-paris-1-300x195.webp 300w, https:\/\/parisconcarlo.com\/es\/wp-content\/uploads\/sites\/4\/2023\/01\/edificio-senato-jardines-luxemburgo-paris-1-768x499.webp 768w\" sizes=\"(max-width: 800px) 100vw, 800px\" \/><figcaption class=\"wp-element-caption\">El edificio del Senado franc\u00e9s en los Jardines de Luxemburgo, Par\u00eds<\/figcaption><\/figure>\n<\/div>\n\n\n<p>Tambi\u00e9n <strong>conocido como Palacio de Luxemburgo<\/strong>, es la sede del Senado franc\u00e9s. Tiene una planta barroca en forma de U y una vez fue el hogar de la familia real. Desde 1958 est\u00e1 clasificado como edificio hist\u00f3rico franc\u00e9s.<\/p>\n\n\n\n<h3 class=\"wp-block-heading\">Museo de Luxemburgo<\/h3>\n\n\n\n<p>El Museo est\u00e1 abierto todos los d\u00edas en los siguientes horarios:<\/p>\n\n\n\n<ul class=\"wp-block-list\">\n<li>Lunes y viernes: 10.00-22.00 (10pm) <\/li>\n\n\n\n<li>todos los dem\u00e1s d\u00edas de la semana: 10.00-19.30 (7:30 pm)<\/li>\n\n\n\n<li>Nochebuena y 31 de diciembre: cierre temprano a las 18.00 h (6 pm)<\/li>\n\n\n\n<li>Tambi\u00e9n aqu\u00ed se permite la entrada hasta 30 minutos antes del cierre.<\/li>\n<\/ul>\n\n\n\n<div data-tiqets-widget=\"availability\" data-layout=\"full\" data-product-id=\"1002921\" data-language=\"es\" data-partner=\"viajesaparis\" data-tq-campaign=\"luxemburgo\"><\/div><script defer src=\"https:\/\/widgets.tiqets.com\/loader.js\"><\/script>\n\n\n\n<div style=\"height:20px\" aria-hidden=\"true\" class=\"wp-block-spacer\"><\/div>\n\n\n\n<h2 class=\"wp-block-heading\">Qu\u00e9 hacer en los Jardines de Luxemburgo<\/h2>\n\n\n\n<p>Dependiendo de tus pasiones y del estilo de tu viaje a Par\u00eds, puedes elegir diferentes destinos para tu visita a los Jardines de Luxemburgo.<\/p>\n\n\n\n<h3 class=\"wp-block-heading\">El itinerario art\u00edstico<\/h3>\n\n\n\n<p>Si tu <strong>pasi\u00f3n es el arte<\/strong>, los Jardines de Luxemburgo son un destino que no debes perderte. En particular, el <strong>Museo de Luxemburgo acoge una exposici\u00f3n de arte moderno<\/strong> y acoge un gran n\u00famero de exposiciones temporales de los m\u00e1s variados artistas europeos y mundiales. El Museo tambi\u00e9n organiza paseos por las partes m\u00e1s interesantes del jard\u00edn.<\/p>\n\n\n\n<h3 class=\"wp-block-heading\">Itinerario rom\u00e1ntico<\/h3>\n\n\n\n<p>Dir\u00edgete <strong>directamente a la Fuente de los Medici<\/strong> para disfrutar del encantador paisaje de las hileras de \u00e1rboles. \u00a1Es el lugar ideal para fotos rom\u00e1nticas, besos amorosos, propuestas de compromiso e incluso para renovar los votos matrimoniales en un entorno verdaderamente impresionante!<\/p>\n\n\n\n<h3 class=\"wp-block-heading\">El itinerario deportivo<\/h3>\n\n\n\n<p>Para los amantes del deporte, los Jardines de Luxemburgo <strong>cuentan con varias \u00e1reas deportivas<\/strong>, desde tenis hasta f\u00fatbol y baloncesto.<\/p>\n\n\n\n<p>Tambi\u00e9n hay pistas deportivas para carreras, circuitos de aparcados y fitness y varias mesas para jugar al ajedrez.<\/p>\n\n\n\n<h3 class=\"wp-block-heading\">El itinerario de la relajaci\u00f3n<\/h3>\n\n\n\n<p>Puedes <strong>disfrutar de los Jardines de Luxemburgo con un simple paseo<\/strong>, un sabroso picnic, relajarte al sol o a la sombra de los \u00e1rboles para leer un libro o disfrutar de uno de los muchos conciertos que se organizan dentro del parque.<\/p>\n\n\n\n<h3 class=\"wp-block-heading\">Los Jardines para los ni\u00f1os<\/h3>\n\n\n\n<p>Los Jardines de Luxemburgo <strong>albergan varias \u00e1reas destinadas a parques infantiles<\/strong>, divididas por grupos de edad seg\u00fan las actividades que se ofrecen en cada parque. Los mi\u00e9rcoles, s\u00e1bados y domingos se realizan espect\u00e1culos populares de marionetas y se pueden pilotar peque\u00f1os veleros en las aguas de las fuentes.<\/p>\n\n\n\n<p><strong>Visitas guiadas<\/strong>: se organizan varias visitas guiadas dentro de los Jardines de Luxemburgo, disponibles en muchos idiomas.<\/p>\n\n\n\n<p>Son una forma muy \u00fatil y divertida de descubrir los jardines, sus historias y todos sus secretos y curiosidades, empezando por la identidad y el origen de las m\u00e1s de 100 estatuas que adornan el parque.<\/p>\n\n\n\n<h2 class=\"wp-block-heading\">Informaci\u00f3n pr\u00e1ctica<\/h2>\n\n\n\n<h3 class=\"wp-block-heading\">D\u00f3nde est\u00e1n y c\u00f3mo llegar<\/h3>\n\n\n\n<p>71 Boulevard Saint-Michel, 75005 Par\u00eds, Francia<\/p>\n\n\n\n<p>Metro: RER B, estaci\u00f3n de Luxemburgo<\/p>\n\n\n\n<h3 class=\"wp-block-heading\">Entradas<\/h3>\n\n\n\n<p>El acceso es gratuito.<\/p>\n\n\n\n<h2 class=\"wp-block-heading\">Mapa: qu\u00e9 ver cerca<\/h2>\n\n\n\n","protected":false},"excerpt":{"rendered":"<p>Los Jardines de Luxemburgo (Jardin du Luxembourg) son un oasis de 25 hect\u00e1reas en la glamorosa orilla izquierda (Rive Gauche) de Par\u00eds. Hay un aut\u00e9ntico ambiente relajado parisino. Los Jardines tienen muchas atracciones para los ni\u00f1os: ponis, espect\u00e1culos de marionetas y paseos. Adem\u00e1s, el lago artificial es utilizado por ni\u00f1os y adultos para navegar en&#8230;<\/p>\n","protected":false},"author":4,"featured_media":1184,"comment_status":"open","ping_status":"closed","sticky":false,"template":"","format":"standard","meta":{"_kad_blocks_custom_css":"","_kad_blocks_head_custom_js":"","_kad_blocks_body_custom_js":"","_kad_blocks_footer_custom_js":"","_kad_post_transparent":"","_kad_post_title":"","_kad_post_layout":"","_kad_post_sidebar_id":"","_kad_post_content_style":"","_kad_post_vertical_padding":"","_kad_post_feature":"","_kad_post_feature_position":"","_kad_post_header":false,"_kad_post_footer":false,"_kad_post_classname":"","footnotes":""},"categories":[15],"tags":[],"class_list":["post-79","post","type-post","status-publish","format-standard","has-post-thumbnail","hentry","category-que-ver-en-paris"],"yoast_head":"<!-- This site is optimized with the Yoast SEO plugin v27.1.1 - https:\/\/yoast.com\/product\/yoast-seo-wordpress\/ -->\n<title>Jardines de Luxemburgo, Par\u00eds: qu\u00e9 ver, c\u00f3mo llegar<\/title>\n<meta name=\"description\" content=\"Gu\u00eda de los Jardines de Luxemburgo en Par\u00eds con informaci\u00f3n \u00fatil sobre c\u00f3mo llegar, las atracciones para visitar y una galer\u00eda de fotos.\" \/>\n<meta name=\"robots\" content=\"index, follow, max-snippet:-1, max-image-preview:large, max-video-preview:-1\" \/>\n<link rel=\"canonical\" href=\"https:\/\/parisconcarlo.com\/es\/jardines-de-luxemburgo\/\" \/>\n<meta property=\"og:locale\" content=\"es_ES\" \/>\n<meta property=\"og:type\" content=\"article\" \/>\n<meta property=\"og:title\" content=\"Jardines de Luxemburgo, Par\u00eds: qu\u00e9 ver, c\u00f3mo llegar\" \/>\n<meta property=\"og:description\" content=\"Gu\u00eda de los Jardines de Luxemburgo en Par\u00eds con informaci\u00f3n \u00fatil sobre c\u00f3mo llegar, las atracciones para visitar y una galer\u00eda de fotos.\" \/>\n<meta property=\"og:url\" content=\"https:\/\/parisconcarlo.com\/es\/jardines-de-luxemburgo\/\" \/>\n<meta property=\"og:site_name\" content=\"Paris con Carlo\" \/>\n<meta property=\"article:published_time\" content=\"2022-10-27T10:22:38+00:00\" \/>\n<meta property=\"article:modified_time\" content=\"2024-04-15T15:20:51+00:00\" \/>\n<meta property=\"og:image\" content=\"https:\/\/parisconcarlo.com\/es\/wp-content\/uploads\/sites\/4\/2022\/10\/logo-viajes-a-paris.jpeg\" \/>\n\t<meta property=\"og:image:width\" content=\"623\" \/>\n\t<meta property=\"og:image:height\" content=\"188\" \/>\n\t<meta property=\"og:image:type\" content=\"image\/jpeg\" \/>\n<meta name=\"author\" content=\"Carlo Galici\" \/>\n<meta name=\"twitter:card\" content=\"summary_large_image\" \/>\n<meta name=\"twitter:image\" content=\"https:\/\/parisconcarlo.com\/es\/wp-content\/uploads\/sites\/4\/2022\/10\/logo-viajes-a-paris.jpeg\" \/>\n<meta name=\"twitter:label1\" content=\"Escrito por\" \/>\n\t<meta name=\"twitter:data1\" content=\"Carlo Galici\" \/>\n\t<meta name=\"twitter:label2\" content=\"Tiempo de lectura\" \/>\n\t<meta name=\"twitter:data2\" content=\"22 minutos\" \/>\n<script type=\"application\/ld+json\" class=\"yoast-schema-graph\">{\"@context\":\"https:\/\/schema.org\",\"@graph\":[{\"@type\":\"Article\",\"@id\":\"https:\/\/parisconcarlo.com\/es\/jardines-de-luxemburgo\/#article\",\"isPartOf\":{\"@id\":\"https:\/\/parisconcarlo.com\/es\/jardines-de-luxemburgo\/\"},\"author\":{\"name\":\"Carlo Galici\",\"@id\":\"https:\/\/parisconcarlo.com\/es\/#\/schema\/person\/50c9697865d01ff2d6201f18aced1111\"},\"headline\":\"Jardines de Luxemburgo, Par\u00eds\",\"datePublished\":\"2022-10-27T10:22:38+00:00\",\"dateModified\":\"2024-04-15T15:20:51+00:00\",\"mainEntityOfPage\":{\"@id\":\"https:\/\/parisconcarlo.com\/es\/jardines-de-luxemburgo\/\"},\"wordCount\":1124,\"commentCount\":0,\"publisher\":{\"@id\":\"https:\/\/parisconcarlo.com\/es\/#organization\"},\"image\":{\"@id\":\"https:\/\/parisconcarlo.com\/es\/jardines-de-luxemburgo\/#primaryimage\"},\"thumbnailUrl\":\"https:\/\/parisconcarlo.com\/es\/wp-content\/uploads\/sites\/4\/2023\/01\/Jardines-de-Luxemburgo-paris.webp\",\"articleSection\":[\"Qu\u00e9 ver en Par\u00eds\"],\"inLanguage\":\"es\"},{\"@type\":\"WebPage\",\"@id\":\"https:\/\/parisconcarlo.com\/es\/jardines-de-luxemburgo\/\",\"url\":\"https:\/\/parisconcarlo.com\/es\/jardines-de-luxemburgo\/\",\"name\":\"Jardines de Luxemburgo, Par\u00eds: qu\u00e9 ver, c\u00f3mo llegar\",\"isPartOf\":{\"@id\":\"https:\/\/parisconcarlo.com\/es\/#website\"},\"primaryImageOfPage\":{\"@id\":\"https:\/\/parisconcarlo.com\/es\/jardines-de-luxemburgo\/#primaryimage\"},\"image\":{\"@id\":\"https:\/\/parisconcarlo.com\/es\/jardines-de-luxemburgo\/#primaryimage\"},\"thumbnailUrl\":\"https:\/\/parisconcarlo.com\/es\/wp-content\/uploads\/sites\/4\/2023\/01\/Jardines-de-Luxemburgo-paris.webp\",\"datePublished\":\"2022-10-27T10:22:38+00:00\",\"dateModified\":\"2024-04-15T15:20:51+00:00\",\"description\":\"Gu\u00eda de los Jardines de Luxemburgo en Par\u00eds con informaci\u00f3n \u00fatil sobre c\u00f3mo llegar, las atracciones para visitar y una galer\u00eda de fotos.\",\"breadcrumb\":{\"@id\":\"https:\/\/parisconcarlo.com\/es\/jardines-de-luxemburgo\/#breadcrumb\"},\"inLanguage\":\"es\",\"potentialAction\":[{\"@type\":\"ReadAction\",\"target\":[\"https:\/\/parisconcarlo.com\/es\/jardines-de-luxemburgo\/\"]}]},{\"@type\":\"ImageObject\",\"inLanguage\":\"es\",\"@id\":\"https:\/\/parisconcarlo.com\/es\/jardines-de-luxemburgo\/#primaryimage\",\"url\":\"https:\/\/parisconcarlo.com\/es\/wp-content\/uploads\/sites\/4\/2023\/01\/Jardines-de-Luxemburgo-paris.webp\",\"contentUrl\":\"https:\/\/parisconcarlo.com\/es\/wp-content\/uploads\/sites\/4\/2023\/01\/Jardines-de-Luxemburgo-paris.webp\",\"width\":900,\"height\":605,\"caption\":\"Jardines de Luxemburgo, Par\u00eds\"},{\"@type\":\"BreadcrumbList\",\"@id\":\"https:\/\/parisconcarlo.com\/es\/jardines-de-luxemburgo\/#breadcrumb\",\"itemListElement\":[{\"@type\":\"ListItem\",\"position\":1,\"name\":\"Home\",\"item\":\"https:\/\/parisconcarlo.com\/es\/\"},{\"@type\":\"ListItem\",\"position\":2,\"name\":\"Qu\u00e9 ver en Par\u00eds\",\"item\":\"https:\/\/parisconcarlo.com\/es\/que-ver-en-paris\/\"},{\"@type\":\"ListItem\",\"position\":3,\"name\":\"Jardines de Luxemburgo, Par\u00eds\"}]},{\"@type\":\"WebSite\",\"@id\":\"https:\/\/parisconcarlo.com\/es\/#website\",\"url\":\"https:\/\/parisconcarlo.com\/es\/\",\"name\":\"Paris con Carlo\",\"description\":\"\",\"publisher\":{\"@id\":\"https:\/\/parisconcarlo.com\/es\/#organization\"},\"potentialAction\":[{\"@type\":\"SearchAction\",\"target\":{\"@type\":\"EntryPoint\",\"urlTemplate\":\"https:\/\/parisconcarlo.com\/es\/?s={search_term_string}\"},\"query-input\":{\"@type\":\"PropertyValueSpecification\",\"valueRequired\":true,\"valueName\":\"search_term_string\"}}],\"inLanguage\":\"es\"},{\"@type\":\"Organization\",\"@id\":\"https:\/\/parisconcarlo.com\/es\/#organization\",\"name\":\"Paris con Carlo\",\"url\":\"https:\/\/parisconcarlo.com\/es\/\",\"logo\":{\"@type\":\"ImageObject\",\"inLanguage\":\"es\",\"@id\":\"https:\/\/parisconcarlo.com\/es\/#\/schema\/logo\/image\/\",\"url\":\"https:\/\/parisconcarlo.com\/es\/wp-content\/uploads\/sites\/4\/2024\/03\/logo-parisconcarlo-horizontal-live-3.jpg\",\"contentUrl\":\"https:\/\/parisconcarlo.com\/es\/wp-content\/uploads\/sites\/4\/2024\/03\/logo-parisconcarlo-horizontal-live-3.jpg\",\"width\":700,\"height\":214,\"caption\":\"Paris con Carlo\"},\"image\":{\"@id\":\"https:\/\/parisconcarlo.com\/es\/#\/schema\/logo\/image\/\"}},{\"@type\":\"Person\",\"@id\":\"https:\/\/parisconcarlo.com\/es\/#\/schema\/person\/50c9697865d01ff2d6201f18aced1111\",\"name\":\"Carlo Galici\",\"image\":{\"@type\":\"ImageObject\",\"inLanguage\":\"es\",\"@id\":\"https:\/\/parisconcarlo.com\/es\/#\/schema\/person\/image\/\",\"url\":\"https:\/\/secure.gravatar.com\/avatar\/06ec8e24b85ce32c8ceb183bc6c1b1ebff541395ffd1a8389c806e4b78969839?s=96&d=mm&r=g\",\"contentUrl\":\"https:\/\/secure.gravatar.com\/avatar\/06ec8e24b85ce32c8ceb183bc6c1b1ebff541395ffd1a8389c806e4b78969839?s=96&d=mm&r=g\",\"caption\":\"Carlo Galici\"},\"url\":\"https:\/\/parisconcarlo.com\/es\/author\/carlogalici\/\"}]}<\/script>\n<!-- \/ Yoast SEO plugin. -->","yoast_head_json":{"title":"Jardines de Luxemburgo, Par\u00eds: qu\u00e9 ver, c\u00f3mo llegar","description":"Gu\u00eda de los Jardines de Luxemburgo en Par\u00eds con informaci\u00f3n \u00fatil sobre c\u00f3mo llegar, las atracciones para visitar y una galer\u00eda de fotos.","robots":{"index":"index","follow":"follow","max-snippet":"max-snippet:-1","max-image-preview":"max-image-preview:large","max-video-preview":"max-video-preview:-1"},"canonical":"https:\/\/parisconcarlo.com\/es\/jardines-de-luxemburgo\/","og_locale":"es_ES","og_type":"article","og_title":"Jardines de Luxemburgo, Par\u00eds: qu\u00e9 ver, c\u00f3mo llegar","og_description":"Gu\u00eda de los Jardines de Luxemburgo en Par\u00eds con informaci\u00f3n \u00fatil sobre c\u00f3mo llegar, las atracciones para visitar y una galer\u00eda de fotos.","og_url":"https:\/\/parisconcarlo.com\/es\/jardines-de-luxemburgo\/","og_site_name":"Paris con Carlo","article_published_time":"2022-10-27T10:22:38+00:00","article_modified_time":"2024-04-15T15:20:51+00:00","og_image":[{"width":623,"height":188,"url":"https:\/\/parisconcarlo.com\/es\/wp-content\/uploads\/sites\/4\/2022\/10\/logo-viajes-a-paris.jpeg","type":"image\/jpeg"}],"author":"Carlo Galici","twitter_card":"summary_large_image","twitter_image":"https:\/\/parisconcarlo.com\/es\/wp-content\/uploads\/sites\/4\/2022\/10\/logo-viajes-a-paris.jpeg","twitter_misc":{"Escrito por":"Carlo Galici","Tiempo de lectura":"22 minutos"},"schema":{"@context":"https:\/\/schema.org","@graph":[{"@type":"Article","@id":"https:\/\/parisconcarlo.com\/es\/jardines-de-luxemburgo\/#article","isPartOf":{"@id":"https:\/\/parisconcarlo.com\/es\/jardines-de-luxemburgo\/"},"author":{"name":"Carlo Galici","@id":"https:\/\/parisconcarlo.com\/es\/#\/schema\/person\/50c9697865d01ff2d6201f18aced1111"},"headline":"Jardines de Luxemburgo, Par\u00eds","datePublished":"2022-10-27T10:22:38+00:00","dateModified":"2024-04-15T15:20:51+00:00","mainEntityOfPage":{"@id":"https:\/\/parisconcarlo.com\/es\/jardines-de-luxemburgo\/"},"wordCount":1124,"commentCount":0,"publisher":{"@id":"https:\/\/parisconcarlo.com\/es\/#organization"},"image":{"@id":"https:\/\/parisconcarlo.com\/es\/jardines-de-luxemburgo\/#primaryimage"},"thumbnailUrl":"https:\/\/parisconcarlo.com\/es\/wp-content\/uploads\/sites\/4\/2023\/01\/Jardines-de-Luxemburgo-paris.webp","articleSection":["Qu\u00e9 ver en Par\u00eds"],"inLanguage":"es"},{"@type":"WebPage","@id":"https:\/\/parisconcarlo.com\/es\/jardines-de-luxemburgo\/","url":"https:\/\/parisconcarlo.com\/es\/jardines-de-luxemburgo\/","name":"Jardines de Luxemburgo, Par\u00eds: qu\u00e9 ver, c\u00f3mo llegar","isPartOf":{"@id":"https:\/\/parisconcarlo.com\/es\/#website"},"primaryImageOfPage":{"@id":"https:\/\/parisconcarlo.com\/es\/jardines-de-luxemburgo\/#primaryimage"},"image":{"@id":"https:\/\/parisconcarlo.com\/es\/jardines-de-luxemburgo\/#primaryimage"},"thumbnailUrl":"https:\/\/parisconcarlo.com\/es\/wp-content\/uploads\/sites\/4\/2023\/01\/Jardines-de-Luxemburgo-paris.webp","datePublished":"2022-10-27T10:22:38+00:00","dateModified":"2024-04-15T15:20:51+00:00","description":"Gu\u00eda de los Jardines de Luxemburgo en Par\u00eds con informaci\u00f3n \u00fatil sobre c\u00f3mo llegar, las atracciones para visitar y una galer\u00eda de fotos.","breadcrumb":{"@id":"https:\/\/parisconcarlo.com\/es\/jardines-de-luxemburgo\/#breadcrumb"},"inLanguage":"es","potentialAction":[{"@type":"ReadAction","target":["https:\/\/parisconcarlo.com\/es\/jardines-de-luxemburgo\/"]}]},{"@type":"ImageObject","inLanguage":"es","@id":"https:\/\/parisconcarlo.com\/es\/jardines-de-luxemburgo\/#primaryimage","url":"https:\/\/parisconcarlo.com\/es\/wp-content\/uploads\/sites\/4\/2023\/01\/Jardines-de-Luxemburgo-paris.webp","contentUrl":"https:\/\/parisconcarlo.com\/es\/wp-content\/uploads\/sites\/4\/2023\/01\/Jardines-de-Luxemburgo-paris.webp","width":900,"height":605,"caption":"Jardines de Luxemburgo, Par\u00eds"},{"@type":"BreadcrumbList","@id":"https:\/\/parisconcarlo.com\/es\/jardines-de-luxemburgo\/#breadcrumb","itemListElement":[{"@type":"ListItem","position":1,"name":"Home","item":"https:\/\/parisconcarlo.com\/es\/"},{"@type":"ListItem","position":2,"name":"Qu\u00e9 ver en Par\u00eds","item":"https:\/\/parisconcarlo.com\/es\/que-ver-en-paris\/"},{"@type":"ListItem","position":3,"name":"Jardines de Luxemburgo, Par\u00eds"}]},{"@type":"WebSite","@id":"https:\/\/parisconcarlo.com\/es\/#website","url":"https:\/\/parisconcarlo.com\/es\/","name":"Paris con Carlo","description":"","publisher":{"@id":"https:\/\/parisconcarlo.com\/es\/#organization"},"potentialAction":[{"@type":"SearchAction","target":{"@type":"EntryPoint","urlTemplate":"https:\/\/parisconcarlo.com\/es\/?s={search_term_string}"},"query-input":{"@type":"PropertyValueSpecification","valueRequired":true,"valueName":"search_term_string"}}],"inLanguage":"es"},{"@type":"Organization","@id":"https:\/\/parisconcarlo.com\/es\/#organization","name":"Paris con Carlo","url":"https:\/\/parisconcarlo.com\/es\/","logo":{"@type":"ImageObject","inLanguage":"es","@id":"https:\/\/parisconcarlo.com\/es\/#\/schema\/logo\/image\/","url":"https:\/\/parisconcarlo.com\/es\/wp-content\/uploads\/sites\/4\/2024\/03\/logo-parisconcarlo-horizontal-live-3.jpg","contentUrl":"https:\/\/parisconcarlo.com\/es\/wp-content\/uploads\/sites\/4\/2024\/03\/logo-parisconcarlo-horizontal-live-3.jpg","width":700,"height":214,"caption":"Paris con Carlo"},"image":{"@id":"https:\/\/parisconcarlo.com\/es\/#\/schema\/logo\/image\/"}},{"@type":"Person","@id":"https:\/\/parisconcarlo.com\/es\/#\/schema\/person\/50c9697865d01ff2d6201f18aced1111","name":"Carlo Galici","image":{"@type":"ImageObject","inLanguage":"es","@id":"https:\/\/parisconcarlo.com\/es\/#\/schema\/person\/image\/","url":"https:\/\/secure.gravatar.com\/avatar\/06ec8e24b85ce32c8ceb183bc6c1b1ebff541395ffd1a8389c806e4b78969839?s=96&d=mm&r=g","contentUrl":"https:\/\/secure.gravatar.com\/avatar\/06ec8e24b85ce32c8ceb183bc6c1b1ebff541395ffd1a8389c806e4b78969839?s=96&d=mm&r=g","caption":"Carlo Galici"},"url":"https:\/\/parisconcarlo.com\/es\/author\/carlogalici\/"}]}},"taxonomy_info":{"category":[{"value":15,"label":"Qu\u00e9 ver en Par\u00eds"}]},"featured_image_src_large":["https:\/\/parisconcarlo.com\/es\/wp-content\/uploads\/sites\/4\/2023\/01\/Jardines-de-Luxemburgo-paris.webp",900,605,false],"author_info":{"display_name":"Carlo Galici","author_link":"https:\/\/parisconcarlo.com\/es\/author\/carlogalici\/"},"comment_info":"","category_info":[{"term_id":15,"name":"Qu\u00e9 ver en Par\u00eds","slug":"que-ver-en-paris","term_group":0,"term_taxonomy_id":15,"taxonomy":"category","description":"","parent":0,"count":60,"filter":"raw","cat_ID":15,"category_count":60,"category_description":"","cat_name":"Qu\u00e9 ver en Par\u00eds","category_nicename":"que-ver-en-paris","category_parent":0}],"tag_info":false,"_links":{"self":[{"href":"https:\/\/parisconcarlo.com\/es\/wp-json\/wp\/v2\/posts\/79","targetHints":{"allow":["GET"]}}],"collection":[{"href":"https:\/\/parisconcarlo.com\/es\/wp-json\/wp\/v2\/posts"}],"about":[{"href":"https:\/\/parisconcarlo.com\/es\/wp-json\/wp\/v2\/types\/post"}],"author":[{"embeddable":true,"href":"https:\/\/parisconcarlo.com\/es\/wp-json\/wp\/v2\/users\/4"}],"replies":[{"embeddable":true,"href":"https:\/\/parisconcarlo.com\/es\/wp-json\/wp\/v2\/comments?post=79"}],"version-history":[{"count":0,"href":"https:\/\/parisconcarlo.com\/es\/wp-json\/wp\/v2\/posts\/79\/revisions"}],"wp:featuredmedia":[{"embeddable":true,"href":"https:\/\/parisconcarlo.com\/es\/wp-json\/wp\/v2\/media\/1184"}],"wp:attachment":[{"href":"https:\/\/parisconcarlo.com\/es\/wp-json\/wp\/v2\/media?parent=79"}],"wp:term":[{"taxonomy":"category","embeddable":true,"href":"https:\/\/parisconcarlo.com\/es\/wp-json\/wp\/v2\/categories?post=79"},{"taxonomy":"post_tag","embeddable":true,"href":"https:\/\/parisconcarlo.com\/es\/wp-json\/wp\/v2\/tags?post=79"}],"curies":[{"name":"wp","href":"https:\/\/api.w.org\/{rel}","templated":true}]}}