{"id":77,"date":"2022-10-27T12:20:20","date_gmt":"2022-10-27T10:20:20","guid":{"rendered":"https:\/\/parisconcarlo.com\/es\/?page_id=77"},"modified":"2024-04-15T17:20:52","modified_gmt":"2024-04-15T15:20:52","slug":"forum-des-halles","status":"publish","type":"post","link":"https:\/\/parisconcarlo.com\/es\/forum-des-halles\/","title":{"rendered":"Forum des Halles: qu\u00e9 es y por qu\u00e9 visitarlo"},"content":{"rendered":"\n<p><strong>Westfield Fourm des Halles<\/strong>, est\u00e1 ubicado en el centro de Par\u00eds en el distrito 1, cerca de las principales atracciones como el <a href=\"https:\/\/parisconcarlo.com\/es\/museo-del-louvre\/\"><strong>Louvre<\/strong><\/a> y el <a href=\"https:\/\/parisconcarlo.com\/es\/centro-nacional-de-arte-y-cultura-georges-pompidou\/\">Centro Pompidou<\/a>. El centro comercial es un lugar agradable para pasear, especialmente cuando hace mal tiempo.<\/p>\n\n\n\n<p>Una cubierta de vidrio en forma de arco protege a los visitantes de la lluvia o la nieve, lo que les permite hacer compras con comodidad.<\/p>\n\n\n\n<p>Una <strong>combinaci\u00f3n de un parque, un centro comercial subterr\u00e1neo y una enorme estaci\u00f3n de metro<\/strong>, el Forum des Halles est\u00e1 ubicado en la tierra que durante siglos fue el hogar del mercado central de Par\u00eds.<\/p>\n\n\n<style>.kb-table-of-content-nav.kb-table-of-content-id_2f54b1-3c .kb-table-of-content-wrap{padding-top:var(--global-kb-spacing-sm, 1.5rem);padding-right:var(--global-kb-spacing-sm, 1.5rem);padding-bottom:var(--global-kb-spacing-sm, 1.5rem);padding-left:var(--global-kb-spacing-sm, 1.5rem);background-color:#f2d115;}.kb-table-of-content-nav.kb-table-of-content-id_2f54b1-3c .kb-table-of-contents-title-wrap{padding-top:0px;padding-right:0px;padding-bottom:0px;padding-left:0px;}.kb-table-of-content-nav.kb-table-of-content-id_2f54b1-3c .kb-table-of-contents-title{font-weight:regular;font-style:normal;}.kb-table-of-content-nav.kb-table-of-content-id_2f54b1-3c .kb-table-of-content-wrap .kb-table-of-content-list{font-weight:regular;font-style:normal;margin-top:var(--global-kb-spacing-sm, 1.5rem);margin-right:0px;margin-bottom:0px;margin-left:0px;}.kb-table-of-content-nav.kb-table-of-content-id_2f54b1-3c .kb-toggle-icon-style-basiccircle .kb-table-of-contents-icon-trigger:after, .kb-table-of-content-nav.kb-table-of-content-id_2f54b1-3c .kb-toggle-icon-style-basiccircle .kb-table-of-contents-icon-trigger:before, .kb-table-of-content-nav.kb-table-of-content-id_2f54b1-3c .kb-toggle-icon-style-arrowcircle .kb-table-of-contents-icon-trigger:after, .kb-table-of-content-nav.kb-table-of-content-id_2f54b1-3c .kb-toggle-icon-style-arrowcircle .kb-table-of-contents-icon-trigger:before, .kb-table-of-content-nav.kb-table-of-content-id_2f54b1-3c .kb-toggle-icon-style-xclosecircle .kb-table-of-contents-icon-trigger:after, .kb-table-of-content-nav.kb-table-of-content-id_2f54b1-3c .kb-toggle-icon-style-xclosecircle .kb-table-of-contents-icon-trigger:before{background-color:#f2d115;}<\/style>\n\n\n<h2 class=\"wp-block-heading\">El Forum des Halles en el pasado: el mercado<\/h2>\n\n\n\n<p>Durante 800 a\u00f1os, la zona conocida como Les Halles <strong>fue un lugar de encuentro para todos los parisinos<\/strong>. Desde aproximadamente 1200 hasta 1500, se pod\u00eda comprar cualquier cosa en este mercado. <\/p>\n\n\n\n<p>Posteriormente, la comida se apoder\u00f3 de todos los dem\u00e1s g\u00e9neros. <strong>El escritor Emile Zola lo llam\u00f3 el vientre de Par\u00eds<\/strong>.<\/p>\n\n\n\n<p>A medida que la ciudad crec\u00eda, <strong>el mercado se convirti\u00f3 en un problema log\u00edstico<\/strong> tanto para los peatones como para los autom\u00f3viles. A fines de la d\u00e9cada de 1960, se decidi\u00f3 trasladar el mercado a un \u00e1rea suburbana conocida como Rungis, cerca del <a href=\"https:\/\/parisconcarlo.com\/es\/aeropuerto-orly-paris\/\">aeropuerto de Orly<\/a>.<\/p>\n\n\n\n<h2 class=\"wp-block-heading\">El forum<\/h2>\n\n\n\n<p>Con el mercado, el problema de la congesti\u00f3n tambi\u00e9n desapareci\u00f3, pero <strong>los parisinos se sorprendieron por lo que qued\u00f3<\/strong>, no es casualidad que en este per\u00edodo el \u00e1rea haya sido apodada \u00able trou des Halles\u00bb, <strong>literalmente el agujero de los Halles<\/strong>.<\/p>\n\n\n\n<p>En 1979 la ciudad decidi\u00f3 \u00abllenar\u00bb este hueco. El pol\u00e9mico proyecto del F\u00f3rum, que vio la luz en 1986, fue realizado por el arquitecto franc\u00e9s Claude Visconi -quien dise\u00f1\u00f3 la zona subterr\u00e1nea- y por Jean Willerval, responsable del proyecto de la zona emergida.<\/p>\n\n\n\n<h2 class=\"wp-block-heading\">El Forum des Halles hoy: por qu\u00e9 visitarlo<\/h2>\n\n\n\n<p>A lo que se enfrentan los visitantes ahora es a un <strong>hermoso parque a pie de calle<\/strong>, mientras que en la zona subterr\u00e1nea hay un centro comercial (el <strong>Westfield Forum des Halles<\/strong>) con tiendas, restaurantes, discotecas, museos, cines y a\u00fan m\u00e1s abajo, la <strong>estaci\u00f3n de metro m\u00e1s grande del mundo.<\/strong><\/p>\n\n\n\n<p>Con el tiempo, la zona ha entrado en decadencia y muchas tiendas han abandonado el centro comercial. En 2007, se eligi\u00f3 un proyecto de los arquitectos Patrick Berger y Jacques Anziutti para una revisi\u00f3n completa del foro. El proyecto, conocido como La Vela, consiste en un espacio verde adyacente a una cortina transparente que cubre las entradas del metro.<\/p>\n\n\n\n<h2 class=\"wp-block-heading\">Informaci\u00f3n pr\u00e1ctica<\/h2>\n\n\n\n<h3 class=\"wp-block-heading\">D\u00f3nde est\u00e1 y c\u00f3mo llegar<\/h3>\n\n\n\n<p>Porte Berger, 75001 Par\u00eds, Francia.<\/p>\n\n\n\n<p>Para llegar en metro: l\u00ednea M1 estaci\u00f3n Chatelet, l\u00ednea M4 estaci\u00f3n Les Halles.<\/p>\n\n\n\n<p>RER A, B, D, estaci\u00f3n Chatelet-Les Halles<\/p>\n\n\n\n<h3 class=\"wp-block-heading\">Horarios<\/h3>\n\n\n\n<p>El Foro est\u00e1 abierto de lunes a s\u00e1bado de 10 a 20:30 y los domingos de 11 a 19. Los restaurantes y cines est\u00e1n abiertos todos los d\u00edas en diferentes horarios.<\/p>\n\n\n\n<h3 class=\"wp-block-heading\">Sitio oficial<\/h3>\n\n\n\n<p>www.forumdeshalles.com<\/p>\n\n\n\n<h2 class=\"wp-block-heading\">Mapa: qu\u00e9 ver cerca<\/h2>\n\n\n\n","protected":false},"excerpt":{"rendered":"<p>Westfield Fourm des Halles, est\u00e1 ubicado en el centro de Par\u00eds en el distrito 1, cerca de las principales atracciones como el Louvre y el Centro Pompidou. El centro comercial es un lugar agradable para pasear, especialmente cuando hace mal tiempo. Una cubierta de vidrio en forma de arco protege a los visitantes de la&#8230;<\/p>\n","protected":false},"author":4,"featured_media":1142,"comment_status":"open","ping_status":"closed","sticky":false,"template":"","format":"standard","meta":{"_kad_blocks_custom_css":"","_kad_blocks_head_custom_js":"","_kad_blocks_body_custom_js":"","_kad_blocks_footer_custom_js":"","_kad_post_transparent":"","_kad_post_title":"","_kad_post_layout":"","_kad_post_sidebar_id":"","_kad_post_content_style":"","_kad_post_vertical_padding":"","_kad_post_feature":"","_kad_post_feature_position":"","_kad_post_header":false,"_kad_post_footer":false,"_kad_post_classname":"","footnotes":""},"categories":[15],"tags":[],"class_list":["post-77","post","type-post","status-publish","format-standard","has-post-thumbnail","hentry","category-que-ver-en-paris"],"yoast_head":"<!-- This site is optimized with the Yoast SEO plugin v27.1.1 - https:\/\/yoast.com\/product\/yoast-seo-wordpress\/ -->\n<title>Forum des Halles Westfield: qu\u00e9 es y por qu\u00e9 visitarlo<\/title>\n<meta name=\"description\" content=\"Forum des Halles: gu\u00eda sobre qu\u00e9 ver en este centro comercial, parque y breve historia del antiguo mercado de Par\u00eds.\" \/>\n<meta name=\"robots\" content=\"index, follow, max-snippet:-1, max-image-preview:large, max-video-preview:-1\" \/>\n<link rel=\"canonical\" href=\"https:\/\/parisconcarlo.com\/es\/forum-des-halles\/\" \/>\n<meta property=\"og:locale\" content=\"es_ES\" \/>\n<meta property=\"og:type\" content=\"article\" \/>\n<meta property=\"og:title\" content=\"Forum des Halles Westfield: qu\u00e9 es y por qu\u00e9 visitarlo\" \/>\n<meta property=\"og:description\" content=\"Forum des Halles: gu\u00eda sobre qu\u00e9 ver en este centro comercial, parque y breve historia del antiguo mercado de Par\u00eds.\" \/>\n<meta property=\"og:url\" content=\"https:\/\/parisconcarlo.com\/es\/forum-des-halles\/\" \/>\n<meta property=\"og:site_name\" content=\"Paris con Carlo\" \/>\n<meta property=\"article:published_time\" content=\"2022-10-27T10:20:20+00:00\" \/>\n<meta property=\"article:modified_time\" content=\"2024-04-15T15:20:52+00:00\" \/>\n<meta property=\"og:image\" content=\"https:\/\/parisconcarlo.com\/es\/wp-content\/uploads\/sites\/4\/2022\/10\/logo-viajes-a-paris.jpeg\" \/>\n\t<meta property=\"og:image:width\" content=\"623\" \/>\n\t<meta property=\"og:image:height\" content=\"188\" \/>\n\t<meta property=\"og:image:type\" content=\"image\/jpeg\" \/>\n<meta name=\"author\" content=\"Carlo Galici\" \/>\n<meta name=\"twitter:card\" content=\"summary_large_image\" \/>\n<meta name=\"twitter:image\" content=\"https:\/\/parisconcarlo.com\/es\/wp-content\/uploads\/sites\/4\/2022\/10\/logo-viajes-a-paris.jpeg\" \/>\n<meta name=\"twitter:label1\" content=\"Escrito por\" \/>\n\t<meta name=\"twitter:data1\" content=\"Carlo Galici\" \/>\n\t<meta name=\"twitter:label2\" content=\"Tiempo de lectura\" \/>\n\t<meta name=\"twitter:data2\" content=\"7 minutos\" \/>\n<script type=\"application\/ld+json\" class=\"yoast-schema-graph\">{\"@context\":\"https:\/\/schema.org\",\"@graph\":[{\"@type\":\"Article\",\"@id\":\"https:\/\/parisconcarlo.com\/es\/forum-des-halles\/#article\",\"isPartOf\":{\"@id\":\"https:\/\/parisconcarlo.com\/es\/forum-des-halles\/\"},\"author\":{\"name\":\"Carlo Galici\",\"@id\":\"https:\/\/parisconcarlo.com\/es\/#\/schema\/person\/50c9697865d01ff2d6201f18aced1111\"},\"headline\":\"Forum des Halles: qu\u00e9 es y por qu\u00e9 visitarlo\",\"datePublished\":\"2022-10-27T10:20:20+00:00\",\"dateModified\":\"2024-04-15T15:20:52+00:00\",\"mainEntityOfPage\":{\"@id\":\"https:\/\/parisconcarlo.com\/es\/forum-des-halles\/\"},\"wordCount\":520,\"commentCount\":0,\"publisher\":{\"@id\":\"https:\/\/parisconcarlo.com\/es\/#organization\"},\"image\":{\"@id\":\"https:\/\/parisconcarlo.com\/es\/forum-des-halles\/#primaryimage\"},\"thumbnailUrl\":\"https:\/\/parisconcarlo.com\/es\/wp-content\/uploads\/sites\/4\/2023\/01\/Forum-des-Halles-paris.webp\",\"articleSection\":[\"Qu\u00e9 ver en Par\u00eds\"],\"inLanguage\":\"es\"},{\"@type\":\"WebPage\",\"@id\":\"https:\/\/parisconcarlo.com\/es\/forum-des-halles\/\",\"url\":\"https:\/\/parisconcarlo.com\/es\/forum-des-halles\/\",\"name\":\"Forum des Halles Westfield: qu\u00e9 es y por qu\u00e9 visitarlo\",\"isPartOf\":{\"@id\":\"https:\/\/parisconcarlo.com\/es\/#website\"},\"primaryImageOfPage\":{\"@id\":\"https:\/\/parisconcarlo.com\/es\/forum-des-halles\/#primaryimage\"},\"image\":{\"@id\":\"https:\/\/parisconcarlo.com\/es\/forum-des-halles\/#primaryimage\"},\"thumbnailUrl\":\"https:\/\/parisconcarlo.com\/es\/wp-content\/uploads\/sites\/4\/2023\/01\/Forum-des-Halles-paris.webp\",\"datePublished\":\"2022-10-27T10:20:20+00:00\",\"dateModified\":\"2024-04-15T15:20:52+00:00\",\"description\":\"Forum des Halles: gu\u00eda sobre qu\u00e9 ver en este centro comercial, parque y breve historia del antiguo mercado de Par\u00eds.\",\"breadcrumb\":{\"@id\":\"https:\/\/parisconcarlo.com\/es\/forum-des-halles\/#breadcrumb\"},\"inLanguage\":\"es\",\"potentialAction\":[{\"@type\":\"ReadAction\",\"target\":[\"https:\/\/parisconcarlo.com\/es\/forum-des-halles\/\"]}]},{\"@type\":\"ImageObject\",\"inLanguage\":\"es\",\"@id\":\"https:\/\/parisconcarlo.com\/es\/forum-des-halles\/#primaryimage\",\"url\":\"https:\/\/parisconcarlo.com\/es\/wp-content\/uploads\/sites\/4\/2023\/01\/Forum-des-Halles-paris.webp\",\"contentUrl\":\"https:\/\/parisconcarlo.com\/es\/wp-content\/uploads\/sites\/4\/2023\/01\/Forum-des-Halles-paris.webp\",\"width\":900,\"height\":600,\"caption\":\"Forum des Halles, Par\u00eds\"},{\"@type\":\"BreadcrumbList\",\"@id\":\"https:\/\/parisconcarlo.com\/es\/forum-des-halles\/#breadcrumb\",\"itemListElement\":[{\"@type\":\"ListItem\",\"position\":1,\"name\":\"Home\",\"item\":\"https:\/\/parisconcarlo.com\/es\/\"},{\"@type\":\"ListItem\",\"position\":2,\"name\":\"Qu\u00e9 ver en Par\u00eds\",\"item\":\"https:\/\/parisconcarlo.com\/es\/que-ver-en-paris\/\"},{\"@type\":\"ListItem\",\"position\":3,\"name\":\"Forum des Halles: qu\u00e9 es y por qu\u00e9 visitarlo\"}]},{\"@type\":\"WebSite\",\"@id\":\"https:\/\/parisconcarlo.com\/es\/#website\",\"url\":\"https:\/\/parisconcarlo.com\/es\/\",\"name\":\"Paris con Carlo\",\"description\":\"\",\"publisher\":{\"@id\":\"https:\/\/parisconcarlo.com\/es\/#organization\"},\"potentialAction\":[{\"@type\":\"SearchAction\",\"target\":{\"@type\":\"EntryPoint\",\"urlTemplate\":\"https:\/\/parisconcarlo.com\/es\/?s={search_term_string}\"},\"query-input\":{\"@type\":\"PropertyValueSpecification\",\"valueRequired\":true,\"valueName\":\"search_term_string\"}}],\"inLanguage\":\"es\"},{\"@type\":\"Organization\",\"@id\":\"https:\/\/parisconcarlo.com\/es\/#organization\",\"name\":\"Paris con Carlo\",\"url\":\"https:\/\/parisconcarlo.com\/es\/\",\"logo\":{\"@type\":\"ImageObject\",\"inLanguage\":\"es\",\"@id\":\"https:\/\/parisconcarlo.com\/es\/#\/schema\/logo\/image\/\",\"url\":\"https:\/\/parisconcarlo.com\/es\/wp-content\/uploads\/sites\/4\/2024\/03\/logo-parisconcarlo-horizontal-live-3.jpg\",\"contentUrl\":\"https:\/\/parisconcarlo.com\/es\/wp-content\/uploads\/sites\/4\/2024\/03\/logo-parisconcarlo-horizontal-live-3.jpg\",\"width\":700,\"height\":214,\"caption\":\"Paris con Carlo\"},\"image\":{\"@id\":\"https:\/\/parisconcarlo.com\/es\/#\/schema\/logo\/image\/\"}},{\"@type\":\"Person\",\"@id\":\"https:\/\/parisconcarlo.com\/es\/#\/schema\/person\/50c9697865d01ff2d6201f18aced1111\",\"name\":\"Carlo Galici\",\"image\":{\"@type\":\"ImageObject\",\"inLanguage\":\"es\",\"@id\":\"https:\/\/parisconcarlo.com\/es\/#\/schema\/person\/image\/\",\"url\":\"https:\/\/secure.gravatar.com\/avatar\/06ec8e24b85ce32c8ceb183bc6c1b1ebff541395ffd1a8389c806e4b78969839?s=96&d=mm&r=g\",\"contentUrl\":\"https:\/\/secure.gravatar.com\/avatar\/06ec8e24b85ce32c8ceb183bc6c1b1ebff541395ffd1a8389c806e4b78969839?s=96&d=mm&r=g\",\"caption\":\"Carlo Galici\"},\"url\":\"https:\/\/parisconcarlo.com\/es\/author\/carlogalici\/\"}]}<\/script>\n<!-- \/ Yoast SEO plugin. -->","yoast_head_json":{"title":"Forum des Halles Westfield: qu\u00e9 es y por qu\u00e9 visitarlo","description":"Forum des Halles: gu\u00eda sobre qu\u00e9 ver en este centro comercial, parque y breve historia del antiguo mercado de Par\u00eds.","robots":{"index":"index","follow":"follow","max-snippet":"max-snippet:-1","max-image-preview":"max-image-preview:large","max-video-preview":"max-video-preview:-1"},"canonical":"https:\/\/parisconcarlo.com\/es\/forum-des-halles\/","og_locale":"es_ES","og_type":"article","og_title":"Forum des Halles Westfield: qu\u00e9 es y por qu\u00e9 visitarlo","og_description":"Forum des Halles: gu\u00eda sobre qu\u00e9 ver en este centro comercial, parque y breve historia del antiguo mercado de Par\u00eds.","og_url":"https:\/\/parisconcarlo.com\/es\/forum-des-halles\/","og_site_name":"Paris con Carlo","article_published_time":"2022-10-27T10:20:20+00:00","article_modified_time":"2024-04-15T15:20:52+00:00","og_image":[{"width":623,"height":188,"url":"https:\/\/parisconcarlo.com\/es\/wp-content\/uploads\/sites\/4\/2022\/10\/logo-viajes-a-paris.jpeg","type":"image\/jpeg"}],"author":"Carlo Galici","twitter_card":"summary_large_image","twitter_image":"https:\/\/parisconcarlo.com\/es\/wp-content\/uploads\/sites\/4\/2022\/10\/logo-viajes-a-paris.jpeg","twitter_misc":{"Escrito por":"Carlo Galici","Tiempo de lectura":"7 minutos"},"schema":{"@context":"https:\/\/schema.org","@graph":[{"@type":"Article","@id":"https:\/\/parisconcarlo.com\/es\/forum-des-halles\/#article","isPartOf":{"@id":"https:\/\/parisconcarlo.com\/es\/forum-des-halles\/"},"author":{"name":"Carlo Galici","@id":"https:\/\/parisconcarlo.com\/es\/#\/schema\/person\/50c9697865d01ff2d6201f18aced1111"},"headline":"Forum des Halles: qu\u00e9 es y por qu\u00e9 visitarlo","datePublished":"2022-10-27T10:20:20+00:00","dateModified":"2024-04-15T15:20:52+00:00","mainEntityOfPage":{"@id":"https:\/\/parisconcarlo.com\/es\/forum-des-halles\/"},"wordCount":520,"commentCount":0,"publisher":{"@id":"https:\/\/parisconcarlo.com\/es\/#organization"},"image":{"@id":"https:\/\/parisconcarlo.com\/es\/forum-des-halles\/#primaryimage"},"thumbnailUrl":"https:\/\/parisconcarlo.com\/es\/wp-content\/uploads\/sites\/4\/2023\/01\/Forum-des-Halles-paris.webp","articleSection":["Qu\u00e9 ver en Par\u00eds"],"inLanguage":"es"},{"@type":"WebPage","@id":"https:\/\/parisconcarlo.com\/es\/forum-des-halles\/","url":"https:\/\/parisconcarlo.com\/es\/forum-des-halles\/","name":"Forum des Halles Westfield: qu\u00e9 es y por qu\u00e9 visitarlo","isPartOf":{"@id":"https:\/\/parisconcarlo.com\/es\/#website"},"primaryImageOfPage":{"@id":"https:\/\/parisconcarlo.com\/es\/forum-des-halles\/#primaryimage"},"image":{"@id":"https:\/\/parisconcarlo.com\/es\/forum-des-halles\/#primaryimage"},"thumbnailUrl":"https:\/\/parisconcarlo.com\/es\/wp-content\/uploads\/sites\/4\/2023\/01\/Forum-des-Halles-paris.webp","datePublished":"2022-10-27T10:20:20+00:00","dateModified":"2024-04-15T15:20:52+00:00","description":"Forum des Halles: gu\u00eda sobre qu\u00e9 ver en este centro comercial, parque y breve historia del antiguo mercado de Par\u00eds.","breadcrumb":{"@id":"https:\/\/parisconcarlo.com\/es\/forum-des-halles\/#breadcrumb"},"inLanguage":"es","potentialAction":[{"@type":"ReadAction","target":["https:\/\/parisconcarlo.com\/es\/forum-des-halles\/"]}]},{"@type":"ImageObject","inLanguage":"es","@id":"https:\/\/parisconcarlo.com\/es\/forum-des-halles\/#primaryimage","url":"https:\/\/parisconcarlo.com\/es\/wp-content\/uploads\/sites\/4\/2023\/01\/Forum-des-Halles-paris.webp","contentUrl":"https:\/\/parisconcarlo.com\/es\/wp-content\/uploads\/sites\/4\/2023\/01\/Forum-des-Halles-paris.webp","width":900,"height":600,"caption":"Forum des Halles, Par\u00eds"},{"@type":"BreadcrumbList","@id":"https:\/\/parisconcarlo.com\/es\/forum-des-halles\/#breadcrumb","itemListElement":[{"@type":"ListItem","position":1,"name":"Home","item":"https:\/\/parisconcarlo.com\/es\/"},{"@type":"ListItem","position":2,"name":"Qu\u00e9 ver en Par\u00eds","item":"https:\/\/parisconcarlo.com\/es\/que-ver-en-paris\/"},{"@type":"ListItem","position":3,"name":"Forum des Halles: qu\u00e9 es y por qu\u00e9 visitarlo"}]},{"@type":"WebSite","@id":"https:\/\/parisconcarlo.com\/es\/#website","url":"https:\/\/parisconcarlo.com\/es\/","name":"Paris con Carlo","description":"","publisher":{"@id":"https:\/\/parisconcarlo.com\/es\/#organization"},"potentialAction":[{"@type":"SearchAction","target":{"@type":"EntryPoint","urlTemplate":"https:\/\/parisconcarlo.com\/es\/?s={search_term_string}"},"query-input":{"@type":"PropertyValueSpecification","valueRequired":true,"valueName":"search_term_string"}}],"inLanguage":"es"},{"@type":"Organization","@id":"https:\/\/parisconcarlo.com\/es\/#organization","name":"Paris con Carlo","url":"https:\/\/parisconcarlo.com\/es\/","logo":{"@type":"ImageObject","inLanguage":"es","@id":"https:\/\/parisconcarlo.com\/es\/#\/schema\/logo\/image\/","url":"https:\/\/parisconcarlo.com\/es\/wp-content\/uploads\/sites\/4\/2024\/03\/logo-parisconcarlo-horizontal-live-3.jpg","contentUrl":"https:\/\/parisconcarlo.com\/es\/wp-content\/uploads\/sites\/4\/2024\/03\/logo-parisconcarlo-horizontal-live-3.jpg","width":700,"height":214,"caption":"Paris con Carlo"},"image":{"@id":"https:\/\/parisconcarlo.com\/es\/#\/schema\/logo\/image\/"}},{"@type":"Person","@id":"https:\/\/parisconcarlo.com\/es\/#\/schema\/person\/50c9697865d01ff2d6201f18aced1111","name":"Carlo Galici","image":{"@type":"ImageObject","inLanguage":"es","@id":"https:\/\/parisconcarlo.com\/es\/#\/schema\/person\/image\/","url":"https:\/\/secure.gravatar.com\/avatar\/06ec8e24b85ce32c8ceb183bc6c1b1ebff541395ffd1a8389c806e4b78969839?s=96&d=mm&r=g","contentUrl":"https:\/\/secure.gravatar.com\/avatar\/06ec8e24b85ce32c8ceb183bc6c1b1ebff541395ffd1a8389c806e4b78969839?s=96&d=mm&r=g","caption":"Carlo Galici"},"url":"https:\/\/parisconcarlo.com\/es\/author\/carlogalici\/"}]}},"taxonomy_info":{"category":[{"value":15,"label":"Qu\u00e9 ver en Par\u00eds"}]},"featured_image_src_large":["https:\/\/parisconcarlo.com\/es\/wp-content\/uploads\/sites\/4\/2023\/01\/Forum-des-Halles-paris.webp",900,600,false],"author_info":{"display_name":"Carlo Galici","author_link":"https:\/\/parisconcarlo.com\/es\/author\/carlogalici\/"},"comment_info":"","category_info":[{"term_id":15,"name":"Qu\u00e9 ver en Par\u00eds","slug":"que-ver-en-paris","term_group":0,"term_taxonomy_id":15,"taxonomy":"category","description":"","parent":0,"count":60,"filter":"raw","cat_ID":15,"category_count":60,"category_description":"","cat_name":"Qu\u00e9 ver en Par\u00eds","category_nicename":"que-ver-en-paris","category_parent":0}],"tag_info":false,"_links":{"self":[{"href":"https:\/\/parisconcarlo.com\/es\/wp-json\/wp\/v2\/posts\/77","targetHints":{"allow":["GET"]}}],"collection":[{"href":"https:\/\/parisconcarlo.com\/es\/wp-json\/wp\/v2\/posts"}],"about":[{"href":"https:\/\/parisconcarlo.com\/es\/wp-json\/wp\/v2\/types\/post"}],"author":[{"embeddable":true,"href":"https:\/\/parisconcarlo.com\/es\/wp-json\/wp\/v2\/users\/4"}],"replies":[{"embeddable":true,"href":"https:\/\/parisconcarlo.com\/es\/wp-json\/wp\/v2\/comments?post=77"}],"version-history":[{"count":0,"href":"https:\/\/parisconcarlo.com\/es\/wp-json\/wp\/v2\/posts\/77\/revisions"}],"wp:featuredmedia":[{"embeddable":true,"href":"https:\/\/parisconcarlo.com\/es\/wp-json\/wp\/v2\/media\/1142"}],"wp:attachment":[{"href":"https:\/\/parisconcarlo.com\/es\/wp-json\/wp\/v2\/media?parent=77"}],"wp:term":[{"taxonomy":"category","embeddable":true,"href":"https:\/\/parisconcarlo.com\/es\/wp-json\/wp\/v2\/categories?post=77"},{"taxonomy":"post_tag","embeddable":true,"href":"https:\/\/parisconcarlo.com\/es\/wp-json\/wp\/v2\/tags?post=77"}],"curies":[{"name":"wp","href":"https:\/\/api.w.org\/{rel}","templated":true}]}}