{"id":2110,"date":"2023-04-17T16:28:46","date_gmt":"2023-04-17T14:28:46","guid":{"rendered":"https:\/\/parisconcarlo.com\/es\/?page_id=2110"},"modified":"2024-04-15T17:20:42","modified_gmt":"2024-04-15T15:20:42","slug":"los-15-museos-de-paris-imperdibles","status":"publish","type":"post","link":"https:\/\/parisconcarlo.com\/es\/los-15-museos-de-paris-imperdibles\/","title":{"rendered":"Los 15 museos de Par\u00eds imperdibles"},"content":{"rendered":"\n<p>Par\u00eds es una ciudad f\u00e1cil de amar, por su ambiente incomparable y por las <a href=\"https:\/\/parisconcarlo.com\/es\/que-ver-en-paris\/\">muchas atracciones<\/a> que ofrece.<\/p>\n\n\n\n<p>\u00a1Entre estos, los museos merecen un lugar de honor!<\/p>\n\n\n\n<p>Por eso quiero hablarte de los <strong>15 museos m\u00e1s bonitos de Par\u00eds<\/strong>.<\/p>\n\n\n<style>.kb-row-layout-id2110_40e1d9-3b > .kt-row-column-wrap{align-content:start;}:where(.kb-row-layout-id2110_40e1d9-3b > .kt-row-column-wrap) > .wp-block-kadence-column{justify-content:start;}.kb-row-layout-id2110_40e1d9-3b > .kt-row-column-wrap{column-gap:var(--global-kb-gap-md, 2rem);row-gap:var(--global-kb-gap-md, 2rem);max-width:var( --global-content-width, 1200px );padding-left:var(--global-content-edge-padding);padding-right:var(--global-content-edge-padding);padding-top:var(--global-kb-spacing-md, 2rem);padding-bottom:var(--global-kb-spacing-3xl, 6.5rem);grid-template-columns:minmax(0, 1fr);}.kb-row-layout-id2110_40e1d9-3b > .kt-row-layout-overlay{opacity:0.30;}.kb-row-layout-id2110_40e1d9-3b .kt-row-layout-bottom-sep{height:100px;}.kb-row-layout-id2110_40e1d9-3b .kt-row-layout-bottom-sep svg{width:100%;}.kb-row-layout-id2110_40e1d9-3b .kt-row-layout-bottom-sep svg{fill:#ffffff!important;}.kb-row-layout-id2110_40e1d9-3b .kt-row-layout-top-sep{height:100px;}.kb-row-layout-id2110_40e1d9-3b .kt-row-layout-top-sep svg{width:100%;}.kb-row-layout-id2110_40e1d9-3b .kt-row-layout-top-sep svg{fill:#ffffff!important;}@media all and (max-width: 1024px){.kb-row-layout-id2110_40e1d9-3b > .kt-row-column-wrap{grid-template-columns:minmax(0, 1fr);}}@media all and (max-width: 1024px){.kb-row-layout-id2110_40e1d9-3b .kt-row-layout-bottom-sep{height:px;}}@media all and (max-width: 1024px){.kb-row-layout-id2110_40e1d9-3b .kt-row-layout-bottom-sep svg{width:%;}}@media all and (max-width: 767px){.kb-row-layout-id2110_40e1d9-3b > .kt-row-column-wrap{grid-template-columns:minmax(0, 1fr);}.kb-row-layout-id2110_40e1d9-3b .kt-row-layout-bottom-sep{height:px;}.kb-row-layout-id2110_40e1d9-3b .kt-row-layout-bottom-sep svg{width:%;}}<\/style><div class=\"kb-row-layout-wrap kb-row-layout-id2110_40e1d9-3b alignfull has-theme-palette9-background-color kt-row-has-bg wp-block-kadence-rowlayout\"><div class=\"kt-row-column-wrap kt-has-1-columns kt-row-layout-equal kt-tab-layout-inherit kt-mobile-layout-row kt-row-valign-top kb-theme-content-width\">\n<style>.kadence-column2110_21095c-b5 > .kt-inside-inner-col,.kadence-column2110_21095c-b5 > .kt-inside-inner-col:before{border-top-left-radius:0px;border-top-right-radius:0px;border-bottom-right-radius:0px;border-bottom-left-radius:0px;}.kadence-column2110_21095c-b5 > .kt-inside-inner-col{column-gap:var(--global-kb-gap-sm, 1rem);}.kadence-column2110_21095c-b5 > .kt-inside-inner-col{flex-direction:column;}.kadence-column2110_21095c-b5 > .kt-inside-inner-col > .aligncenter{width:100%;}.kadence-column2110_21095c-b5 > .kt-inside-inner-col:before{opacity:0.3;}.kadence-column2110_21095c-b5{position:relative;}@media all and (max-width: 1024px){.kadence-column2110_21095c-b5 > .kt-inside-inner-col{flex-direction:column;justify-content:center;}}@media all and (max-width: 767px){.kadence-column2110_21095c-b5 > .kt-inside-inner-col{flex-direction:column;justify-content:center;}}<\/style>\n<div class=\"wp-block-kadence-column kadence-column2110_21095c-b5 inner-column-1\"><div class=\"kt-inside-inner-col\"><style>.wp-block-kadence-advancedheading.kt-adv-heading2110_60a323-e0, .wp-block-kadence-advancedheading.kt-adv-heading2110_60a323-e0[data-kb-block=\"kb-adv-heading2110_60a323-e0\"]{margin-top:0px;margin-bottom:var(--global-kb-spacing-xxs, 0.5rem);text-align:center;font-size:var(--global-kb-font-size-xl, 3rem);line-height:1.2;font-style:normal;}.wp-block-kadence-advancedheading.kt-adv-heading2110_60a323-e0 mark.kt-highlight, .wp-block-kadence-advancedheading.kt-adv-heading2110_60a323-e0[data-kb-block=\"kb-adv-heading2110_60a323-e0\"] mark.kt-highlight{font-style:normal;color:#f76a0c;-webkit-box-decoration-break:clone;box-decoration-break:clone;padding-top:0px;padding-right:0px;padding-bottom:0px;padding-left:0px;}.wp-block-kadence-advancedheading.kt-adv-heading2110_60a323-e0 img.kb-inline-image, .wp-block-kadence-advancedheading.kt-adv-heading2110_60a323-e0[data-kb-block=\"kb-adv-heading2110_60a323-e0\"] img.kb-inline-image{width:150px;vertical-align:baseline;}<\/style>\n<h2 class=\"kt-adv-heading2110_60a323-e0 wp-block-kadence-advancedheading has-theme-palette-3-color has-text-color\" data-kb-block=\"kb-adv-heading2110_60a323-e0\">Preguntas m\u00e1s frecuentes sobre los museos de Par\u00eds<\/h2>\n\n\n<style>.wp-block-kadence-advancedheading.kt-adv-heading2110_731be4-ea, .wp-block-kadence-advancedheading.kt-adv-heading2110_731be4-ea[data-kb-block=\"kb-adv-heading2110_731be4-ea\"]{max-width:70%;margin-right:auto;margin-left:auto;margin-top:var(--global-kb-spacing-xxs, 0.5rem);margin-bottom:0px;text-align:center;font-style:normal;}.wp-block-kadence-advancedheading.kt-adv-heading2110_731be4-ea mark.kt-highlight, .wp-block-kadence-advancedheading.kt-adv-heading2110_731be4-ea[data-kb-block=\"kb-adv-heading2110_731be4-ea\"] mark.kt-highlight{font-style:normal;color:#f76a0c;-webkit-box-decoration-break:clone;box-decoration-break:clone;padding-top:0px;padding-right:0px;padding-bottom:0px;padding-left:0px;}.wp-block-kadence-advancedheading.kt-adv-heading2110_731be4-ea img.kb-inline-image, .wp-block-kadence-advancedheading.kt-adv-heading2110_731be4-ea[data-kb-block=\"kb-adv-heading2110_731be4-ea\"] img.kb-inline-image{width:150px;vertical-align:baseline;}@media all and (max-width: 1024px){.wp-block-kadence-advancedheading.kt-adv-heading2110_731be4-ea, .wp-block-kadence-advancedheading.kt-adv-heading2110_731be4-ea[data-kb-block=\"kb-adv-heading2110_731be4-ea\"]{max-width:85%;}}@media all and (max-width: 767px){.wp-block-kadence-advancedheading.kt-adv-heading2110_731be4-ea, .wp-block-kadence-advancedheading.kt-adv-heading2110_731be4-ea[data-kb-block=\"kb-adv-heading2110_731be4-ea\"]{max-width:100%;}}<\/style>\n<p class=\"kt-adv-heading2110_731be4-ea wp-block-kadence-advancedheading has-theme-palette-4-color has-text-color\" data-kb-block=\"kb-adv-heading2110_731be4-ea\">Antes de lanzarme a descubrir los distintos museos, responder\u00e9 aqu\u00ed a las preguntas m\u00e1s frecuentes que me hacen.<\/p>\n<\/div><\/div>\n\n\n<style>.kadence-column2110_f732be-b3 > .kt-inside-inner-col{padding-top:var(--global-kb-spacing-md, 2rem);padding-right:var(--global-kb-spacing-md, 2rem);padding-bottom:var(--global-kb-spacing-md, 2rem);padding-left:var(--global-kb-spacing-md, 2rem);}.kadence-column2110_f732be-b3 > .kt-inside-inner-col,.kadence-column2110_f732be-b3 > .kt-inside-inner-col:before{border-top-left-radius:0px;border-top-right-radius:0px;border-bottom-right-radius:0px;border-bottom-left-radius:0px;}.kadence-column2110_f732be-b3 > .kt-inside-inner-col{column-gap:var(--global-kb-gap-sm, 1rem);}.kadence-column2110_f732be-b3 > .kt-inside-inner-col{flex-direction:column;}.kadence-column2110_f732be-b3 > .kt-inside-inner-col > .aligncenter{width:100%;}.kadence-column2110_f732be-b3 > .kt-inside-inner-col{background-color:var(--global-palette8, #F7FAFC);}.kadence-column2110_f732be-b3 > .kt-inside-inner-col:before{opacity:0.3;}.kadence-column2110_f732be-b3{position:relative;}.kadence-column2110_f732be-b3, .kt-inside-inner-col > .kadence-column2110_f732be-b3:not(.specificity){margin-top:var(--global-kb-spacing-md, 2rem);}@media all and (max-width: 1024px){.kadence-column2110_f732be-b3 > .kt-inside-inner-col{flex-direction:column;justify-content:center;}}@media all and (max-width: 767px){.kadence-column2110_f732be-b3 > .kt-inside-inner-col{flex-direction:column;justify-content:center;}}<\/style>\n<div class=\"wp-block-kadence-column kadence-column2110_f732be-b3 kadence-column_c5113a-9d\"><div class=\"kt-inside-inner-col\"><style>.kt-accordion-id2110_83b2e3-14 .kt-accordion-inner-wrap{column-gap:var(--global-kb-gap-md, 2rem);row-gap:20px;}.kt-accordion-id2110_83b2e3-14 .kt-accordion-panel-inner{border-top:0px solid transparent;border-right:0px solid transparent;border-bottom:0px solid transparent;border-left:0px solid transparent;background:var(--global-palette9, #ffffff);padding-top:var(--global-kb-spacing-sm, 1.5rem);padding-right:var(--global-kb-spacing-5xl, 10rem);padding-bottom:var(--global-kb-spacing-sm, 1.5rem);padding-left:var(--global-kb-spacing-sm, 1.5rem);}.kt-accordion-id2110_83b2e3-14 > .kt-accordion-inner-wrap > .wp-block-kadence-pane > .kt-accordion-header-wrap > .kt-blocks-accordion-header{border-top-color:#eeeeee;border-top-style:solid;border-right-color:#eeeeee;border-right-style:solid;border-bottom-color:#eeeeee;border-bottom-style:solid;border-left-color:#eeeeee;border-left-style:solid;border-top-left-radius:0px;border-top-right-radius:0px;border-bottom-right-radius:0px;border-bottom-left-radius:0px;background:var(--global-palette9, #ffffff);font-size:var(--global-kb-font-size-md, 1.25rem);line-height:1.1;letter-spacing:-0.2px;font-family:var( --global-body-font-family, inherit );font-weight:500;color:var(--global-palette3, #1A202C);padding-top:var(--global-kb-spacing-sm, 1.5rem);padding-right:var(--global-kb-spacing-sm, 1.5rem);padding-bottom:var(--global-kb-spacing-sm, 1.5rem);padding-left:var(--global-kb-spacing-sm, 1.5rem);}.kt-accordion-id2110_83b2e3-14:not( .kt-accodion-icon-style-basiccircle ):not( .kt-accodion-icon-style-xclosecircle ):not( .kt-accodion-icon-style-arrowcircle )  > .kt-accordion-inner-wrap > .wp-block-kadence-pane > .kt-accordion-header-wrap .kt-blocks-accordion-icon-trigger:after, .kt-accordion-id2110_83b2e3-14:not( .kt-accodion-icon-style-basiccircle ):not( .kt-accodion-icon-style-xclosecircle ):not( .kt-accodion-icon-style-arrowcircle )  > .kt-accordion-inner-wrap > .wp-block-kadence-pane > .kt-accordion-header-wrap .kt-blocks-accordion-icon-trigger:before{background:var(--global-palette3, #1A202C);}.kt-accordion-id2110_83b2e3-14:not( .kt-accodion-icon-style-basic ):not( .kt-accodion-icon-style-xclose ):not( .kt-accodion-icon-style-arrow ) .kt-blocks-accordion-icon-trigger{background:var(--global-palette3, #1A202C);}.kt-accordion-id2110_83b2e3-14:not( .kt-accodion-icon-style-basic ):not( .kt-accodion-icon-style-xclose ):not( .kt-accodion-icon-style-arrow ) .kt-blocks-accordion-icon-trigger:after, .kt-accordion-id2110_83b2e3-14:not( .kt-accodion-icon-style-basic ):not( .kt-accodion-icon-style-xclose ):not( .kt-accodion-icon-style-arrow ) .kt-blocks-accordion-icon-trigger:before{background:var(--global-palette9, #ffffff);}.kt-accordion-id2110_83b2e3-14 > .kt-accordion-inner-wrap > .wp-block-kadence-pane > .kt-accordion-header-wrap > .kt-blocks-accordion-header:hover, \n\t\t\t\tbody:not(.hide-focus-outline) .kt-accordion-id2110_83b2e3-14 .kt-blocks-accordion-header:focus-visible{background:var(--global-palette9, #ffffff);border-top-color:#d4d4d4;border-top-style:solid;border-right-color:#d4d4d4;border-right-style:solid;border-bottom-color:#d4d4d4;border-bottom-style:solid;border-left-color:#d4d4d4;border-left-style:solid;}.kt-accordion-id2110_83b2e3-14:not( .kt-accodion-icon-style-basic ):not( .kt-accodion-icon-style-xclose ):not( .kt-accodion-icon-style-arrow ) .kt-accordion-header-wrap .kt-blocks-accordion-header:hover .kt-blocks-accordion-icon-trigger:after, .kt-accordion-id2110_83b2e3-14:not( .kt-accodion-icon-style-basic ):not( .kt-accodion-icon-style-xclose ):not( .kt-accodion-icon-style-arrow ) .kt-accordion-header-wrap .kt-blocks-accordion-header:hover .kt-blocks-accordion-icon-trigger:before, body:not(.hide-focus-outline) .kt-accordion-id2110_83b2e3-14:not( .kt-accodion-icon-style-basic ):not( .kt-accodion-icon-style-xclose ):not( .kt-accodion-icon-style-arrow ) .kt-accordion-header-wrap .kt-blocks-accordion-header:focus-visible .kt-blocks-accordion-icon-trigger:after, body:not(.hide-focus-outline) .kt-accordion-id2110_83b2e3-14:not( .kt-accodion-icon-style-basic ):not( .kt-accodion-icon-style-xclose ):not( .kt-accodion-icon-style-arrow ) .kt-accordion-header-wrap .kt-blocks-accordion-header:focus-visible .kt-blocks-accordion-icon-trigger:before{background:var(--global-palette9, #ffffff);}.kt-accordion-id2110_83b2e3-14 .kt-accordion-header-wrap .kt-blocks-accordion-header:focus-visible,\n\t\t\t\t.kt-accordion-id2110_83b2e3-14 > .kt-accordion-inner-wrap > .wp-block-kadence-pane > .kt-accordion-header-wrap > .kt-blocks-accordion-header.kt-accordion-panel-active{color:var(--global-palette1, #3182CE);background:var(--global-palette9, #ffffff);}.kt-accordion-id2110_83b2e3-14:not( .kt-accodion-icon-style-basiccircle ):not( .kt-accodion-icon-style-xclosecircle ):not( .kt-accodion-icon-style-arrowcircle )  > .kt-accordion-inner-wrap > .wp-block-kadence-pane > .kt-accordion-header-wrap > .kt-blocks-accordion-header.kt-accordion-panel-active .kt-blocks-accordion-icon-trigger:after, .kt-accordion-id2110_83b2e3-14:not( .kt-accodion-icon-style-basiccircle ):not( .kt-accodion-icon-style-xclosecircle ):not( .kt-accodion-icon-style-arrowcircle )  > .kt-accordion-inner-wrap > .wp-block-kadence-pane > .kt-accordion-header-wrap > .kt-blocks-accordion-header.kt-accordion-panel-active .kt-blocks-accordion-icon-trigger:before{background:var(--global-palette1, #3182CE);}.kt-accordion-id2110_83b2e3-14:not( .kt-accodion-icon-style-basic ):not( .kt-accodion-icon-style-xclose ):not( .kt-accodion-icon-style-arrow ) .kt-blocks-accordion-header.kt-accordion-panel-active .kt-blocks-accordion-icon-trigger{background:var(--global-palette1, #3182CE);}.kt-accordion-id2110_83b2e3-14:not( .kt-accodion-icon-style-basic ):not( .kt-accodion-icon-style-xclose ):not( .kt-accodion-icon-style-arrow ) .kt-blocks-accordion-header.kt-accordion-panel-active .kt-blocks-accordion-icon-trigger:after, .kt-accordion-id2110_83b2e3-14:not( .kt-accodion-icon-style-basic ):not( .kt-accodion-icon-style-xclose ):not( .kt-accodion-icon-style-arrow ) .kt-blocks-accordion-header.kt-accordion-panel-active .kt-blocks-accordion-icon-trigger:before{background:var(--global-palette9, #ffffff);}@media all and (max-width: 1024px){.kt-accordion-id2110_83b2e3-14 .kt-accordion-panel-inner{border-top:0px solid transparent;border-right:0px solid transparent;border-bottom:0px solid transparent;border-left:0px solid transparent;padding-right:var(--global-kb-spacing-3xl, 6.5rem);}}@media all and (max-width: 1024px){.kt-accordion-id2110_83b2e3-14 > .kt-accordion-inner-wrap > .wp-block-kadence-pane > .kt-accordion-header-wrap > .kt-blocks-accordion-header{border-top-color:#eeeeee;border-top-style:solid;border-right-color:#eeeeee;border-right-style:solid;border-bottom-color:#eeeeee;border-bottom-style:solid;border-left-color:#eeeeee;border-left-style:solid;}}@media all and (max-width: 1024px){.kt-accordion-id2110_83b2e3-14 > .kt-accordion-inner-wrap > .wp-block-kadence-pane > .kt-accordion-header-wrap > .kt-blocks-accordion-header:hover, \n\t\t\t\tbody:not(.hide-focus-outline) .kt-accordion-id2110_83b2e3-14 .kt-blocks-accordion-header:focus-visible{border-top-color:#d4d4d4;border-top-style:solid;border-right-color:#d4d4d4;border-right-style:solid;border-bottom-color:#d4d4d4;border-bottom-style:solid;border-left-color:#d4d4d4;border-left-style:solid;}}@media all and (max-width: 767px){.kt-accordion-id2110_83b2e3-14 .kt-accordion-inner-wrap{display:block;}.kt-accordion-id2110_83b2e3-14 .kt-accordion-inner-wrap .kt-accordion-pane:not(:first-child){margin-top:20px;}.kt-accordion-id2110_83b2e3-14 .kt-accordion-panel-inner{border-top:0px solid transparent;border-right:0px solid transparent;border-bottom:0px solid transparent;border-left:0px solid transparent;padding-right:var(--global-kb-spacing-sm, 1.5rem);}.kt-accordion-id2110_83b2e3-14 > .kt-accordion-inner-wrap > .wp-block-kadence-pane > .kt-accordion-header-wrap > .kt-blocks-accordion-header{border-top-color:#eeeeee;border-top-style:solid;border-right-color:#eeeeee;border-right-style:solid;border-bottom-color:#eeeeee;border-bottom-style:solid;border-left-color:#eeeeee;border-left-style:solid;}.kt-accordion-id2110_83b2e3-14 > .kt-accordion-inner-wrap > .wp-block-kadence-pane > .kt-accordion-header-wrap > .kt-blocks-accordion-header:hover, \n\t\t\t\tbody:not(.hide-focus-outline) .kt-accordion-id2110_83b2e3-14 .kt-blocks-accordion-header:focus-visible{border-top-color:#d4d4d4;border-top-style:solid;border-right-color:#d4d4d4;border-right-style:solid;border-bottom-color:#d4d4d4;border-bottom-style:solid;border-left-color:#d4d4d4;border-left-style:solid;}}<\/style>\n<div class=\"wp-block-kadence-accordion alignnone\"><div class=\"kt-accordion-wrap kt-accordion-id2110_83b2e3-14 kt-accordion-has-11-panes kt-active-pane-0 kt-accordion-block kt-pane-header-alignment-left kt-accodion-icon-style-arrow kt-accodion-icon-side-right\" style=\"max-width:none\"><div class=\"kt-accordion-inner-wrap\" data-allow-multiple-open=\"false\" data-start-open=\"none\">\n<div class=\"wp-block-kadence-pane kt-accordion-pane kt-accordion-pane-1 kt-pane2110_57d261-98\"><h3 class=\"kt-accordion-header-wrap\"><button class=\"kt-blocks-accordion-header kt-acccordion-button-label-show\"><span class=\"kt-blocks-accordion-title-wrap\"><span class=\"kt-blocks-accordion-title\">\u00bfQu\u00e9 museos vale la pena ver en Par\u00eds?<\/span><\/span><span class=\"kt-blocks-accordion-icon-trigger\"><\/span><\/button><\/h3><div class=\"kt-accordion-panel kt-accordion-panel-hidden\"><div class=\"kt-accordion-panel-inner\">\n<p>En Par\u00eds hay varios museos que merecen una visita. Entre los m\u00e1s famosos e imperdibles se encuentran:<\/p>\n\n\n\n<ul class=\"wp-block-list\">\n<li><strong>El <a href=\"https:\/\/parisconcarlo.com\/es\/museo-del-louvre\/\">Louvre<\/a><\/strong>: uno de los museos m\u00e1s grandes y famosos del mundo, alberga obras como la Mona Lisa y la Venus de Milo.<\/li>\n\n\n\n<li><strong><a href=\"https:\/\/parisconcarlo.com\/es\/museo-de-orsay\/\">Museo de Orsay<\/a><\/strong>: ubicado en una antigua estaci\u00f3n de tren, es conocido por su excepcional colecci\u00f3n de obras impresionistas.<\/li>\n\n\n\n<li><strong><a href=\"https:\/\/parisconcarlo.com\/es\/centro-nacional-de-arte-y-cultura-georges-pompidou\/\">Centro Pompidou<\/a><\/strong>: un centro de arte moderno y contempor\u00e1neo, conocido por su arquitectura de vanguardia. Adem\u00e1s, cerrar\u00e1 por reformas en 2025, por lo que conviene aprovecharlo.<\/li>\n\n\n\n<li><strong>Museo Rodin<\/strong>: dedicado a la obra de Auguste Rodin, est\u00e1 ubicado en un hermoso edificio con un encantador jard\u00edn.<\/li>\n\n\n\n<li><strong><a href=\"https:\/\/parisconcarlo.com\/es\/museo-picasso-paris\/\">Museo Picasso<\/a><\/strong>: alberga una amplia colecci\u00f3n de obras de Pablo Picasso.<\/li>\n<\/ul>\n<\/div><\/div><\/div>\n\n\n\n<div class=\"wp-block-kadence-pane kt-accordion-pane kt-accordion-pane-8 kt-pane2110_e2b383-c6\"><h3 class=\"kt-accordion-header-wrap\"><button class=\"kt-blocks-accordion-header kt-acccordion-button-label-show\"><span class=\"kt-blocks-accordion-title-wrap\"><span class=\"kt-blocks-accordion-title\">\u00bfCu\u00e1ndo son gratuitos los museos?<\/span><\/span><span class=\"kt-blocks-accordion-icon-trigger\"><\/span><\/button><\/h3><div class=\"kt-accordion-panel kt-accordion-panel-hidden\"><div class=\"kt-accordion-panel-inner\">\n<p>Muchos museos parisinos ofrecen entrada gratuita en determinadas circunstancias:<\/p>\n\n\n\n<ul class=\"wp-block-list\">\n<li><strong>Primer domingo del mes<\/strong>: muchos museos, incluidos el Museo de Orsay y el Centro Pompidou, son gratuitos el primer domingo de cada mes, principalmente de noviembre a marzo.<\/li>\n\n\n\n<li>El <strong>Louvre<\/strong> es gratuito para todos, los viernes a partir de las 18 horas (6pm), excepto en los meses de julio y agosto.<\/li>\n\n\n\n<li><strong>J\u00f3venes y estudiantes<\/strong>: algunos museos ofrecen entrada gratuita o reducida a j\u00f3venes menores de cierta edad (a menudo menores de 26 a\u00f1os para los residentes de la Uni\u00f3n Europea) y a estudiantes.<\/li>\n\n\n\n<li><strong>Eventos especiales<\/strong>: durante la Noche de los Museos y otras celebraciones culturales, muchos museos ofrecen entrada gratuita.<\/li>\n<\/ul>\n<\/div><\/div><\/div>\n\n\n\n<div class=\"wp-block-kadence-pane kt-accordion-pane kt-accordion-pane-9 kt-pane2110_4eee24-f7\"><h3 class=\"kt-accordion-header-wrap\"><button class=\"kt-blocks-accordion-header kt-acccordion-button-label-show\"><span class=\"kt-blocks-accordion-title-wrap\"><span class=\"kt-blocks-accordion-title\">\u00bfCu\u00e1l es el museo m\u00e1s importante de Par\u00eds?<\/span><\/span><span class=\"kt-blocks-accordion-icon-trigger\"><\/span><\/button><\/h3><div class=\"kt-accordion-panel kt-accordion-panel-hidden\"><div class=\"kt-accordion-panel-inner\">\n<p>El <strong>Louvre es generalmente considerado el museo m\u00e1s importante de Par\u00eds<\/strong> y uno de los m\u00e1s prestigiosos del mundo. Su colecci\u00f3n es amplia e incluye obras desde la antig\u00fcedad hasta el siglo XIX. El Louvre no s\u00f3lo es famoso por sus obras de arte, sino tambi\u00e9n por su arquitectura hist\u00f3rica, incluida la famosa pir\u00e1mide de cristal de la entrada.<\/p>\n<\/div><\/div><\/div>\n\n\n\n<div class=\"wp-block-kadence-pane kt-accordion-pane kt-accordion-pane-10 kt-pane2110_2b1283-91\"><h3 class=\"kt-accordion-header-wrap\"><button class=\"kt-blocks-accordion-header kt-acccordion-button-label-show\"><span class=\"kt-blocks-accordion-title-wrap\"><span class=\"kt-blocks-accordion-title\">\u00bfEs necesario reservar las entradas con antelaci\u00f3n?<\/span><\/span><span class=\"kt-blocks-accordion-icon-trigger\"><\/span><\/button><\/h3><div class=\"kt-accordion-panel kt-accordion-panel-hidden\"><div class=\"kt-accordion-panel-inner\">\n<p>Los <strong>museos de Par\u00eds albergan algunas de las obras m\u00e1s famosas del mundo<\/strong> y esto significa que siempre son muy populares. Adem\u00e1s, con motivo de exposiciones temporales muy importantes la aglomeraci\u00f3n es a\u00fan mayor. Entonces la respuesta es s\u00ed, es necesario reservar las entradas con antelaci\u00f3n. Vaya a la pesta\u00f1a de museos individuales y all\u00ed podr\u00e1s comprar entradas con antelaci\u00f3n.<\/p>\n<\/div><\/div><\/div>\n\n\n\n<div class=\"wp-block-kadence-pane kt-accordion-pane kt-accordion-pane-11 kt-pane2110_d28441-25\"><h3 class=\"kt-accordion-header-wrap\"><button class=\"kt-blocks-accordion-header kt-acccordion-button-label-show\"><span class=\"kt-blocks-accordion-title-wrap\"><span class=\"kt-blocks-accordion-title\">\u00bfC\u00f3mo puedo ahorrar en las entradas?<\/span><\/span><span class=\"kt-blocks-accordion-icon-trigger\"><\/span><\/button><\/h3><div class=\"kt-accordion-panel kt-accordion-panel-hidden\"><div class=\"kt-accordion-panel-inner\">\n<p>Si tienes intenci\u00f3n de <strong>visitar varios museos durante tu viaje a Par\u00eds<\/strong>, la mejor soluci\u00f3n ser\u00eda adquirir el <strong><a href=\"https:\/\/parisconcarlo.com\/es\/paris-museum-pass\/\">Paris Museum Pass<\/a><\/strong>, un pase creado espec\u00edficamente para aprovechar la oferta cultural de Par\u00eds sin gastar una fortuna. Inf\u00f3rmate cuando es conveniente.<\/p>\n<\/div><\/div><\/div>\n<\/div><\/div><\/div>\n<\/div><\/div>\n\n<\/div><\/div>\n\n<style>.kb-table-of-content-nav.kb-table-of-content-id_2f54b1-3c .kb-table-of-content-wrap{padding-top:var(--global-kb-spacing-sm, 1.5rem);padding-right:var(--global-kb-spacing-sm, 1.5rem);padding-bottom:var(--global-kb-spacing-sm, 1.5rem);padding-left:var(--global-kb-spacing-sm, 1.5rem);background-color:#f2d115;}.kb-table-of-content-nav.kb-table-of-content-id_2f54b1-3c .kb-table-of-contents-title-wrap{padding-top:0px;padding-right:0px;padding-bottom:0px;padding-left:0px;}.kb-table-of-content-nav.kb-table-of-content-id_2f54b1-3c .kb-table-of-contents-title{font-weight:regular;font-style:normal;}.kb-table-of-content-nav.kb-table-of-content-id_2f54b1-3c .kb-table-of-content-wrap .kb-table-of-content-list{font-weight:regular;font-style:normal;margin-top:var(--global-kb-spacing-sm, 1.5rem);margin-right:0px;margin-bottom:0px;margin-left:0px;}.kb-table-of-content-nav.kb-table-of-content-id_2f54b1-3c .kb-toggle-icon-style-basiccircle .kb-table-of-contents-icon-trigger:after, .kb-table-of-content-nav.kb-table-of-content-id_2f54b1-3c .kb-toggle-icon-style-basiccircle .kb-table-of-contents-icon-trigger:before, .kb-table-of-content-nav.kb-table-of-content-id_2f54b1-3c .kb-toggle-icon-style-arrowcircle .kb-table-of-contents-icon-trigger:after, .kb-table-of-content-nav.kb-table-of-content-id_2f54b1-3c .kb-toggle-icon-style-arrowcircle .kb-table-of-contents-icon-trigger:before, .kb-table-of-content-nav.kb-table-of-content-id_2f54b1-3c .kb-toggle-icon-style-xclosecircle .kb-table-of-contents-icon-trigger:after, .kb-table-of-content-nav.kb-table-of-content-id_2f54b1-3c .kb-toggle-icon-style-xclosecircle .kb-table-of-contents-icon-trigger:before{background-color:#f2d115;}<\/style>\n\n\n<h2 class=\"wp-block-heading\">Museo del Louvre<\/h2>\n\n\n\n<figure class=\"wp-block-image size-full\"><img decoding=\"async\" width=\"900\" height=\"600\" src=\"https:\/\/parisconcarlo.com\/es\/wp-content\/uploads\/sites\/4\/2023\/04\/museo-louvre-paris.jpg\" alt=\"El apartamento de Napoleon III en el museo del Louvre, Par\u00eds\" class=\"wp-image-2127\" srcset=\"https:\/\/parisconcarlo.com\/es\/wp-content\/uploads\/sites\/4\/2023\/04\/museo-louvre-paris.jpg 900w, https:\/\/parisconcarlo.com\/es\/wp-content\/uploads\/sites\/4\/2023\/04\/museo-louvre-paris-300x200.jpg 300w, https:\/\/parisconcarlo.com\/es\/wp-content\/uploads\/sites\/4\/2023\/04\/museo-louvre-paris-768x512.jpg 768w\" sizes=\"(max-width: 900px) 100vw, 900px\" \/><figcaption class=\"wp-element-caption\">El apartamento de Napoleon III en el museo del Louvre, Par\u00eds<\/figcaption><\/figure>\n\n\n\n<p>El <strong><a href=\"https:\/\/parisconcarlo.com\/es\/museo-del-louvre\/\">Louvre<\/a><\/strong>, uno de los <strong>museos m\u00e1s famosos y visitados del mundo<\/strong>, no necesita presentaci\u00f3n: todos lo conocen y reconocen su valor (y esto tambi\u00e9n se aplica a aquellos que nunca lo han visitado en persona).<\/p>\n\n\n\n<p>Su nombre fue \u00abrobado\u00bb del edificio que lo alberga, construido como fortaleza en el siglo XII.<\/p>\n\n\n\n<p>Desde 1989, al Louvre tambi\u00e9n se ha unido la <strong>Pir\u00e1mide moderna<\/strong> que hace alarde de s\u00ed misma y recibe juicios alternos (a algunos les gusta, a otros no) en la entrada, en el Cour Napol\u00e9on.<\/p>\n\n\n\n<p>El museo, como ya sabes, <strong>contiene miles de obras maestras<\/strong> de arte antiguo y moderno de todo el mundo. Entre las m\u00e1s importantes, la Gioconda de Leonardo, la Nike de Samotracia, la Venus de Milo, las Bodas de Can\u00e1 de Veron\u00e9s, Cupido y Psique de Canova. Cada uno de estos por s\u00ed solo justificar\u00eda una visita al Louvre.<\/p>\n\n\n\n<h3 class=\"wp-block-heading\">Por qu\u00e9 ir<\/h3>\n\n\n\n<p>Encontrarse en un <strong>verdadero templo del arte<\/strong> y admirar obras para ser vistas \u00abal menos una vez en la vida\u00bb. Te recomiendo que te tomes tu tiempo: \u00a1el <strong>Louvre es el museo m\u00e1s grande del mundo<\/strong>!<\/p>\n\n\n\n<h3 class=\"wp-block-heading\">Informaci\u00f3n pr\u00e1ctica<\/h3>\n\n\n\n<ul class=\"wp-block-list\">\n<li><strong>D\u00f3nde est\u00e1<\/strong>: Rue de Rivoli<\/li>\n\n\n\n<li><strong>Horario<\/strong>: est\u00e1 abierto todos los d\u00edas <strong>excepto los martes<\/strong>, desde las 9 hasta las 18 (6pm).<\/li>\n\n\n\n<li><strong>Precios<\/strong>: la entrada cuesta 20\u20ac; La entrada es gratuita para menores de 26 a\u00f1os.<\/li>\n\n\n\n<li><strong>C\u00f3mo ahorrar<\/strong>: la entrada es incluida en el <strong><a href=\"https:\/\/parisconcarlo.com\/es\/paris-museum-pass\/\">Paris Museum Pass<\/a><\/strong>.<\/li>\n<\/ul>\n\n\n\n<p><a class=\"enlace-amigo\" href=\"https:\/\/parisconcarlo.com\/es\/museo-del-louvre\/\"><span class=\"cell\">Museo del Louvre <\/span><span class=\"cell\"><span class=\"button\">Leer mas<\/span><\/span><\/a><\/p>\n\n\n\n<div data-gyg-href=\"https:\/\/widget.getyourguide.com\/default\/availability.frame\" data-gyg-tour-id=\"145779\" data-gyg-locale-code=\"es-ES\" data-gyg-currency=\"EUR\" data-gyg-widget=\"availability\" data-gyg-theme=\"light\" data-gyg-variant=\"horizontal\" data-gyg-partner-id=\"EXCD7A5\" data-gyg-cmp=\"vypm3-15museos-louvre\"><\/div>\n\n\n\n<div style=\"height:20px\" aria-hidden=\"true\" class=\"wp-block-spacer\"><\/div>\n\n\n\n<h2 class=\"wp-block-heading\">Museo de Orsay<\/h2>\n\n\n<div class=\"wp-block-image\">\n<figure class=\"aligncenter size-full\"><img decoding=\"async\" width=\"900\" height=\"601\" src=\"https:\/\/parisconcarlo.com\/es\/wp-content\/uploads\/sites\/4\/2023\/04\/museo-orsay-paris.jpg\" alt=\"El interior del Museo de Orsay, Par\u00eds\" class=\"wp-image-2128\" srcset=\"https:\/\/parisconcarlo.com\/es\/wp-content\/uploads\/sites\/4\/2023\/04\/museo-orsay-paris.jpg 900w, https:\/\/parisconcarlo.com\/es\/wp-content\/uploads\/sites\/4\/2023\/04\/museo-orsay-paris-300x200.jpg 300w, https:\/\/parisconcarlo.com\/es\/wp-content\/uploads\/sites\/4\/2023\/04\/museo-orsay-paris-768x513.jpg 768w\" sizes=\"(max-width: 900px) 100vw, 900px\" \/><figcaption class=\"wp-element-caption\">El interior del Museo de Orsay, Par\u00eds<\/figcaption><\/figure>\n<\/div>\n\n\n<p>El <a href=\"https:\/\/parisconcarlo.com\/es\/museo-de-orsay\/\">Museo de Orsay<\/a>, al igual que el Louvre, que est\u00e1 cerca, es otra <strong>visita obligada<\/strong> en cualquier viaje a Par\u00eds que se precie.<\/p>\n\n\n\n<p>Alberga pinturas, esculturas, fotograf\u00edas, grabados, obras de arte decorativas e industriales, y es conocido sobre todo por las <strong>obras maestras del impresionismo<\/strong> y el postimpresionismo: obras c\u00e9lebres de Monet, C\u00e9zanne, Manet, Renoir, Degas, Gauguin, Van Gogh, que visto en directo te dejar\u00e1 sin palabras.<\/p>\n\n\n\n<p>El contexto del museo tambi\u00e9n es excepcional: se trata de una antigua estaci\u00f3n de tren renovada por la dise\u00f1adora y arquitecta italiana <a href=\"https:\/\/es.wikipedia.org\/wiki\/Gae_Aulenti\" target=\"_blank\" rel=\"noreferrer noopener\">Gae Aulenti<\/a>.<\/p>\n\n\n\n<h3 class=\"wp-block-heading\">Por qu\u00e9 ir<\/h3>\n\n\n\n<p>Percibir las emociones que despiertan las pinturas impresionistas y postimpresionistas: el camino es extremadamente agradable porque <strong>las obras maestras se muestran de manera excelente<\/strong>, adem\u00e1s, el museo no est\u00e1 abarrotado como el Louvre y tambi\u00e9n te conquistar\u00e1 con sus aireadas b\u00f3vedas como una antigua estaci\u00f3n de tren.<\/p>\n\n\n\n<h3 class=\"wp-block-heading\">Informaci\u00f3n pr\u00e1ctica<\/h3>\n\n\n\n<ul class=\"wp-block-list\">\n<li><strong>D\u00f3nde est\u00e1<\/strong>: Rue de la L\u00e9gion d&#8217;Honneur, 1.<\/li>\n\n\n\n<li><strong>Horario<\/strong>: martes, mi\u00e9rcoles, viernes, s\u00e1bado y domingo 9:30 &#8211; 18 (6pm); Jueves 9:30 &#8211; 21:45 (9:45pm)<\/li>\n\n\n\n<li><strong>Precios<\/strong>: la entrada cuesta 17\u20ac.<\/li>\n\n\n\n<li><strong>C\u00f3mo ahorrar<\/strong>: el museo est\u00e1 incluido en el <a href=\"https:\/\/parisconcarlo.com\/es\/paris-museum-pass\/\">Paris Museum Pass<\/a><\/li>\n<\/ul>\n\n\n\n<p><a class=\"enlace-amigo\" href=\"https:\/\/parisconcarlo.com\/es\/museo-de-orsay\/\"><span class=\"cell\">Museo de Orsay <\/span><span class=\"cell\"><span class=\"button\">Leer mas<\/span><\/span><\/a><\/p>\n\n\n\n<div data-tiqets-widget=\"availability\" data-layout=\"compact\" data-product-id=\"973980\" data-language=\"es\" data-partner=\"viajesaparis\" data-tq-campaign=\"15museos-orsay\"><\/div><script defer src=\"https:\/\/widgets.tiqets.com\/loader.js\"><\/script>\n\n\n\n<div style=\"height:20px\" aria-hidden=\"true\" class=\"wp-block-spacer\"><\/div>\n\n\n\n<h2 class=\"wp-block-heading\">Museo de la Orangerie<\/h2>\n\n\n\n<figure class=\"wp-block-image size-full\"><img decoding=\"async\" width=\"900\" height=\"600\" src=\"https:\/\/parisconcarlo.com\/es\/wp-content\/uploads\/sites\/4\/2023\/04\/museo-orangerie-paris.jpg\" alt=\"El enorme cuadro Nen\u00fafares de Claude Monet en el Mus\u00e9e de l'Orangerie, Par\u00eds\" class=\"wp-image-2131\" srcset=\"https:\/\/parisconcarlo.com\/es\/wp-content\/uploads\/sites\/4\/2023\/04\/museo-orangerie-paris.jpg 900w, https:\/\/parisconcarlo.com\/es\/wp-content\/uploads\/sites\/4\/2023\/04\/museo-orangerie-paris-300x200.jpg 300w, https:\/\/parisconcarlo.com\/es\/wp-content\/uploads\/sites\/4\/2023\/04\/museo-orangerie-paris-768x512.jpg 768w\" sizes=\"(max-width: 900px) 100vw, 900px\" \/><figcaption class=\"wp-element-caption\">El enorme cuadro Nen\u00fafares de Claude Monet en el Mus\u00e9e de l&#8217;Orangerie, Par\u00eds<\/figcaption><\/figure>\n\n\n\n<p>El <a href=\"https:\/\/parisconcarlo.com\/es\/museo-de-la-orangerie\/\">Mus\u00e9e National de l&#8217;Orangerie<\/a>, inaugurado en 1927, est\u00e1 ubicado en un antiguo invernadero de naranjos en el <strong><a href=\"https:\/\/parisconcarlo.com\/es\/jardin-de-las-tullerias\/\">Jard\u00edn de las Tuller\u00edas<\/a><\/strong>, cerca de la Place de Concorde.<\/p>\n\n\n\n<p>Alberga la colecci\u00f3n Walter-Guillaume, con <strong>pinturas de los impresionistas<\/strong>, del siglo XX y tambi\u00e9n un grupo de magn\u00edficos cuadros de Monet, los Nen\u00fafares, que representan el principal atractivo de este museo, no muy grande, pero uno de los m\u00e1s famoso en Par\u00eds.<\/p>\n\n\n\n<h3 class=\"wp-block-heading\">Por qu\u00e9 ir<\/h3>\n\n\n\n<p>Quedarse encantado con las <strong>obras maestras de Monet<\/strong> (en particular, los emocionantes y envolventes Nen\u00fafares, pintados en enormes lienzos de 7 metros de largo), de C\u00e9zanne, Matisse, Modigliani, Picasso, Renoir y Rousseau.<\/p>\n\n\n\n<h3 class=\"wp-block-heading\">Informaci\u00f3n pr\u00e1ctica<\/h3>\n\n\n\n<ul class=\"wp-block-list\">\n<li><strong>D\u00f3nde est\u00e1<\/strong>: Jard\u00edn de las Tuller\u00edas<\/li>\n\n\n\n<li><strong>Horario<\/strong>: est\u00e1 abierto de 9 a 18 (6pm) todos los d\u00edas excepto los martes<\/li>\n\n\n\n<li><strong>Precios<\/strong>: la entrada completa cuesta 13,50 \u20ac.<\/li>\n\n\n\n<li><strong>C\u00f3mo ahorrar<\/strong>: el museo est\u00e1 incluido en el <a href=\"https:\/\/parisconcarlo.com\/es\/paris-museum-pass\/\">Paris Museum Pass<\/a><\/li>\n<\/ul>\n\n\n\n<p><a class=\"enlace-amigo\" href=\"https:\/\/parisconcarlo.com\/es\/museo-de-la-orangerie\/\"><span class=\"cell\">Museo de la Orangerie <\/span><span class=\"cell\"><span class=\"button\">Leer mas<\/span><\/span><\/a><\/p>\n\n\n\n<div data-tiqets-widget=\"availability\" data-layout=\"full\" data-product-id=\"974438\" data-language=\"es\" data-partner=\"viajesaparis\" data-tq-campaign=\"15museos-orangerie\"><\/div><script defer src=\"https:\/\/widgets.tiqets.com\/loader.js\"><\/script>\n\n\n\n<div style=\"height:20px\" aria-hidden=\"true\" class=\"wp-block-spacer\"><\/div>\n\n\n\n<h2 class=\"wp-block-heading\">Museo Rodin<\/h2>\n\n\n<div class=\"wp-block-image\">\n<figure class=\"aligncenter size-full\"><img decoding=\"async\" width=\"700\" height=\"525\" src=\"https:\/\/parisconcarlo.com\/es\/wp-content\/uploads\/sites\/4\/2023\/04\/museo-Rodin-paris.webp\" alt=\"Museo Rodin, Par\u00eds\" class=\"wp-image-2125\" srcset=\"https:\/\/parisconcarlo.com\/es\/wp-content\/uploads\/sites\/4\/2023\/04\/museo-Rodin-paris.webp 700w, https:\/\/parisconcarlo.com\/es\/wp-content\/uploads\/sites\/4\/2023\/04\/museo-Rodin-paris-300x225.webp 300w\" sizes=\"(max-width: 700px) 100vw, 700px\" \/><figcaption class=\"wp-element-caption\">Museo Rodin, Par\u00eds<\/figcaption><\/figure>\n<\/div>\n\n\n<p>El <strong>famoso museo dedicado a Auguste Rodin<\/strong>, escultor parisino, est\u00e1 ubicado en el Hotel Biron, un hermoso edificio de estilo rococ\u00f3 rodeado por un jard\u00edn, donde el artista vivi\u00f3 en el \u00faltimo per\u00edodo de su vida.<\/p>\n\n\n\n<p>Fue \u00e9l mismo quien don\u00f3 sus obras y colecciones para que pudieran ser expuestas en el Biron. La estructura contiene 6.500 esculturas en m\u00e1rmol, bronce y terracota, pero no solo. Tambi\u00e9n hay unos 10.000 dibujos y colecciones del maestro compuestas por fotograf\u00edas, antig\u00fcedades, esculturas.<\/p>\n\n\n\n<h3 class=\"wp-block-heading\">Por qu\u00e9 ir<\/h3>\n\n\n\n<p>Para <strong>admirar obras legendarias como \u00abEl beso\u00bb<\/strong>, \u00abEl hombre que camina\u00bb, \u00abEl pensador\u00bb, \u00abLos burgueses de Calais\u00bb y \u00abLa puerta del infierno\u00bb. Adem\u00e1s, el edificio es precioso, al igual que los jardines salpicados de esculturas: en primavera son realmente especiales.<\/p>\n\n\n\n<h3 class=\"wp-block-heading\">Informaci\u00f3n pr\u00e1ctica<\/h3>\n\n\n\n<ul class=\"wp-block-list\">\n<li><strong>D\u00f3nde est\u00e1<\/strong>: 77 Rue de Varenne.<\/li>\n\n\n\n<li><strong>Horario<\/strong>: Est\u00e1 abierto de 10 a 17:45 (5:45pm) todos los d\u00edas excepto los lunes<\/li>\n\n\n\n<li><strong>Precios<\/strong>: la entrada completa cuesta 14 \u20ac.<\/li>\n\n\n\n<li><strong>C\u00f3mo ahorrar<\/strong>: el museo est\u00e1 incluido en el <a href=\"https:\/\/parisconcarlo.com\/es\/paris-museum-pass\/\">Paris Museum Pass<\/a><\/li>\n<\/ul>\n\n\n\n<div data-tiqets-widget=\"availability\" data-layout=\"compact\" data-venue-id=\"148619\" data-language=\"es\" data-partner=\"viajesaparis\" data-tq-campaign=\"15museos-rodin\"><\/div><script defer src=\"https:\/\/widgets.tiqets.com\/loader.js\"><\/script>\n\n\n\n<div style=\"height:20px\" aria-hidden=\"true\" class=\"wp-block-spacer\"><\/div>\n\n\n\n<h2 class=\"wp-block-heading\">Mus\u00e9e du Quai Branly<\/h2>\n\n\n<div class=\"wp-block-image\">\n<figure class=\"aligncenter size-full\"><img decoding=\"async\" width=\"900\" height=\"598\" src=\"https:\/\/parisconcarlo.com\/es\/wp-content\/uploads\/sites\/4\/2023\/04\/Musee-du-Quai-Branly-paris.jpg.webp\" alt=\"Mus\u00e9e du Quai Branly, Par\u00eds\" class=\"wp-image-2116\" srcset=\"https:\/\/parisconcarlo.com\/es\/wp-content\/uploads\/sites\/4\/2023\/04\/Musee-du-Quai-Branly-paris.jpg.webp 900w, https:\/\/parisconcarlo.com\/es\/wp-content\/uploads\/sites\/4\/2023\/04\/Musee-du-Quai-Branly-paris.jpg-300x199.webp 300w, https:\/\/parisconcarlo.com\/es\/wp-content\/uploads\/sites\/4\/2023\/04\/Musee-du-Quai-Branly-paris.jpg-768x510.webp 768w\" sizes=\"(max-width: 900px) 100vw, 900px\" \/><figcaption class=\"wp-element-caption\">Mus\u00e9e du Quai Branly, Par\u00eds<\/figcaption><\/figure>\n<\/div>\n\n\n<p>Este ex\u00f3tico museo, ubicado en un edificio moderno, fue <strong>fuertemente deseado por Jacques Chirac<\/strong> y <strong>celebra las artes y la cultura primitiva de Asia, \u00c1frica, Ocean\u00eda y las Am\u00e9ricas<\/strong>, a trav\u00e9s de una gran colecci\u00f3n de obras (alrededor de 300.000) del per\u00edodo del segundo milenio antes de Cristo a principios del siglo XXI.<\/p>\n\n\n\n<p>A alguien le puede parecer fuera de contexto, dado que se trata de culturas muy lejanas a las europeas: por el contrario, es apreciable y debe ser <strong>considerado un lugar de promoci\u00f3n cultural en el mundo<\/strong>.<\/p>\n\n\n\n<h3 class=\"wp-block-heading\">Por qu\u00e9 ir<\/h3>\n\n\n\n<p>Mirar un poco m\u00e1s all\u00e1 y captar, en una ciudad como Par\u00eds, la belleza del arte no europeo en sus formas primitivas. El itinerario bien elaborado y sugerente te ayudar\u00e1 a captar cada detalle (m\u00e1s a\u00fan si eliges la audiogu\u00eda).<\/p>\n\n\n\n<h3 class=\"wp-block-heading\">Informaci\u00f3n pr\u00e1ctica<\/h3>\n\n\n\n<ul class=\"wp-block-list\">\n<li><strong>D\u00f3nde est\u00e1<\/strong>: 37 Quai Branly<\/li>\n\n\n\n<li><strong>Horario<\/strong>: est\u00e1 abierto de 11 a 19 (7pm) los martes, mi\u00e9rcoles y domingos; Jueves, Viernes y S\u00e1bado de 11 a 21 (9pm)<\/li>\n\n\n\n<li><strong>Precios<\/strong>: la tarifa completa es de 12 \u20ac.<\/li>\n\n\n\n<li><strong>C\u00f3mo ahorrar<\/strong>: el museo est\u00e1 incluido en el <a href=\"https:\/\/parisconcarlo.com\/es\/paris-museum-pass\/\">Paris Museum Pass<\/a><\/li>\n<\/ul>\n\n\n\n<div data-tiqets-widget=\"availability\" data-layout=\"compact\" data-product-id=\"974954\" data-language=\"es\" data-partner=\"viajesaparis\" data-tq-campaign=\"15museos-quai\"><\/div><script defer src=\"https:\/\/widgets.tiqets.com\/loader.js\"><\/script>\n\n\n\n<div style=\"height:20px\" aria-hidden=\"true\" class=\"wp-block-spacer\"><\/div>\n\n\n\n<h2 class=\"wp-block-heading\">Museo de Historia Natural (MNHN)<\/h2>\n\n\n<div class=\"wp-block-image\">\n<figure class=\"aligncenter size-full\"><img decoding=\"async\" width=\"700\" height=\"467\" src=\"https:\/\/parisconcarlo.com\/es\/wp-content\/uploads\/sites\/4\/2023\/04\/museo-de-historia-natural.webp\" alt=\"Museo de Historia Natural (MNHN) de Par\u00eds\" class=\"wp-image-2119\" srcset=\"https:\/\/parisconcarlo.com\/es\/wp-content\/uploads\/sites\/4\/2023\/04\/museo-de-historia-natural.webp 700w, https:\/\/parisconcarlo.com\/es\/wp-content\/uploads\/sites\/4\/2023\/04\/museo-de-historia-natural-300x200.webp 300w\" sizes=\"(max-width: 700px) 100vw, 700px\" \/><figcaption class=\"wp-element-caption\">Museo de Historia Natural (MNHN) de Par\u00eds<\/figcaption><\/figure>\n<\/div>\n\n\n<p>El <a href=\"https:\/\/parisconcarlo.com\/es\/museo-de-historia-natural\/\">Museo de Historia Natural de Par\u00eds<\/a>, de inter\u00e9s tanto para los iniciados como para los simples curiosos, es uno de los <strong>museos de historia natural m\u00e1s antiguos del mundo<\/strong>.<\/p>\n\n\n\n<p>Fue establecido oficialmente en 1793, pero su nacimiento se remonta a 1635, cuando se cre\u00f3 el Real Jard\u00edn de Plantas Medicinales con fines terap\u00e9uticos.<\/p>\n\n\n\n<p>El museo no se limita a un solo edificio, sino que <strong>se estructura en varios pabellones<\/strong> dedicados a los m\u00faltiples aspectos de la historia natural.<\/p>\n\n\n\n<p>Tambi\u00e9n es maravilloso el <strong>gran jard\u00edn bot\u00e1nico<\/strong> (Jardin des Plantes), que incluye varias \u00e1reas, desde el jard\u00edn alpino hasta el ingl\u00e9s, pasando por los grandes invernaderos.<\/p>\n\n\n\n<h3 class=\"wp-block-heading\">Por qu\u00e9 ir<\/h3>\n\n\n\n<p>Porque lo disfrutar\u00e1s aunque no est\u00e9s cient\u00edficamente preparado: los itinerarios, de hecho, tienen un agradable enfoque did\u00e1ctico.<\/p>\n\n\n\n<p>Si viajas con ni\u00f1os, entonces debes llevarlos a este museo para que admiren su maravilla frente a la Gran Galer\u00eda de la Evoluci\u00f3n, un <strong>espacio de 7.500 metros cuadrados<\/strong> que escenifica la diversidad de los seres vivos a trav\u00e9s de un colecci\u00f3n de ejemplares naturalizados.<\/p>\n\n\n\n<p>Los precios de las entradas var\u00edan seg\u00fan las partes que desee visitar.<\/p>\n\n\n\n<h3 class=\"wp-block-heading\">Informaci\u00f3n pr\u00e1ctica<\/h3>\n\n\n\n<ul class=\"wp-block-list\">\n<li><strong>D\u00f3nde est\u00e1<\/strong>: 57 Rue Cuvier<\/li>\n\n\n\n<li><strong>Horario<\/strong>: est\u00e1 abierto de 11 a 19 (7pm) los martes, mi\u00e9rcoles y domingos; Jueves, Viernes y S\u00e1bado de 11 a 21 (9pm)<\/li>\n\n\n\n<li><strong>Precios<\/strong>: la tarifa completa es de 10\u20ac. Comprar boletos<\/li>\n\n\n\n<li><strong>C\u00f3mo ahorrar<\/strong>: el museo est\u00e1 incluido en el <a href=\"https:\/\/parisconcarlo.com\/es\/paris-museum-pass\/\">Paris Museum Pass<\/a><\/li>\n<\/ul>\n\n\n\n<h2 class=\"wp-block-heading\">Centro Pompidou<\/h2>\n\n\n<div class=\"wp-block-image\">\n<figure class=\"aligncenter size-full\"><img decoding=\"async\" width=\"700\" height=\"527\" src=\"https:\/\/parisconcarlo.com\/es\/wp-content\/uploads\/sites\/4\/2023\/04\/centro-georges-pompidou.webp\" alt=\"Centro Pompidou, Par\u00eds\" class=\"wp-image-2113\" srcset=\"https:\/\/parisconcarlo.com\/es\/wp-content\/uploads\/sites\/4\/2023\/04\/centro-georges-pompidou.webp 700w, https:\/\/parisconcarlo.com\/es\/wp-content\/uploads\/sites\/4\/2023\/04\/centro-georges-pompidou-300x226.webp 300w\" sizes=\"(max-width: 700px) 100vw, 700px\" \/><figcaption class=\"wp-element-caption\">Centro Pompidou, Par\u00eds<\/figcaption><\/figure>\n<\/div>\n\n\n<p>El <a href=\"https:\/\/parisconcarlo.com\/es\/centro-nacional-de-arte-y-cultura-georges-pompidou\/\"><strong>Centro Nacional de Arte y Cultura Georges Pompidou<\/strong><\/a>, tambi\u00e9n conocido con el nombre de Beaubourg, est\u00e1 ubicado en el famoso edificio de metal y cristal con tuber\u00edas vistas dise\u00f1ado por Piano, Franchini y Rogers.<\/p>\n\n\n\n<p>Nacida como una <strong>instituci\u00f3n cultural multidisciplinar dedicada al arte moderno<\/strong>, ha logrado admirablemente este objetivo. De hecho, sus 5 pisos presentan singulares y excelentes obras art\u00edsticas, en exposiciones permanentes y temporales.<\/p>\n\n\n\n<h3 class=\"wp-block-heading\">Por qu\u00e9 ir<\/h3>\n\n\n\n<p>Amar cada vez m\u00e1s (o comenzar a amar) el arte moderno y contempor\u00e1neo en sus diversas formas, y <strong>disfrutar de una hermosa vista desde la terraza<\/strong>.<\/p>\n\n\n\n<p>Las familias con ni\u00f1os tambi\u00e9n deben visitar el Pompidou para su Galer\u00eda de los ni\u00f1os  (\u00abGalerie des enfants\u00bb) y el Taller de los ni\u00f1os (\u00abAtelier des Enfants\u00bb) donde las exposiciones y actividades tienen el objetivo espec\u00edfico de acercar <strong>a los ni\u00f1os (a partir de los dos a\u00f1os de edad) al mundo del arte moderno<\/strong> y contempor\u00e1neo.<\/p>\n\n\n\n<p>Los adictos a las compras tambi\u00e9n apreciar\u00e1n la tienda de regalos en la planta baja, donde se pueden encontrar originales objetos de dise\u00f1o.<\/p>\n\n\n\n<h3 class=\"wp-block-heading\">Informaci\u00f3n pr\u00e1ctica<\/h3>\n\n\n\n<ul class=\"wp-block-list\">\n<li><strong>D\u00f3nde est\u00e1<\/strong>: Plaza Georges-Pompidou<\/li>\n\n\n\n<li><strong>Horario<\/strong>: Est\u00e1 abierto de 11 a 21 (9pm) todos los d\u00edas excepto los martes<\/li>\n\n\n\n<li><strong>Precios<\/strong>: 15 \u20ac, entrada gratuita para menores de 18 a\u00f1os. Comprar boletos<\/li>\n\n\n\n<li><strong>C\u00f3mo ahorrar<\/strong>: el museo est\u00e1 incluido en el <a href=\"https:\/\/parisconcarlo.com\/es\/paris-museum-pass\/\">Paris Museum Pass<\/a><\/li>\n<\/ul>\n\n\n\n<p><a class=\"enlace-amigo\" href=\"https:\/\/parisconcarlo.com\/es\/centro-nacional-de-arte-y-cultura-georges-pompidou\/\"><span class=\"cell\">Centro Pompidou <\/span><span class=\"cell\"><span class=\"button\">Leer mas<\/span><\/span><\/a><\/p>\n\n\n\n<div data-tiqets-widget=\"availability\" data-layout=\"compact\" data-product-id=\"974349\" data-language=\"es\" data-partner=\"viajesaparis\" data-tq-campaign=\"15museos-pompidou\"><\/div><script defer src=\"https:\/\/widgets.tiqets.com\/loader.js\"><\/script>\n\n\n\n<div style=\"height:20px\" aria-hidden=\"true\" class=\"wp-block-spacer\"><\/div>\n\n\n\n<h2 class=\"wp-block-heading\">Museo Picasso de Par\u00eds<\/h2>\n\n\n<div class=\"wp-block-image\">\n<figure class=\"aligncenter size-full\"><img decoding=\"async\" width=\"600\" height=\"450\" src=\"https:\/\/parisconcarlo.com\/es\/wp-content\/uploads\/sites\/4\/2023\/03\/museo-picasso-paris.webp\" alt=\"El interior del Museo Picasso de Par\u00eds\" class=\"wp-image-1843\" srcset=\"https:\/\/parisconcarlo.com\/es\/wp-content\/uploads\/sites\/4\/2023\/03\/museo-picasso-paris.webp 600w, https:\/\/parisconcarlo.com\/es\/wp-content\/uploads\/sites\/4\/2023\/03\/museo-picasso-paris-300x225.webp 300w\" sizes=\"(max-width: 600px) 100vw, 600px\" \/><figcaption class=\"wp-element-caption\">El interior del Museo Picasso de Par\u00eds<\/figcaption><\/figure>\n<\/div>\n\n\n<p>El <a href=\"https:\/\/parisconcarlo.com\/es\/museo-picasso-paris\/\"><strong>Museo Picasso de Par\u00eds<\/strong><\/a>, ubicado en el <strong>magn\u00edfico palacio noble Hotel Sal\u00e9<\/strong> en el distrito hist\u00f3rico de <a href=\"https:\/\/parisconcarlo.com\/es\/le-marais\/\">Le Marais<\/a>, contiene principalmente <strong>obras del artista espa\u00f1ol Pablo Picasso<\/strong> y fue inaugurada en 1985.<\/p>\n\n\n\n<p>M\u00e1s de 3.000 obras de Picasso se exhiben en el primer piso, incluida su colecci\u00f3n personal con obras de De Chirico, C\u00e9zanne, Matisse. El segundo piso alberga exposiciones temporales, el tercero incluye oficinas y la biblioteca.<\/p>\n\n\n\n<h3 class=\"wp-block-heading\">Por qu\u00e9 ir<\/h3>\n\n\n\n<p>Admirar la producci\u00f3n art\u00edstica de Picasso en 360\u00b0 a trav\u00e9s de pinturas, esculturas, grabados, dibujos y poder comprender el proceso de su proceso creativo, gracias a los bocetos, borradores, estudios y fotograf\u00edas expuestos en el museo.<\/p>\n\n\n\n<p>Te recomiendo de visitar esta estructura tambi\u00e9n para ver c\u00f3mo el museo y el edificio hist\u00f3rico restaurado casan a la perfecci\u00f3n, y para apreciar los elementos decorativos como mesas y sillas, creados especialmente para el museo por Diego Giacometti.<\/p>\n\n\n\n<h3 class=\"wp-block-heading\">Informaci\u00f3n pr\u00e1ctica<\/h3>\n\n\n\n<ul class=\"wp-block-list\">\n<li><strong>D\u00f3nde est\u00e1<\/strong>: Rue de Thorigny, 5<\/li>\n\n\n\n<li><strong>Horario<\/strong>: est\u00e1 abierto de martes a viernes de 11.30 a 18 (6pm) y de 9.30 a 18 los s\u00e1bados y domingos<\/li>\n\n\n\n<li><strong>Precios<\/strong>: a partir de 14 \u20ac, seg\u00fan la exposici\u00f3n. Comprar boletos<\/li>\n\n\n\n<li><strong>C\u00f3mo ahorrar<\/strong>: el museo est\u00e1 incluido en el <a href=\"https:\/\/parisconcarlo.com\/es\/paris-museum-pass\/\">Paris Museum Pass<\/a><\/li>\n<\/ul>\n\n\n\n<p><a class=\"enlace-amigo\" href=\"https:\/\/parisconcarlo.com\/es\/museo-picasso-paris\/\"><span class=\"cell\">Museo Picasso <\/span><span class=\"cell\"><span class=\"button\">Leer mas<\/span><\/span><\/a><\/p>\n\n\n\n<div data-tiqets-widget=\"availability\" data-layout=\"compact\" data-product-id=\"974460\" data-language=\"es\" data-partner=\"viajesaparis\" data-tq-campaign=\"15museos-picasso\"><\/div><script defer src=\"https:\/\/widgets.tiqets.com\/loader.js\"><\/script>\n\n\n\n<div style=\"height:20px\" aria-hidden=\"true\" class=\"wp-block-spacer\"><\/div>\n\n\n\n<h2 class=\"wp-block-heading\">Museo del Chocolate<\/h2>\n\n\n\n<p>Este museo privado naci\u00f3 en 2010 y tambi\u00e9n lleva el nombre de Mus\u00e9e gourmand du Chocolat \u2013 Choco-Story. Repartido en tres niveles, contiene m\u00e1s de 1000 artefactos originales que le presentar\u00e1n los secretos del chocolate, los 4000 a\u00f1os de historia del cacao y las t\u00e9cnicas de producci\u00f3n actuales.<\/p>\n\n\n\n<h3 class=\"wp-block-heading\">Por qu\u00e9 ir<\/h3>\n\n\n\n<p>Convertirse en expertos en chocolate, tambi\u00e9n desde un punto de vista hist\u00f3rico, <strong>admirar a un ma\u00eetre chocolatero franc\u00e9s en el trabajo<\/strong>, experimentar una bienvenida c\u00e1lida y casi \u00abfamiliar\u00bb (que generalmente no se encuentra en los museos) y tambi\u00e9n porque despu\u00e9s de la visita de la estructura \u2013 que dura aproximadamente una hora \u2013 <strong>puedes probar un excelente chocolate<\/strong> y eventualmente comprarlo.<\/p>\n\n\n\n<h3 class=\"wp-block-heading\">Informaci\u00f3n pr\u00e1ctica<\/h3>\n\n\n\n<ul class=\"wp-block-list\">\n<li><strong>D\u00f3nde est\u00e1<\/strong>: 28 bd Bonne Nouvelle.<\/li>\n\n\n\n<li><strong>Horario<\/strong>: Est\u00e1 abierto todos los d\u00edas de 10 a 18 (6pm)<\/li>\n\n\n\n<li><strong>Precios<\/strong>: el precio de la entrada para cada adulto es de 15\u20ac.<\/li>\n<\/ul>\n\n\n\n<div data-gyg-href=\"https:\/\/widget.getyourguide.com\/default\/availability.frame\" data-gyg-tour-id=\"48006\" data-gyg-locale-code=\"es-ES\" data-gyg-currency=\"EUR\" data-gyg-widget=\"availability\" data-gyg-theme=\"light\" data-gyg-variant=\"horizontal\" data-gyg-partner-id=\"EXCD7A5\" data-gyg-cmp=\"vypm3-15museos-chocolate\"><\/div>\n\n\n\n<div style=\"height:20px\" aria-hidden=\"true\" class=\"wp-block-spacer\"><\/div>\n\n\n\n<h2 class=\"wp-block-heading\">Museo de la Ceras Grevin<\/h2>\n\n\n<div class=\"wp-block-image\">\n<figure class=\"aligncenter size-full\"><img decoding=\"async\" width=\"700\" height=\"495\" src=\"https:\/\/parisconcarlo.com\/es\/wp-content\/uploads\/sites\/4\/2023\/04\/museo-grevin-paris.webp\" alt=\"Museo de las ceras Gr\u00e9vin, Par\u00eds\" class=\"wp-image-2122\" srcset=\"https:\/\/parisconcarlo.com\/es\/wp-content\/uploads\/sites\/4\/2023\/04\/museo-grevin-paris.webp 700w, https:\/\/parisconcarlo.com\/es\/wp-content\/uploads\/sites\/4\/2023\/04\/museo-grevin-paris-300x212.webp 300w\" sizes=\"(max-width: 700px) 100vw, 700px\" \/><figcaption class=\"wp-element-caption\">Museo de las ceras Gr\u00e9vin, Par\u00eds<\/figcaption><\/figure>\n<\/div>\n\n\n<p>El museo tiene un gran espacio dividido en zonas y tambi\u00e9n incluye un mirador y un teatro.<\/p>\n\n\n\n<p><strong>Cuenta con una exposici\u00f3n permanente de cientos de esculturas<\/strong> de cera realistas de personajes hist\u00f3ricos (especialmente franceses), deportistas, cantantes, actores, varios artistas.<\/p>\n\n\n\n<p>\u00bfAlg\u00fan nombre? \u00a1M\u00f3nica Bellucci, George Clooney, C\u00e9line Dion, Elton John y el Papa Francisco! Los decorados y la puesta en escena tambi\u00e9n son dignos de menci\u00f3n.<\/p>\n\n\n\n<p>En particular, llama mucho la atenci\u00f3n la habitaci\u00f3n que visitar\u00e1s primero, <strong>construida como un gran caleidoscopio<\/strong> y en la que juegos de luz y sonido te har\u00e1n sentir en otro lugar, por ejemplo en la jungla.<\/p>\n\n\n\n<h3 class=\"wp-block-heading\">Por qu\u00e9 ir<\/h3>\n\n\n\n<p>Divertirse viendo tantas celebridades de cera, hechas de manera s\u00faper realista (sobre todo las m\u00e1s recientes) y fotografiarte con ellas. \u00a1Abundar\u00e1n los selfies!<\/p>\n\n\n\n<h3 class=\"wp-block-heading\">Informaci\u00f3n pr\u00e1ctica<\/h3>\n\n\n\n<ul class=\"wp-block-list\">\n<li><strong>D\u00f3nde est\u00e1<\/strong>: 10 Boulevard Montmartre.<\/li>\n\n\n\n<li><strong>Horario<\/strong>: Est\u00e1 abierto todos los d\u00edas de 9:30 a 19 (7pm)<\/li>\n\n\n\n<li><strong>Precios<\/strong>: precios desde 26\u20ac por adulto.<\/li>\n<\/ul>\n\n\n\n<div data-tiqets-widget=\"availability\" data-layout=\"compact\" data-product-id=\"974024\" data-language=\"es\" data-partner=\"viajesaparis\" data-tq-campaign=\"15museos-grevin\"><\/div><script defer src=\"https:\/\/widgets.tiqets.com\/loader.js\"><\/script>\n\n\n\n<div style=\"height:20px\" aria-hidden=\"true\" class=\"wp-block-spacer\"><\/div>\n\n\n\n<h2 class=\"wp-block-heading\">Museo de Montmartre<\/h2>\n\n\n<div class=\"wp-block-image\">\n<figure class=\"aligncenter size-full\"><img decoding=\"async\" width=\"700\" height=\"525\" src=\"https:\/\/parisconcarlo.com\/es\/wp-content\/uploads\/sites\/4\/2023\/04\/museo-de-montmartre.webp\" alt=\"Museo de Montmartre, Par\u00eds\" class=\"wp-image-2120\" srcset=\"https:\/\/parisconcarlo.com\/es\/wp-content\/uploads\/sites\/4\/2023\/04\/museo-de-montmartre.webp 700w, https:\/\/parisconcarlo.com\/es\/wp-content\/uploads\/sites\/4\/2023\/04\/museo-de-montmartre-300x225.webp 300w\" sizes=\"(max-width: 700px) 100vw, 700px\" \/><figcaption class=\"wp-element-caption\">Museo de Montmartre, Par\u00eds<\/figcaption><\/figure>\n<\/div>\n\n\n<p>El <strong><a href=\"https:\/\/parisconcarlo.com\/es\/museo-de-montmartre\/\">Museo de Montmartre<\/a><\/strong> narra los diferentes momentos de la vida del barrio de Montmatre, desde su nacimiento como un simple pueblo de campo hasta convertirse en el <strong>centro de los movimientos art\u00edsticos europeos<\/strong> entre los siglos XIX y XX.<\/p>\n\n\n\n<p>Podr\u00e1s admirar una <strong>colecci\u00f3n \u00fanica de pinturas, fotograf\u00edas, carteles<\/strong> y documentos audiovisuales que reviven el ambiente art\u00edstico del barrio en el per\u00edodo de la \u00abbelle epoque\u00bb y otros momentos hist\u00f3ricos.<\/p>\n\n\n\n<p><strong>El museo est\u00e1 ubicado en lo que fue la casa del actor Claude de la Rose<\/strong>, apodado Rosimond, quien tom\u00f3 el relevo de Moli\u00e8re al frente de su compa\u00f1\u00eda. En el mismo edificio tambi\u00e9n vivieron otras personalidades ilustres como Renoir, Suzanne Valadon y su hijo Utrillo.<\/p>\n\n\n\n<h3 class=\"wp-block-heading\">Por qu\u00e9 ir<\/h3>\n\n\n\n<p><strong>Para hacer una inmersi\u00f3n completa y placentera en la atm\u00f3sfera art\u00edstica francesa del pasado<\/strong>: parecer\u00e1 percibir claramente el fermento cultural que anim\u00f3 el <a href=\"https:\/\/parisconcarlo.com\/es\/montmartre\/\">barrio de Montmatre<\/a>, que a\u00fan hoy fascina tanto.<\/p>\n\n\n\n<p>Tambi\u00e9n podr\u00e1s apreciar el edificio del siglo XII que alberga el museo, y visitar su hermoso jard\u00edn, un oasis verde con vista a los antiguos vi\u00f1edos del cerro.<\/p>\n\n\n\n<h3 class=\"wp-block-heading\">Informaci\u00f3n pr\u00e1ctica<\/h3>\n\n\n\n<ul class=\"wp-block-list\">\n<li><strong>D\u00f3nde est\u00e1:<\/strong> 12-14 Rue Cortot.<\/li>\n\n\n\n<li><strong>Horario<\/strong>: Est\u00e1 abierto todos los d\u00edas de 10 a 18 (6pm)<\/li>\n\n\n\n<li><strong>Precios<\/strong>: 15 \u20ac. <a href=\"https:\/\/museedemontmartre.tickeasy.com\/en-GB\/home\" target=\"_blank\" rel=\"noreferrer noopener nofollow\">Compra las entradas<\/a><\/li>\n\n\n\n<li><strong>C\u00f3mo ahorrar<\/strong>: el museo est\u00e1 incluido en el <a href=\"https:\/\/parisconcarlo.com\/es\/paris-museum-pass\/\">Paris Museum Pass<\/a><\/li>\n<\/ul>\n\n\n\n<h2 class=\"wp-block-heading\">Museo del Perfume<\/h2>\n\n\n<div class=\"wp-block-image\">\n<figure class=\"aligncenter size-large\"><img decoding=\"async\" width=\"1024\" height=\"762\" src=\"https:\/\/parisconcarlo.com\/es\/wp-content\/uploads\/sites\/4\/2023\/04\/museo-del-perfume-paris-1024x762.webp\" alt=\"Museo del Perfume, Par\u00eds\" class=\"wp-image-2121\" srcset=\"https:\/\/parisconcarlo.com\/es\/wp-content\/uploads\/sites\/4\/2023\/04\/museo-del-perfume-paris-1024x762.webp 1024w, https:\/\/parisconcarlo.com\/es\/wp-content\/uploads\/sites\/4\/2023\/04\/museo-del-perfume-paris-300x223.webp 300w, https:\/\/parisconcarlo.com\/es\/wp-content\/uploads\/sites\/4\/2023\/04\/museo-del-perfume-paris-768x571.webp 768w, https:\/\/parisconcarlo.com\/es\/wp-content\/uploads\/sites\/4\/2023\/04\/museo-del-perfume-paris-1536x1143.webp 1536w, https:\/\/parisconcarlo.com\/es\/wp-content\/uploads\/sites\/4\/2023\/04\/museo-del-perfume-paris-2048x1523.webp 2048w\" sizes=\"(max-width: 1024px) 100vw, 1024px\" \/><figcaption class=\"wp-element-caption\">Museo del Perfume, Par\u00eds<\/figcaption><\/figure>\n<\/div>\n\n\n<p>\u00bfQui\u00e9n, al menos una vez en la vida, no se ha sentido intrigado por el oficio de \u00abnariz\u00bb?<\/p>\n\n\n\n<p>En Par\u00eds, <strong>puedes aprender m\u00e1s sumergi\u00e9ndote<\/strong> (en sentido figurado) en el particular mundo de los perfumes, al que est\u00e1 dedicado este divertido y educativo museo, ubicado en un edificio de \u00e9poca lleno de historia.<\/p>\n\n\n\n<p>Entre botellas, etiquetas y maquinaria, descubrir\u00e1s los secretos del proceso de producci\u00f3n de las fragancias, desde la recolecci\u00f3n de las materias primas hasta la extracci\u00f3n, destilaci\u00f3n, formulaci\u00f3n, hasta la industrializaci\u00f3n y el embotellado.<\/p>\n\n\n\n<h3 class=\"wp-block-heading\">Por qu\u00e9 ir<\/h3>\n\n\n\n<p>Recorrer unos 3000 a\u00f1os de historia del perfume, adentrarse en el misterioso oficio de las \u00abnarices\u00bb y adentrarse en el <strong>fascinante laberinto del proceso creativo que conduce a la creaci\u00f3n de las fragancias<\/strong>.<\/p>\n\n\n\n<p>Otras buenas razones para visitar este museo: el <strong>magn\u00edfico edificio que lo alberga<\/strong> y la entrada gratuita (las visitas guiadas tambi\u00e9n son gratuitas).<\/p>\n\n\n\n<h3 class=\"wp-block-heading\">Informaci\u00f3n pr\u00e1ctica<\/h3>\n\n\n\n<ul class=\"wp-block-list\">\n<li><strong>D\u00f3nde est\u00e1<\/strong>: 3-5 Square de l&#8217;Op\u00e9ra-Louis Jouvet<\/li>\n\n\n\n<li><strong>Horario<\/strong>: Abierto de lunes a s\u00e1bado de 9:00 am a 6:00 pm<\/li>\n\n\n\n<li><strong>Precios<\/strong>: entrada libre y visita guiada.<\/li>\n<\/ul>\n\n\n\n<h2 class=\"wp-block-heading\">Museo Dal\u00ec Paris<\/h2>\n\n\n<div class=\"wp-block-image\">\n<figure class=\"aligncenter size-full\"><img decoding=\"async\" width=\"700\" height=\"525\" src=\"https:\/\/parisconcarlo.com\/es\/wp-content\/uploads\/sites\/4\/2023\/04\/Espace-dali-montmartre.jpg.webp\" alt=\"Museo Dal\u00ed en Par\u00eds\" class=\"wp-image-2114\" srcset=\"https:\/\/parisconcarlo.com\/es\/wp-content\/uploads\/sites\/4\/2023\/04\/Espace-dali-montmartre.jpg.webp 700w, https:\/\/parisconcarlo.com\/es\/wp-content\/uploads\/sites\/4\/2023\/04\/Espace-dali-montmartre.jpg-300x225.webp 300w\" sizes=\"(max-width: 700px) 100vw, 700px\" \/><figcaption class=\"wp-element-caption\">Museo Dal\u00ed en Par\u00eds<\/figcaption><\/figure>\n<\/div>\n\n\n<p>\u00bfQu\u00e9 pas\u00f3 por la mente de un <strong>gran artista visionario como Salvador Dal\u00ed<\/strong>? \u00a1Qui\u00e9n sabe!<\/p>\n\n\n\n<p>En cualquier caso, para apreciar su obra y tratar de descifrarla, nada mejor que el museo Dal\u00ed, que en el <strong>barrio de Montmatre alberga la mayor colecci\u00f3n de esculturas suyas de Francia<\/strong>.<\/p>\n\n\n\n<p>Las obras de arte en la exposici\u00f3n permanente son m\u00e1s de 300 y tambi\u00e9n incluyen gr\u00e1ficos raros que tratan temas mitol\u00f3gicos, hist\u00f3ricos y religiosos.<\/p>\n\n\n\n<h3 class=\"wp-block-heading\">Por qu\u00e9 ir<\/h3>\n\n\n\n<p>Para recorrer la historia de la carrera art\u00edstica de Dal\u00ed y descubrir tambi\u00e9n una parte menos conocida de su obra. Una cantidad tan grande de obras te revelar\u00e1n completamente su t\u00e9cnica y te transportar\u00e1n a su mundo fant\u00e1stico y surrealista.<\/p>\n\n\n\n<h3 class=\"wp-block-heading\">Informaci\u00f3n pr\u00e1ctica<\/h3>\n\n\n\n<ul class=\"wp-block-list\">\n<li><strong>D\u00f3nde est\u00e1<\/strong>: 11 Rue Poulbot<\/li>\n\n\n\n<li><strong>Horario<\/strong>: est\u00e1 abierto todos los d\u00edas de 10 a 18:30 (6:30pm) (julio y agosto hasta las 20:30-8:30pm)<\/li>\n\n\n\n<li><strong>Precios<\/strong>: 13 \u20ac<\/li>\n<\/ul>\n\n\n\n<div data-tiqets-widget=\"availability\" data-layout=\"compact\" data-product-id=\"977176\" data-language=\"es\" data-partner=\"viajesaparis\" data-tq-campaign=\"15museos-dali\"><\/div><script defer src=\"https:\/\/widgets.tiqets.com\/loader.js\"><\/script>\n\n\n\n<div style=\"height:20px\" aria-hidden=\"true\" class=\"wp-block-spacer\"><\/div>\n\n\n\n<h2 class=\"wp-block-heading\">Fundaci\u00f3n Louis Vuitton<\/h2>\n\n\n<div class=\"wp-block-image\">\n<figure class=\"aligncenter size-full\"><img decoding=\"async\" width=\"700\" height=\"466\" src=\"https:\/\/parisconcarlo.com\/es\/wp-content\/uploads\/sites\/4\/2023\/04\/fundacion-louis-vuitton.webp\" alt=\"Fundaci\u00f3n Louis Vuitton, Par\u00eds\" class=\"wp-image-2115\" srcset=\"https:\/\/parisconcarlo.com\/es\/wp-content\/uploads\/sites\/4\/2023\/04\/fundacion-louis-vuitton.webp 700w, https:\/\/parisconcarlo.com\/es\/wp-content\/uploads\/sites\/4\/2023\/04\/fundacion-louis-vuitton-300x200.webp 300w\" sizes=\"(max-width: 700px) 100vw, 700px\" \/><figcaption class=\"wp-element-caption\">Fundaci\u00f3n Louis Vuitton, Par\u00eds<\/figcaption><\/figure>\n<\/div>\n\n\n<p>La <strong>Fundaci\u00f3n Louis Vuitton se encuentra en un edificio espectacular<\/strong>, rodeado de vegetaci\u00f3n: un enorme velero de acero, dise\u00f1ado por Frank Gehry, un arquitecto canadiense de fama mundial (por ejemplo, el <strong>Guggenheim de Bilbao tambi\u00e9n es suyo<\/strong>).<\/p>\n\n\n\n<p>Esta grandiosa obra de arte moderno cuenta con la presencia de <strong>12 velas transparentes creadas con 3.600 paneles de vidrio templado<\/strong>, caracterizadas por curvas y espirales que la hacen, cuanto menos, sugerente.<\/p>\n\n\n\n<p>En el interior del velero, un \u00e1rea de 11.000 metros cuadrados, con auditorio, galer\u00edas de arte permanentes e inmensos espacios para exposiciones temporales.<\/p>\n\n\n\n<h3 class=\"wp-block-heading\">Por qu\u00e9 ir<\/h3>\n\n\n\n<p>Porque, aunque solo est\u00e1 abierta al p\u00fablico desde 2014, <strong>la estructura se ha convertido en un centro de arte contempor\u00e1neo de referencia<\/strong>, gracias a sus prestigiosas exposiciones.<\/p>\n\n\n\n<p>Adem\u00e1s, es una <strong>joya de la arquitectura contempor\u00e1nea<\/strong> tanto por fuera como por dentro.<\/p>\n\n\n\n<p>Desde sus puntos m\u00e1s altos se pueden admirar maravillosas vistas de la ciudad y hay rincones fotogr\u00e1ficos imperdibles.<\/p>\n\n\n\n<h3 class=\"wp-block-heading\">Informaci\u00f3n pr\u00e1ctica<\/h3>\n\n\n\n<ul class=\"wp-block-list\">\n<li><strong>D\u00f3nde est\u00e1<\/strong>: 8 Avenue du Mahatma Gandhi.<\/li>\n\n\n\n<li><strong>Horario<\/strong>: Lun-Mie-Vie de 12 a 19, Viernes de 12 a 21 y S\u00e1b y Dom de 11 a 20<\/li>\n\n\n\n<li><strong>Precios<\/strong>: 22 \u20ac<\/li>\n<\/ul>\n\n\n\n<div data-tiqets-widget=\"availability\" data-layout=\"compact\" data-product-id=\"974974\" data-language=\"es\" data-partner=\"viajesaparis\" data-tq-campaign=\"15museos-vuitton\"><\/div><script defer src=\"https:\/\/widgets.tiqets.com\/loader.js\"><\/script>\n\n\n\n<div style=\"height:20px\" aria-hidden=\"true\" class=\"wp-block-spacer\"><\/div>\n\n\n\n<h2 class=\"wp-block-heading\">Museo Carnavalet<\/h2>\n\n\n<div class=\"wp-block-image\">\n<figure class=\"aligncenter size-full\"><img decoding=\"async\" width=\"700\" height=\"467\" src=\"https:\/\/parisconcarlo.com\/es\/wp-content\/uploads\/sites\/4\/2023\/04\/Museo-Carnavalet.jpg.webp\" alt=\"Museo Carnavalet de Par\u00eds\" class=\"wp-image-2117\" srcset=\"https:\/\/parisconcarlo.com\/es\/wp-content\/uploads\/sites\/4\/2023\/04\/Museo-Carnavalet.jpg.webp 700w, https:\/\/parisconcarlo.com\/es\/wp-content\/uploads\/sites\/4\/2023\/04\/Museo-Carnavalet.jpg-300x200.webp 300w\" sizes=\"(max-width: 700px) 100vw, 700px\" \/><figcaption class=\"wp-element-caption\">Museo Carnavalet de Par\u00eds<\/figcaption><\/figure>\n<\/div>\n\n\n<p>El <strong><a href=\"https:\/\/parisconcarlo.com\/es\/museo-carnavalet\/\">museo Carnavalet<\/a><\/strong> est\u00e1 ubicado en el <strong>distrito de Marais<\/strong>, dentro de dos edificios conectados por una galer\u00eda (ubicados en el primer piso): el hotel Carnavalet y el hotel \u00abLe Peletier de Saint-Fargeau\u00bb.<\/p>\n\n\n\n<p>Este museo <strong>celebra el pasado de Par\u00eds<\/strong>, contando los eventos y las historias de las personas que crearon la ciudad durante miles de a\u00f1os de historia. <\/p>\n\n\n\n<p><strong>Exhibe objetos del pasado<\/strong>, muebles, modelos de monumentos antiguos, letreros, pinturas, esculturas, grabados, carteles y obras de arte que destacan la transformaci\u00f3n social y urbana de Par\u00eds.<\/p>\n\n\n\n<h4 class=\"wp-block-heading\">Por qu\u00e9 ir<\/h4>\n\n\n\n<p>Par\u00eds se hace querer, es muy cierto, pero si est\u00e1s enamorado de ella, \u00a1tienes que conocerla bien! Este museo te ofrece, de hecho, la preciosa oportunidad de explorar las complejidades de la identidad parisina.<\/p>\n\n\n\n<h3 class=\"wp-block-heading\">Informaci\u00f3n practica<\/h3>\n\n\n\n<ul class=\"wp-block-list\">\n<li><strong>D\u00f3nde est\u00e1<\/strong>: 16 Rue des Francs Bourgeois.<\/li>\n\n\n\n<li><strong>Horario<\/strong>: de martes a domingo de 10 a 18. Lunes cerrado.<\/li>\n\n\n\n<li><strong>Precios<\/strong>: Gratis.<\/li>\n<\/ul>\n","protected":false},"excerpt":{"rendered":"<p>Par\u00eds es una ciudad f\u00e1cil de amar, por su ambiente incomparable y por las muchas atracciones que ofrece. \u00a1Entre estos, los museos merecen un lugar de honor! Por eso quiero hablarte de los 15 museos m\u00e1s bonitos de Par\u00eds. Preguntas m\u00e1s frecuentes sobre los museos de Par\u00eds Antes de lanzarme a descubrir los distintos museos,&#8230;<\/p>\n","protected":false},"author":4,"featured_media":2112,"comment_status":"open","ping_status":"closed","sticky":false,"template":"","format":"standard","meta":{"_kad_blocks_custom_css":"","_kad_blocks_head_custom_js":"","_kad_blocks_body_custom_js":"","_kad_blocks_footer_custom_js":"","_kad_post_transparent":"","_kad_post_title":"","_kad_post_layout":"","_kad_post_sidebar_id":"","_kad_post_content_style":"","_kad_post_vertical_padding":"","_kad_post_feature":"","_kad_post_feature_position":"","_kad_post_header":false,"_kad_post_footer":false,"_kad_post_classname":"","footnotes":""},"categories":[15],"tags":[],"class_list":["post-2110","post","type-post","status-publish","format-standard","has-post-thumbnail","hentry","category-que-ver-en-paris"],"yoast_head":"<!-- This site is optimized with the Yoast SEO plugin v27.1.1 - https:\/\/yoast.com\/product\/yoast-seo-wordpress\/ -->\n<title>Los 15 museos de Par\u00eds m\u00e1s importantes que debe visitar<\/title>\n<meta name=\"description\" content=\"Par\u00eds es uno de los centros culturales m\u00e1s importantes del mundo con cientos de museos. Descubre los 15 museos de visita obligada.\" \/>\n<meta name=\"robots\" content=\"index, follow, max-snippet:-1, max-image-preview:large, max-video-preview:-1\" \/>\n<link rel=\"canonical\" href=\"https:\/\/parisconcarlo.com\/es\/los-15-museos-de-paris-imperdibles\/\" \/>\n<meta property=\"og:locale\" content=\"es_ES\" \/>\n<meta property=\"og:type\" content=\"article\" \/>\n<meta property=\"og:title\" content=\"Los 15 museos de Par\u00eds m\u00e1s importantes que debe visitar\" \/>\n<meta property=\"og:description\" content=\"Par\u00eds es uno de los centros culturales m\u00e1s importantes del mundo con cientos de museos. Descubre los 15 museos de visita obligada.\" \/>\n<meta property=\"og:url\" content=\"https:\/\/parisconcarlo.com\/es\/los-15-museos-de-paris-imperdibles\/\" \/>\n<meta property=\"og:site_name\" content=\"Paris con Carlo\" \/>\n<meta property=\"article:published_time\" content=\"2023-04-17T14:28:46+00:00\" \/>\n<meta property=\"article:modified_time\" content=\"2024-04-15T15:20:42+00:00\" \/>\n<meta property=\"og:image\" content=\"https:\/\/parisconcarlo.com\/es\/wp-content\/uploads\/sites\/4\/2023\/04\/15-museos-imperdibles-paris.webp\" \/>\n\t<meta property=\"og:image:width\" content=\"900\" \/>\n\t<meta property=\"og:image:height\" content=\"600\" \/>\n\t<meta property=\"og:image:type\" content=\"image\/webp\" \/>\n<meta name=\"author\" content=\"Carlo Galici\" \/>\n<meta name=\"twitter:card\" content=\"summary_large_image\" \/>\n<meta name=\"twitter:label1\" content=\"Escrito por\" \/>\n\t<meta name=\"twitter:data1\" content=\"Carlo Galici\" \/>\n\t<meta name=\"twitter:label2\" content=\"Tiempo de lectura\" \/>\n\t<meta name=\"twitter:data2\" content=\"236 minutos\" \/>\n<script type=\"application\/ld+json\" class=\"yoast-schema-graph\">{\"@context\":\"https:\/\/schema.org\",\"@graph\":[{\"@type\":\"Article\",\"@id\":\"https:\/\/parisconcarlo.com\/es\/los-15-museos-de-paris-imperdibles\/#article\",\"isPartOf\":{\"@id\":\"https:\/\/parisconcarlo.com\/es\/los-15-museos-de-paris-imperdibles\/\"},\"author\":{\"name\":\"Carlo Galici\",\"@id\":\"https:\/\/parisconcarlo.com\/es\/#\/schema\/person\/50c9697865d01ff2d6201f18aced1111\"},\"headline\":\"Los 15 museos de Par\u00eds imperdibles\",\"datePublished\":\"2023-04-17T14:28:46+00:00\",\"dateModified\":\"2024-04-15T15:20:42+00:00\",\"mainEntityOfPage\":{\"@id\":\"https:\/\/parisconcarlo.com\/es\/los-15-museos-de-paris-imperdibles\/\"},\"wordCount\":3592,\"commentCount\":0,\"publisher\":{\"@id\":\"https:\/\/parisconcarlo.com\/es\/#organization\"},\"image\":{\"@id\":\"https:\/\/parisconcarlo.com\/es\/los-15-museos-de-paris-imperdibles\/#primaryimage\"},\"thumbnailUrl\":\"https:\/\/parisconcarlo.com\/es\/wp-content\/uploads\/sites\/4\/2023\/04\/15-museos-imperdibles-paris.webp\",\"articleSection\":[\"Qu\u00e9 ver en Par\u00eds\"],\"inLanguage\":\"es\"},{\"@type\":\"WebPage\",\"@id\":\"https:\/\/parisconcarlo.com\/es\/los-15-museos-de-paris-imperdibles\/\",\"url\":\"https:\/\/parisconcarlo.com\/es\/los-15-museos-de-paris-imperdibles\/\",\"name\":\"Los 15 museos de Par\u00eds m\u00e1s importantes que debe visitar\",\"isPartOf\":{\"@id\":\"https:\/\/parisconcarlo.com\/es\/#website\"},\"primaryImageOfPage\":{\"@id\":\"https:\/\/parisconcarlo.com\/es\/los-15-museos-de-paris-imperdibles\/#primaryimage\"},\"image\":{\"@id\":\"https:\/\/parisconcarlo.com\/es\/los-15-museos-de-paris-imperdibles\/#primaryimage\"},\"thumbnailUrl\":\"https:\/\/parisconcarlo.com\/es\/wp-content\/uploads\/sites\/4\/2023\/04\/15-museos-imperdibles-paris.webp\",\"datePublished\":\"2023-04-17T14:28:46+00:00\",\"dateModified\":\"2024-04-15T15:20:42+00:00\",\"description\":\"Par\u00eds es uno de los centros culturales m\u00e1s importantes del mundo con cientos de museos. Descubre los 15 museos de visita obligada.\",\"breadcrumb\":{\"@id\":\"https:\/\/parisconcarlo.com\/es\/los-15-museos-de-paris-imperdibles\/#breadcrumb\"},\"inLanguage\":\"es\",\"potentialAction\":[{\"@type\":\"ReadAction\",\"target\":[\"https:\/\/parisconcarlo.com\/es\/los-15-museos-de-paris-imperdibles\/\"]}]},{\"@type\":\"ImageObject\",\"inLanguage\":\"es\",\"@id\":\"https:\/\/parisconcarlo.com\/es\/los-15-museos-de-paris-imperdibles\/#primaryimage\",\"url\":\"https:\/\/parisconcarlo.com\/es\/wp-content\/uploads\/sites\/4\/2023\/04\/15-museos-imperdibles-paris.webp\",\"contentUrl\":\"https:\/\/parisconcarlo.com\/es\/wp-content\/uploads\/sites\/4\/2023\/04\/15-museos-imperdibles-paris.webp\",\"width\":900,\"height\":600,\"caption\":\"Los museos imperdibles de Par\u00eds\"},{\"@type\":\"BreadcrumbList\",\"@id\":\"https:\/\/parisconcarlo.com\/es\/los-15-museos-de-paris-imperdibles\/#breadcrumb\",\"itemListElement\":[{\"@type\":\"ListItem\",\"position\":1,\"name\":\"Home\",\"item\":\"https:\/\/parisconcarlo.com\/es\/\"},{\"@type\":\"ListItem\",\"position\":2,\"name\":\"Qu\u00e9 ver en Par\u00eds\",\"item\":\"https:\/\/parisconcarlo.com\/es\/que-ver-en-paris\/\"},{\"@type\":\"ListItem\",\"position\":3,\"name\":\"Los 15 museos de Par\u00eds imperdibles\"}]},{\"@type\":\"WebSite\",\"@id\":\"https:\/\/parisconcarlo.com\/es\/#website\",\"url\":\"https:\/\/parisconcarlo.com\/es\/\",\"name\":\"Paris con Carlo\",\"description\":\"\",\"publisher\":{\"@id\":\"https:\/\/parisconcarlo.com\/es\/#organization\"},\"potentialAction\":[{\"@type\":\"SearchAction\",\"target\":{\"@type\":\"EntryPoint\",\"urlTemplate\":\"https:\/\/parisconcarlo.com\/es\/?s={search_term_string}\"},\"query-input\":{\"@type\":\"PropertyValueSpecification\",\"valueRequired\":true,\"valueName\":\"search_term_string\"}}],\"inLanguage\":\"es\"},{\"@type\":\"Organization\",\"@id\":\"https:\/\/parisconcarlo.com\/es\/#organization\",\"name\":\"Paris con Carlo\",\"url\":\"https:\/\/parisconcarlo.com\/es\/\",\"logo\":{\"@type\":\"ImageObject\",\"inLanguage\":\"es\",\"@id\":\"https:\/\/parisconcarlo.com\/es\/#\/schema\/logo\/image\/\",\"url\":\"https:\/\/parisconcarlo.com\/es\/wp-content\/uploads\/sites\/4\/2024\/03\/logo-parisconcarlo-horizontal-live-3.jpg\",\"contentUrl\":\"https:\/\/parisconcarlo.com\/es\/wp-content\/uploads\/sites\/4\/2024\/03\/logo-parisconcarlo-horizontal-live-3.jpg\",\"width\":700,\"height\":214,\"caption\":\"Paris con Carlo\"},\"image\":{\"@id\":\"https:\/\/parisconcarlo.com\/es\/#\/schema\/logo\/image\/\"}},{\"@type\":\"Person\",\"@id\":\"https:\/\/parisconcarlo.com\/es\/#\/schema\/person\/50c9697865d01ff2d6201f18aced1111\",\"name\":\"Carlo Galici\",\"image\":{\"@type\":\"ImageObject\",\"inLanguage\":\"es\",\"@id\":\"https:\/\/parisconcarlo.com\/es\/#\/schema\/person\/image\/\",\"url\":\"https:\/\/secure.gravatar.com\/avatar\/06ec8e24b85ce32c8ceb183bc6c1b1ebff541395ffd1a8389c806e4b78969839?s=96&d=mm&r=g\",\"contentUrl\":\"https:\/\/secure.gravatar.com\/avatar\/06ec8e24b85ce32c8ceb183bc6c1b1ebff541395ffd1a8389c806e4b78969839?s=96&d=mm&r=g\",\"caption\":\"Carlo Galici\"},\"url\":\"https:\/\/parisconcarlo.com\/es\/author\/carlogalici\/\"}]}<\/script>\n<!-- \/ Yoast SEO plugin. -->","yoast_head_json":{"title":"Los 15 museos de Par\u00eds m\u00e1s importantes que debe visitar","description":"Par\u00eds es uno de los centros culturales m\u00e1s importantes del mundo con cientos de museos. Descubre los 15 museos de visita obligada.","robots":{"index":"index","follow":"follow","max-snippet":"max-snippet:-1","max-image-preview":"max-image-preview:large","max-video-preview":"max-video-preview:-1"},"canonical":"https:\/\/parisconcarlo.com\/es\/los-15-museos-de-paris-imperdibles\/","og_locale":"es_ES","og_type":"article","og_title":"Los 15 museos de Par\u00eds m\u00e1s importantes que debe visitar","og_description":"Par\u00eds es uno de los centros culturales m\u00e1s importantes del mundo con cientos de museos. Descubre los 15 museos de visita obligada.","og_url":"https:\/\/parisconcarlo.com\/es\/los-15-museos-de-paris-imperdibles\/","og_site_name":"Paris con Carlo","article_published_time":"2023-04-17T14:28:46+00:00","article_modified_time":"2024-04-15T15:20:42+00:00","og_image":[{"width":900,"height":600,"url":"https:\/\/parisconcarlo.com\/es\/wp-content\/uploads\/sites\/4\/2023\/04\/15-museos-imperdibles-paris.webp","type":"image\/webp"}],"author":"Carlo Galici","twitter_card":"summary_large_image","twitter_misc":{"Escrito por":"Carlo Galici","Tiempo de lectura":"236 minutos"},"schema":{"@context":"https:\/\/schema.org","@graph":[{"@type":"Article","@id":"https:\/\/parisconcarlo.com\/es\/los-15-museos-de-paris-imperdibles\/#article","isPartOf":{"@id":"https:\/\/parisconcarlo.com\/es\/los-15-museos-de-paris-imperdibles\/"},"author":{"name":"Carlo Galici","@id":"https:\/\/parisconcarlo.com\/es\/#\/schema\/person\/50c9697865d01ff2d6201f18aced1111"},"headline":"Los 15 museos de Par\u00eds imperdibles","datePublished":"2023-04-17T14:28:46+00:00","dateModified":"2024-04-15T15:20:42+00:00","mainEntityOfPage":{"@id":"https:\/\/parisconcarlo.com\/es\/los-15-museos-de-paris-imperdibles\/"},"wordCount":3592,"commentCount":0,"publisher":{"@id":"https:\/\/parisconcarlo.com\/es\/#organization"},"image":{"@id":"https:\/\/parisconcarlo.com\/es\/los-15-museos-de-paris-imperdibles\/#primaryimage"},"thumbnailUrl":"https:\/\/parisconcarlo.com\/es\/wp-content\/uploads\/sites\/4\/2023\/04\/15-museos-imperdibles-paris.webp","articleSection":["Qu\u00e9 ver en Par\u00eds"],"inLanguage":"es"},{"@type":"WebPage","@id":"https:\/\/parisconcarlo.com\/es\/los-15-museos-de-paris-imperdibles\/","url":"https:\/\/parisconcarlo.com\/es\/los-15-museos-de-paris-imperdibles\/","name":"Los 15 museos de Par\u00eds m\u00e1s importantes que debe visitar","isPartOf":{"@id":"https:\/\/parisconcarlo.com\/es\/#website"},"primaryImageOfPage":{"@id":"https:\/\/parisconcarlo.com\/es\/los-15-museos-de-paris-imperdibles\/#primaryimage"},"image":{"@id":"https:\/\/parisconcarlo.com\/es\/los-15-museos-de-paris-imperdibles\/#primaryimage"},"thumbnailUrl":"https:\/\/parisconcarlo.com\/es\/wp-content\/uploads\/sites\/4\/2023\/04\/15-museos-imperdibles-paris.webp","datePublished":"2023-04-17T14:28:46+00:00","dateModified":"2024-04-15T15:20:42+00:00","description":"Par\u00eds es uno de los centros culturales m\u00e1s importantes del mundo con cientos de museos. Descubre los 15 museos de visita obligada.","breadcrumb":{"@id":"https:\/\/parisconcarlo.com\/es\/los-15-museos-de-paris-imperdibles\/#breadcrumb"},"inLanguage":"es","potentialAction":[{"@type":"ReadAction","target":["https:\/\/parisconcarlo.com\/es\/los-15-museos-de-paris-imperdibles\/"]}]},{"@type":"ImageObject","inLanguage":"es","@id":"https:\/\/parisconcarlo.com\/es\/los-15-museos-de-paris-imperdibles\/#primaryimage","url":"https:\/\/parisconcarlo.com\/es\/wp-content\/uploads\/sites\/4\/2023\/04\/15-museos-imperdibles-paris.webp","contentUrl":"https:\/\/parisconcarlo.com\/es\/wp-content\/uploads\/sites\/4\/2023\/04\/15-museos-imperdibles-paris.webp","width":900,"height":600,"caption":"Los museos imperdibles de Par\u00eds"},{"@type":"BreadcrumbList","@id":"https:\/\/parisconcarlo.com\/es\/los-15-museos-de-paris-imperdibles\/#breadcrumb","itemListElement":[{"@type":"ListItem","position":1,"name":"Home","item":"https:\/\/parisconcarlo.com\/es\/"},{"@type":"ListItem","position":2,"name":"Qu\u00e9 ver en Par\u00eds","item":"https:\/\/parisconcarlo.com\/es\/que-ver-en-paris\/"},{"@type":"ListItem","position":3,"name":"Los 15 museos de Par\u00eds imperdibles"}]},{"@type":"WebSite","@id":"https:\/\/parisconcarlo.com\/es\/#website","url":"https:\/\/parisconcarlo.com\/es\/","name":"Paris con Carlo","description":"","publisher":{"@id":"https:\/\/parisconcarlo.com\/es\/#organization"},"potentialAction":[{"@type":"SearchAction","target":{"@type":"EntryPoint","urlTemplate":"https:\/\/parisconcarlo.com\/es\/?s={search_term_string}"},"query-input":{"@type":"PropertyValueSpecification","valueRequired":true,"valueName":"search_term_string"}}],"inLanguage":"es"},{"@type":"Organization","@id":"https:\/\/parisconcarlo.com\/es\/#organization","name":"Paris con Carlo","url":"https:\/\/parisconcarlo.com\/es\/","logo":{"@type":"ImageObject","inLanguage":"es","@id":"https:\/\/parisconcarlo.com\/es\/#\/schema\/logo\/image\/","url":"https:\/\/parisconcarlo.com\/es\/wp-content\/uploads\/sites\/4\/2024\/03\/logo-parisconcarlo-horizontal-live-3.jpg","contentUrl":"https:\/\/parisconcarlo.com\/es\/wp-content\/uploads\/sites\/4\/2024\/03\/logo-parisconcarlo-horizontal-live-3.jpg","width":700,"height":214,"caption":"Paris con Carlo"},"image":{"@id":"https:\/\/parisconcarlo.com\/es\/#\/schema\/logo\/image\/"}},{"@type":"Person","@id":"https:\/\/parisconcarlo.com\/es\/#\/schema\/person\/50c9697865d01ff2d6201f18aced1111","name":"Carlo Galici","image":{"@type":"ImageObject","inLanguage":"es","@id":"https:\/\/parisconcarlo.com\/es\/#\/schema\/person\/image\/","url":"https:\/\/secure.gravatar.com\/avatar\/06ec8e24b85ce32c8ceb183bc6c1b1ebff541395ffd1a8389c806e4b78969839?s=96&d=mm&r=g","contentUrl":"https:\/\/secure.gravatar.com\/avatar\/06ec8e24b85ce32c8ceb183bc6c1b1ebff541395ffd1a8389c806e4b78969839?s=96&d=mm&r=g","caption":"Carlo Galici"},"url":"https:\/\/parisconcarlo.com\/es\/author\/carlogalici\/"}]}},"taxonomy_info":{"category":[{"value":15,"label":"Qu\u00e9 ver en Par\u00eds"}]},"featured_image_src_large":["https:\/\/parisconcarlo.com\/es\/wp-content\/uploads\/sites\/4\/2023\/04\/15-museos-imperdibles-paris.webp",900,600,false],"author_info":{"display_name":"Carlo Galici","author_link":"https:\/\/parisconcarlo.com\/es\/author\/carlogalici\/"},"comment_info":"","category_info":[{"term_id":15,"name":"Qu\u00e9 ver en Par\u00eds","slug":"que-ver-en-paris","term_group":0,"term_taxonomy_id":15,"taxonomy":"category","description":"","parent":0,"count":60,"filter":"raw","cat_ID":15,"category_count":60,"category_description":"","cat_name":"Qu\u00e9 ver en Par\u00eds","category_nicename":"que-ver-en-paris","category_parent":0}],"tag_info":false,"_links":{"self":[{"href":"https:\/\/parisconcarlo.com\/es\/wp-json\/wp\/v2\/posts\/2110","targetHints":{"allow":["GET"]}}],"collection":[{"href":"https:\/\/parisconcarlo.com\/es\/wp-json\/wp\/v2\/posts"}],"about":[{"href":"https:\/\/parisconcarlo.com\/es\/wp-json\/wp\/v2\/types\/post"}],"author":[{"embeddable":true,"href":"https:\/\/parisconcarlo.com\/es\/wp-json\/wp\/v2\/users\/4"}],"replies":[{"embeddable":true,"href":"https:\/\/parisconcarlo.com\/es\/wp-json\/wp\/v2\/comments?post=2110"}],"version-history":[{"count":0,"href":"https:\/\/parisconcarlo.com\/es\/wp-json\/wp\/v2\/posts\/2110\/revisions"}],"wp:featuredmedia":[{"embeddable":true,"href":"https:\/\/parisconcarlo.com\/es\/wp-json\/wp\/v2\/media\/2112"}],"wp:attachment":[{"href":"https:\/\/parisconcarlo.com\/es\/wp-json\/wp\/v2\/media?parent=2110"}],"wp:term":[{"taxonomy":"category","embeddable":true,"href":"https:\/\/parisconcarlo.com\/es\/wp-json\/wp\/v2\/categories?post=2110"},{"taxonomy":"post_tag","embeddable":true,"href":"https:\/\/parisconcarlo.com\/es\/wp-json\/wp\/v2\/tags?post=2110"}],"curies":[{"name":"wp","href":"https:\/\/api.w.org\/{rel}","templated":true}]}}