{"id":195,"date":"2022-10-28T17:32:59","date_gmt":"2022-10-28T15:32:59","guid":{"rendered":"https:\/\/parisconcarlo.com\/es\/?page_id=195"},"modified":"2024-08-09T08:26:23","modified_gmt":"2024-08-09T06:26:23","slug":"restaurantes-en-la-torre-eiffel","status":"publish","type":"post","link":"https:\/\/parisconcarlo.com\/es\/restaurantes-en-la-torre-eiffel\/","title":{"rendered":"Restaurantes en la Torre Eiffel: precios, c\u00f3mo reservar y c\u00f3mo llegar"},"content":{"rendered":"\n<p>La <a href=\"https:\/\/parisconcarlo.com\/es\/torre-eiffel\/\"><strong>Torre Eiffel<\/strong><\/a> es uno de los monumentos m\u00e1s emblem\u00e1ticos y \u00abm\u00e1s j\u00f3venes\u00bb de la ciudad de Par\u00eds. Cada a\u00f1o, miles de personas pasan junto a ella, se detienen para hacerse una foto con ella o deciden subirse a su estructura de hierro para admirar el panorama de Par\u00eds desde lo alto.<\/p>\n\n\n\n<p>Entre las bellezas de la Dama de Hierro no solo est\u00e1 el panorama, sino tambi\u00e9n la buena comida que se ofrece en sus prestigiosos restaurantes.<\/p>\n\n\n<style>.kb-table-of-content-nav.kb-table-of-content-id_2f54b1-3c .kb-table-of-content-wrap{padding-top:var(--global-kb-spacing-sm, 1.5rem);padding-right:var(--global-kb-spacing-sm, 1.5rem);padding-bottom:var(--global-kb-spacing-sm, 1.5rem);padding-left:var(--global-kb-spacing-sm, 1.5rem);background-color:#f2d115;}.kb-table-of-content-nav.kb-table-of-content-id_2f54b1-3c .kb-table-of-contents-title-wrap{padding-top:0px;padding-right:0px;padding-bottom:0px;padding-left:0px;}.kb-table-of-content-nav.kb-table-of-content-id_2f54b1-3c .kb-table-of-contents-title{font-weight:regular;font-style:normal;}.kb-table-of-content-nav.kb-table-of-content-id_2f54b1-3c .kb-table-of-content-wrap .kb-table-of-content-list{font-weight:regular;font-style:normal;margin-top:var(--global-kb-spacing-sm, 1.5rem);margin-right:0px;margin-bottom:0px;margin-left:0px;}.kb-table-of-content-nav.kb-table-of-content-id_2f54b1-3c .kb-toggle-icon-style-basiccircle .kb-table-of-contents-icon-trigger:after, .kb-table-of-content-nav.kb-table-of-content-id_2f54b1-3c .kb-toggle-icon-style-basiccircle .kb-table-of-contents-icon-trigger:before, .kb-table-of-content-nav.kb-table-of-content-id_2f54b1-3c .kb-toggle-icon-style-arrowcircle .kb-table-of-contents-icon-trigger:after, .kb-table-of-content-nav.kb-table-of-content-id_2f54b1-3c .kb-toggle-icon-style-arrowcircle .kb-table-of-contents-icon-trigger:before, .kb-table-of-content-nav.kb-table-of-content-id_2f54b1-3c .kb-toggle-icon-style-xclosecircle .kb-table-of-contents-icon-trigger:after, .kb-table-of-content-nav.kb-table-of-content-id_2f54b1-3c .kb-toggle-icon-style-xclosecircle .kb-table-of-contents-icon-trigger:before{background-color:#f2d115;}<\/style>\n\n\n<h2 class=\"wp-block-heading\">\u00bfCu\u00e1ntos hay y cu\u00e1les son?<\/h2>\n\n\n\n<p>Adem\u00e1s de un buffet donde podr\u00e1 disfrutar de comidas r\u00e1pidas, hay tres restaurantes en la torre m\u00e1s famosa de Francia y un bar de champ\u00e1n:<\/p>\n\n\n\n<ul class=\"wp-block-list\">\n<li><strong>Madame Brasserie<\/strong> (ex 58 Tour Eiffel) en el primer piso;<\/li>\n\n\n\n<li>el <strong>prestigioso Jules Vernes<\/strong> en el segundo piso, dirigido por el chef multiestrellado Alain Ducasse;<\/li>\n\n\n\n<li>los buffets que se encuentran tanto en el primer piso como en el segundo piso;<\/li>\n\n\n\n<li><strong>Champagne Bar<\/strong> en el nivel Top, el \u00faltimo, en la parte superior.<br><\/li>\n<\/ul>\n\n\n\n<h2 class=\"wp-block-heading\">\u00bfEs posible almorzar y cenar?<\/h2>\n\n\n\n<p>S\u00ed, los restaurantes ofrecen a los clientes la <strong>oportunidad de detenerse y degustar sus deliciosos platos tanto para el almuerzo como para la cena<\/strong>, y ofrecen men\u00fas extremadamente innovadores y sofisticados que nunca son banales.<\/p>\n\n\n\n<p>En la <strong>Madame Brasserie tambi\u00e9n es posible desayunar<\/strong>.<\/p>\n\n\n\n<h2 class=\"wp-block-heading\">Restaurante Madame Brasserie (ex 58 Tour Eiffel)<\/h2>\n\n\n<div class=\"wp-block-image\">\n<figure class=\"aligncenter size-full\"><img decoding=\"async\" width=\"700\" height=\"459\" src=\"https:\/\/parisconcarlo.com\/es\/wp-content\/uploads\/sites\/4\/2023\/02\/restaurantes-madame-brasserie-tour-eiffel.webp\" alt=\"Restaurante Madame Brasserie en la Torre Eiffel\" class=\"wp-image-1573\" srcset=\"https:\/\/parisconcarlo.com\/es\/wp-content\/uploads\/sites\/4\/2023\/02\/restaurantes-madame-brasserie-tour-eiffel.webp 700w, https:\/\/parisconcarlo.com\/es\/wp-content\/uploads\/sites\/4\/2023\/02\/restaurantes-madame-brasserie-tour-eiffel-300x197.webp 300w\" sizes=\"(max-width: 700px) 100vw, 700px\" \/><figcaption class=\"wp-element-caption\">Restaurante Madame Brasserie en la Torre Eiffel<\/figcaption><\/figure>\n<\/div>\n\n\n<p><strong>Ubicado en el primer piso<\/strong>, Madame Brasserie, <strong>dirigida por el chef Thierry Marx<\/strong>, galardonado con una estrella Michelin, es uno de los dos restaurantes de la Torre.<\/p>\n\n\n\n<p>Completamente acristalado, ofrece una <strong>magn\u00edfica vista del <a href=\"https:\/\/parisconcarlo.com\/es\/trocadero-de-paris\/\">Trocad\u00e9ro<\/a> y del Palais Chaillot<\/strong> si se mira hacia el exterior, y de la espectacular estructura de hierro si se vuelve la mirada hacia el interior.<\/p>\n\n\n\n<p>El <strong>ambiente de la Madame Brasserie es familiar y refinado<\/strong> al mismo tiempo: durante el d\u00eda, es el escenario ideal para un picnic decididamente chic, mientras que por la noche se transforma en un ambiente caracterizado por una atm\u00f3sfera \u00edntima, amortiguada y enrarecida, con la ciudad de Par\u00eds se ilumina a tus pies.<\/p>\n\n\n\n<h3 class=\"wp-block-heading\">Precios y men\u00fa de Madame Brasserie<\/h3>\n\n\n\n<p>El restaurante ofrece diferentes tipos de men\u00fas y experiencias de degustaci\u00f3n.<\/p>\n\n\n\n<h3 class=\"wp-block-heading\">Almuerzo<\/h3>\n\n\n\n<p>Aquellos que deseen <strong>almorzar en Madame Brasserie<\/strong> pueden reservar con anticipaci\u00f3n (el boleto para subir al 1er piso de la Torre tambi\u00e9n est\u00e1 incluido en el precio del almuerzo).<\/p>\n\n\n\n<p>Si has reservado mesa, debes recordar acudir al quiosco del restaurante, donde podr\u00e1s recoger tus entradas (al menos 45 minutos antes de la hora reservada) y acceder a la torre a trav\u00e9s de un acceso privilegiado.<\/p>\n\n\n\n<p>La comida se sirve en dos franjas horarias diferentes, a las <strong>12:00 y a las 13:30<\/strong> (1:30 pm) e incluye Entrante + 1 plato a elegir + postre.<\/p>\n\n\n\n<p>Los precios del almuerzo son:<\/p>\n\n\n\n<ul class=\"wp-block-list\">\n<li>57 \u20ac para el men\u00fa Brasserie sin bebidas<\/li>\n\n\n\n<li>78\u20ac el men\u00fa Madame sin bebida<\/li>\n\n\n\n<li>94\u20ac el men\u00fa Madame con bebidas<\/li>\n\n\n\n<li>Los ni\u00f1os de 4 a 11 a\u00f1os pagan 29\u20ac de entrada + primer plato + postre, bebida incluida<\/li>\n<\/ul>\n\n\n<style>.wp-block-kadence-advancedbtn.kb-btns195_9ae791-57{gap:var(--global-kb-gap-xs, 0.5rem );justify-content:center;align-items:center;}.kt-btns195_9ae791-57 .kt-button{font-weight:normal;font-style:normal;}.kt-btns195_9ae791-57 .kt-btn-wrap-0{margin-right:5px;}.wp-block-kadence-advancedbtn.kt-btns195_9ae791-57 .kt-btn-wrap-0 .kt-button{color:#555555;border-color:#555555;}.wp-block-kadence-advancedbtn.kt-btns195_9ae791-57 .kt-btn-wrap-0 .kt-button:hover, .wp-block-kadence-advancedbtn.kt-btns195_9ae791-57 .kt-btn-wrap-0 .kt-button:focus{color:#ffffff;border-color:#444444;}.wp-block-kadence-advancedbtn.kt-btns195_9ae791-57 .kt-btn-wrap-0 .kt-button::before{display:none;}.wp-block-kadence-advancedbtn.kt-btns195_9ae791-57 .kt-btn-wrap-0 .kt-button:hover, .wp-block-kadence-advancedbtn.kt-btns195_9ae791-57 .kt-btn-wrap-0 .kt-button:focus{background:#444444;}<\/style>\n<div class=\"wp-block-kadence-advancedbtn kb-buttons-wrap kb-btns195_9ae791-57\"><style>ul.menu .wp-block-kadence-advancedbtn .kb-btn195_cd258f-be.kb-button{width:initial;}<\/style><a class=\"kb-button kt-button button kb-btn195_cd258f-be kt-btn-size-standard kt-btn-width-type-auto kb-btn-global-inherit  kt-btn-has-text-true kt-btn-has-svg-false  wp-block-button__link wp-block-kadence-singlebtn\" href=\"https:\/\/www.civitatis.com\/es\/paris\/comida-restaurante-torre-eiffel\/?aid=5509&#038;cmp=paom3es_madamebrasserie_almuerzo\" target=\"_blank\" rel=\"noreferrer noopener nofollow sponsored\"><span class=\"kt-btn-inner-text\">Ver disponibilidad<\/span><\/a><\/div>\n\n\n\n<h3 class=\"wp-block-heading\">Cena a las 18:30 (6:30 pm)<\/h3>\n\n\n\n<p>Hay dos horarios de cena. Uno a las 18:30 (6:30 pm) y el otro a las 21 (9 pm) del que te hablar\u00e9 a continuaci\u00f3n. La cena a las 18:30 es m\u00e1s barata que a las 21:00.<\/p>\n\n\n\n<p>Veamos los precios<\/p>\n\n\n\n<ul class=\"wp-block-list\">\n<li><strong>99\u20ac para el men\u00fa Gustave<\/strong> (entrada, plato principal, postre y bebida (copa de cava, vino, agua y caf\u00e9)<\/li>\n\n\n\n<li><strong>124\u20ac el men\u00fa Gustave con bebidas<\/strong><\/li>\n\n\n\n<li><strong>184\u20ac el men\u00fa degustaci\u00f3n Grande Dame con bebidas<\/strong><\/li>\n<\/ul>\n\n\n<style>.wp-block-kadence-advancedbtn.kb-btns195_130861-17{gap:var(--global-kb-gap-xs, 0.5rem );justify-content:center;align-items:center;}.kt-btns195_130861-17 .kt-button{font-weight:normal;font-style:normal;}.kt-btns195_130861-17 .kt-btn-wrap-0{margin-right:5px;}.wp-block-kadence-advancedbtn.kt-btns195_130861-17 .kt-btn-wrap-0 .kt-button{color:#555555;border-color:#555555;}.wp-block-kadence-advancedbtn.kt-btns195_130861-17 .kt-btn-wrap-0 .kt-button:hover, .wp-block-kadence-advancedbtn.kt-btns195_130861-17 .kt-btn-wrap-0 .kt-button:focus{color:#ffffff;border-color:#444444;}.wp-block-kadence-advancedbtn.kt-btns195_130861-17 .kt-btn-wrap-0 .kt-button::before{display:none;}.wp-block-kadence-advancedbtn.kt-btns195_130861-17 .kt-btn-wrap-0 .kt-button:hover, .wp-block-kadence-advancedbtn.kt-btns195_130861-17 .kt-btn-wrap-0 .kt-button:focus{background:#444444;}<\/style>\n<div class=\"wp-block-kadence-advancedbtn kb-buttons-wrap kb-btns195_130861-17\"><style>ul.menu .wp-block-kadence-advancedbtn .kb-btn195_0078bf-3b.kb-button{width:initial;}<\/style><a class=\"kb-button kt-button button kb-btn195_0078bf-3b kt-btn-size-standard kt-btn-width-type-auto kb-btn-global-inherit  kt-btn-has-text-true kt-btn-has-svg-false  wp-block-button__link wp-block-kadence-singlebtn\" href=\"https:\/\/www.getyourguide.es\/paris-l16\/paris-cena-temprana-en-la-madame-brasserie-de-la-torre-eiffel-t431547\/?partner_id=EXCD7A5&#038;utm_medium=online_publisher&#038;cmp=paom3es-madamebrasserie-1830\" target=\"_blank\" rel=\"noreferrer noopener nofollow sponsored\"><span class=\"kt-btn-inner-text\">Ver disponibilidad<\/span><\/a><\/div>\n\n\n\n<h3 class=\"wp-block-heading\">Cena a las 21 (9 pm)<\/h3>\n\n\n\n<p>A la hora de la cena el <strong>restaurante se transforma totalmente<\/strong>, convirti\u00e9ndose en un lugar de ambiente refinado, con una <strong>vista espectacular de la ciudad<\/strong>. <\/p>\n\n\n\n<p>La propuesta para la cena es muy diferente a la del almuerzo, e incluye varios paquetes que ofrecen un men\u00fa tradicional reinterpretado.<\/p>\n\n\n\n<p>Precios:<\/p>\n\n\n\n<ul class=\"wp-block-list\">\n<li><strong>124 \u20ac para el men\u00fa Gustave en el centro del restaurante<\/strong> (entrada, plato principal, postre y bebidas (una copa de cava, vino, agua y caf\u00e9)<\/li>\n\n\n\n<li><strong>184 \u20ac para el men\u00fa Grande Dame con mesa al centro del restaurante<\/strong> (entrada, 2 platos principales, un postre, boller\u00eda y bebidas (una copa de cava, vino, agua y caf\u00e9)<\/li>\n\n\n\n<li><strong>203 \u20ac para el men\u00fa Grande Dame con vistas a Par\u00eds<\/strong> (entrada, 2 platos principales, un postre, boller\u00eda y bebidas (una copa de champ\u00e1n, vino, agua y caf\u00e9)<\/li>\n<\/ul>\n\n\n<style>.wp-block-kadence-advancedbtn.kb-btns195_e91fc3-53{gap:var(--global-kb-gap-xs, 0.5rem );justify-content:center;align-items:center;}.kt-btns195_e91fc3-53 .kt-button{font-weight:normal;font-style:normal;}.kt-btns195_e91fc3-53 .kt-btn-wrap-0{margin-right:5px;}.wp-block-kadence-advancedbtn.kt-btns195_e91fc3-53 .kt-btn-wrap-0 .kt-button{color:#555555;border-color:#555555;}.wp-block-kadence-advancedbtn.kt-btns195_e91fc3-53 .kt-btn-wrap-0 .kt-button:hover, .wp-block-kadence-advancedbtn.kt-btns195_e91fc3-53 .kt-btn-wrap-0 .kt-button:focus{color:#ffffff;border-color:#444444;}.wp-block-kadence-advancedbtn.kt-btns195_e91fc3-53 .kt-btn-wrap-0 .kt-button::before{display:none;}.wp-block-kadence-advancedbtn.kt-btns195_e91fc3-53 .kt-btn-wrap-0 .kt-button:hover, .wp-block-kadence-advancedbtn.kt-btns195_e91fc3-53 .kt-btn-wrap-0 .kt-button:focus{background:#444444;}<\/style>\n<div class=\"wp-block-kadence-advancedbtn kb-buttons-wrap kb-btns195_e91fc3-53\"><style>ul.menu .wp-block-kadence-advancedbtn .kb-btn195_d18e66-a8.kb-button{width:initial;}<\/style><a class=\"kb-button kt-button button kb-btn195_d18e66-a8 kt-btn-size-standard kt-btn-width-type-auto kb-btn-global-inherit  kt-btn-has-text-true kt-btn-has-svg-false  wp-block-button__link wp-block-kadence-singlebtn\" href=\"https:\/\/www.civitatis.com\/es\/paris\/cena-restaurante-torre-eiffel\/?aid=5509&#038;cmp=paom3es_madamebrasserie_cena\" target=\"_blank\" rel=\"noreferrer noopener nofollow sponsored\"><span class=\"kt-btn-inner-text\">Ver disponibilidad<\/span><\/a><\/div>\n\n\n\n<h3 class=\"wp-block-heading\">Horarios del restaurante<\/h3>\n\n\n\n<p>Madame Brasserie abre todos los d\u00edas para el desayuno, el almuerzo y la cena en los siguientes horarios:<\/p>\n\n\n\n<ul class=\"wp-block-list\">\n<li>desayuno 10-12;<\/li>\n\n\n\n<li>almuerzo con dos servicios a las 12 y 13.30 (1:30 pm);<\/li>\n\n\n\n<li>merienda 15-18 (3 pm &#8211; ;<\/li>\n\n\n\n<li>cena \u2013 primer servicio 18:30 &#8211; 20:30 (6:30 pm &#8211; 8:30 pm), segundo servicio 21:00 &#8211; 23:30 (9 pm &#8211; 11:30 pm)<\/li>\n<\/ul>\n\n\n\n<h2 class=\"wp-block-heading\">Restaurante Jules Verne (una estrella Michelin)<\/h2>\n\n\n<div class=\"wp-block-image\">\n<figure class=\"aligncenter size-full\"><img decoding=\"async\" width=\"900\" height=\"596\" src=\"https:\/\/parisconcarlo.com\/es\/wp-content\/uploads\/sites\/4\/2023\/02\/restaurante-jules-verne-tour-eiffel.webp\" alt=\"Restaurante Jules Verne en la Torre Eiffel\" class=\"wp-image-1572\" srcset=\"https:\/\/parisconcarlo.com\/es\/wp-content\/uploads\/sites\/4\/2023\/02\/restaurante-jules-verne-tour-eiffel.webp 900w, https:\/\/parisconcarlo.com\/es\/wp-content\/uploads\/sites\/4\/2023\/02\/restaurante-jules-verne-tour-eiffel-300x199.webp 300w, https:\/\/parisconcarlo.com\/es\/wp-content\/uploads\/sites\/4\/2023\/02\/restaurante-jules-verne-tour-eiffel-768x509.webp 768w\" sizes=\"(max-width: 900px) 100vw, 900px\" \/><figcaption class=\"wp-element-caption\">Restaurante Jules Verne en la Torre Eiffel<\/figcaption><\/figure>\n<\/div>\n\n\n<p>\u201cLe Jules Verne a pour seule ambition d&#8217;\u00eatre lui m\u00eame: leplus bel endroit de Paris pour savourer le plaisir d&#8217;une cuisine fran\u00e7aise contemporaine\u201d \u2013 Alain Ducasse<\/p>\n\n\n\n<p>El Jules Verne es el restaurante gourmet de la Torre Eiffel, propiedad del famoso chef multiestrellado Alain Ducasse, donde es <strong>posible degustar los platos t\u00edpicos de la cocina francesa revisitados en clave contempor\u00e1nea<\/strong>.<\/p>\n\n\n\n<p>Situado en la 2\u00aa planta de la Torre, es un espacio refinado y elegante, en el que se respira una atm\u00f3sfera de ensue\u00f1o, creada por el insuperable Patrick Jouin: durante el d\u00eda sus salas vibran de vitalidad y energ\u00eda, mientras que por la noche el ambiente se vuelve \u00edntimo y recogido. Para enmarcarlo, la maravillosa vista sobre la ciudad de Par\u00eds.<\/p>\n\n\n\n<h3 class=\"wp-block-heading\">Precios y men\u00fas<\/h3>\n\n\n\n<p>Quienes decidan <strong>almorzar o cenar en el Jules Verne<\/strong> podr\u00e1n elegir entre dos itinerarios de degustaci\u00f3n distintos, uno de tres platos y otro de 5 o 6 platos, acompa\u00f1ados de refinados vinos propuestos por los expertos sumilleres del restaurante.<\/p>\n\n\n\n<ul class=\"wp-block-list\">\n<li><strong><a href=\"https:\/\/www.restaurants-toureiffel.com\/upload\/pdf\/787\/A4_Dejeuner%20EN%20prix.en.pdf\" target=\"_blank\" rel=\"noreferrer noopener\">Men\u00fa a la carta<\/a><\/strong>: 140\u20ac. Hay un men\u00fa a la carta a elegir entre un primer plato, un segundo plato (uno a base de pescado y otro a base de carne) y un postre. El coste es de 140\u20ac<\/li>\n\n\n\n<li><strong>Dos itinerarios de degustaci\u00f3n<\/strong>: uno de 5 platos con un coste de 215\u20ac y otro de 7 platos con un coste de 255\u20ac. <a href=\"https:\/\/www.restaurants-toureiffel.com\/upload\/pdf\/792\/Carte_Diner%205%20et%207%20plats%20EN-prix.en.pdf\" target=\"_blank\" rel=\"noreferrer noopener\">Aqu\u00ed puedes ver el men\u00fa<\/a><br><\/li>\n<\/ul>\n\n\n\n<h3 class=\"wp-block-heading\">Horarios del restaurante Jules Verne<\/h3>\n\n\n\n<p>El restaurante est\u00e1 abierto todos los d\u00edas desde las 12 hasta las 13.30 (1:30 pm) y desde las 19 (7 pm) hasta las 21 (9 pm). Cerrado el 14 de julio.<\/p>\n\n\n\n<h2 class=\"wp-block-heading\">Champ\u00e1n bar<\/h2>\n\n\n\n<p>Aunque no es un restaurante, es necesario mencionar el <strong>espl\u00e9ndido Champagne Bar<\/strong> en el \u00faltimo piso de la Torre Eiffel, en el nivel m\u00e1s alto.<\/p>\n\n\n\n<p>Ofrece varias degustaciones del famoso vino franc\u00e9s:<\/p>\n\n\n\n<ul class=\"wp-block-list\">\n<li>2 copas de champ\u00e1n (Mo\u00ebt &amp; Chandon) + caviar: 69\u20ac<\/li>\n\n\n\n<li>1 copa de Champagne Mo\u00ebt &amp; Chandon Imperial ros\u00e9 (12cl): 22\u20ac<\/li>\n\n\n\n<li>1 copa de Coupe Champagne blanco Mo\u00ebt &amp; Chandon: 19\u20ac<\/li>\n\n\n\n<li>Tambi\u00e9n es posible tomar solo una limonada o una botella de agua.<\/li>\n<\/ul>\n\n\n\n<h2 class=\"wp-block-heading\">Restaurantes cerca de la Torre Eiffel<\/h2>\n\n\n\n<figure class=\"wp-block-image size-full\"><img decoding=\"async\" width=\"700\" height=\"466\" src=\"https:\/\/parisconcarlo.com\/es\/wp-content\/uploads\/sites\/4\/2023\/02\/restaurantes-cerca-torre-eiffel.webp\" alt=\"Restaurantes cerca ce la Torre Eiffel\" class=\"wp-image-1571\" srcset=\"https:\/\/parisconcarlo.com\/es\/wp-content\/uploads\/sites\/4\/2023\/02\/restaurantes-cerca-torre-eiffel.webp 700w, https:\/\/parisconcarlo.com\/es\/wp-content\/uploads\/sites\/4\/2023\/02\/restaurantes-cerca-torre-eiffel-300x200.webp 300w\" sizes=\"(max-width: 700px) 100vw, 700px\" \/><figcaption class=\"wp-element-caption\">Restaurantes cerca ce la Torre Eiffel<\/figcaption><\/figure>\n\n\n\n<p>Claro, los restaurantes de la Torre Eiffel son refinados y con clase, pero se puede comer bien, gastando un poco menos, incluso en <strong>uno de los muchos restaurantes que pueblan las calles alrededor del monumento<\/strong>.<\/p>\n\n\n\n<h3 class=\"wp-block-heading\">Au bon accueil<\/h3>\n\n\n\n<p>14, calle de Monttessuy<\/p>\n\n\n\n<p>Es un peque\u00f1o bistr\u00f3 de discreta elegancia, que ofrece a sus clientes platos sabrosos, elaborados con productos de temporada.<\/p>\n\n\n\n<h3 class=\"wp-block-heading\">20 eiffel<\/h3>\n\n\n\n<p>20, calle de Monttessuy<\/p>\n\n\n\n<p>Este local de aspecto sobrio ofrece a sus clientes una carta realmente explosiva, con platos elaborados con productos frescos que se pueden encontrar en el mercado, y que cambian cada mes.<\/p>\n\n\n\n<h2 class=\"wp-block-heading\">Restaurantes con vistas a la Torre Eiffel<\/h2>\n\n\n<div class=\"wp-block-image\">\n<figure class=\"aligncenter size-full\"><img decoding=\"async\" width=\"700\" height=\"528\" src=\"https:\/\/parisconcarlo.com\/es\/wp-content\/uploads\/sites\/4\/2023\/02\/restaurantes-vista-torre-eiffel-georges.webp\" alt=\"Restaurante con vista a la Torre Eiffel\" class=\"wp-image-1570\" srcset=\"https:\/\/parisconcarlo.com\/es\/wp-content\/uploads\/sites\/4\/2023\/02\/restaurantes-vista-torre-eiffel-georges.webp 700w, https:\/\/parisconcarlo.com\/es\/wp-content\/uploads\/sites\/4\/2023\/02\/restaurantes-vista-torre-eiffel-georges-300x226.webp 300w\" sizes=\"(max-width: 700px) 100vw, 700px\" \/><figcaption class=\"wp-element-caption\">Restaurante con vista a la Torre Eiffel<\/figcaption><\/figure>\n<\/div>\n\n\n<p>Es cierto que almorzar o cenar en la Torre Eiffel es una experiencia inolvidable, pero <strong>sentarse en una mesa disfrutando de una excelente comida mientras admiras a la imponente Dama de Hierro<\/strong> tambi\u00e9n puede ser igual de hermoso.<\/p>\n\n\n\n<h3 class=\"wp-block-heading\">Le Georges<\/h3>\n\n\n\n<p><strong>Ubicado en el \u00faltimo piso del <a href=\"https:\/\/parisconcarlo.com\/es\/centro-nacional-de-arte-y-cultura-georges-pompidou\/\">Centro Pompidou<\/a><\/strong>, Le Georges es un restaurante elegante y refinado, que ofrece platos inspirados en la cocina mediterr\u00e1nea, desde donde se puede disfrutar de un panorama de 360\u00b0 de la ciudad de Par\u00eds y la Torre Eiffel.<\/p>\n\n\n\n<h3 class=\"wp-block-heading\">Les Ombres<\/h3>\n\n\n\n<p>El restaurante Les Ombres se encuentra en el <strong>maravilloso marco de los jardines del museo Quai Brainly<\/strong>; desde su posici\u00f3n privilegiada en la terraza, donde podr\u00e1 disfrutar de una excelente cocina contempor\u00e1nea, tiene una hermosa vista de la Torre Eiffel.<\/p>\n\n\n\n<h3 class=\"wp-block-heading\">Maison Blanche<\/h3>\n\n\n\n<p>Ubicado en la <strong>terraza del Th\u00e9\u00e2tre des Champs Elys\u00e9es<\/strong>, el restaurante Maison Blanche, de Bruno Franck, ofrece a sus clientes una experiencia culinaria de alto nivel, combinada con la posibilidad de disfrutar de un panorama impresionante, en cuyo centro se destaca uno de los s\u00edmbolos de la capital francesa.<\/p>\n","protected":false},"excerpt":{"rendered":"<p>La Torre Eiffel es uno de los monumentos m\u00e1s emblem\u00e1ticos y \u00abm\u00e1s j\u00f3venes\u00bb de la ciudad de Par\u00eds. Cada a\u00f1o, miles de personas pasan junto a ella, se detienen para hacerse una foto con ella o deciden subirse a su estructura de hierro para admirar el panorama de Par\u00eds desde lo alto. Entre las bellezas&#8230;<\/p>\n","protected":false},"author":4,"featured_media":1575,"comment_status":"open","ping_status":"closed","sticky":false,"template":"","format":"standard","meta":{"_kad_blocks_custom_css":"","_kad_blocks_head_custom_js":"","_kad_blocks_body_custom_js":"","_kad_blocks_footer_custom_js":"","_kad_post_transparent":"","_kad_post_title":"","_kad_post_layout":"","_kad_post_sidebar_id":"","_kad_post_content_style":"","_kad_post_vertical_padding":"","_kad_post_feature":"","_kad_post_feature_position":"","_kad_post_header":false,"_kad_post_footer":false,"_kad_post_classname":"","footnotes":""},"categories":[11],"tags":[],"class_list":["post-195","post","type-post","status-publish","format-standard","has-post-thumbnail","hentry","category-donde-comer-en-paris"],"yoast_head":"<!-- This site is optimized with the Yoast SEO plugin v27.1.1 - https:\/\/yoast.com\/product\/yoast-seo-wordpress\/ -->\n<title>Restaurantes en la Torre Eiffel: precios, c\u00f3mo reservar y c\u00f3mo llegar - Paris con Carlo<\/title>\n<meta name=\"robots\" content=\"index, follow, max-snippet:-1, max-image-preview:large, max-video-preview:-1\" \/>\n<link rel=\"canonical\" href=\"https:\/\/parisconcarlo.com\/es\/restaurantes-en-la-torre-eiffel\/\" \/>\n<meta property=\"og:locale\" content=\"es_ES\" \/>\n<meta property=\"og:type\" content=\"article\" \/>\n<meta property=\"og:title\" content=\"Restaurantes en la Torre Eiffel: precios, c\u00f3mo reservar y c\u00f3mo llegar - Paris con Carlo\" \/>\n<meta property=\"og:description\" content=\"La Torre Eiffel es uno de los monumentos m\u00e1s emblem\u00e1ticos y \u00abm\u00e1s j\u00f3venes\u00bb de la ciudad de Par\u00eds. Cada a\u00f1o, miles de personas pasan junto a ella, se detienen para hacerse una foto con ella o deciden subirse a su estructura de hierro para admirar el panorama de Par\u00eds desde lo alto. Entre las bellezas...\" \/>\n<meta property=\"og:url\" content=\"https:\/\/parisconcarlo.com\/es\/restaurantes-en-la-torre-eiffel\/\" \/>\n<meta property=\"og:site_name\" content=\"Paris con Carlo\" \/>\n<meta property=\"article:published_time\" content=\"2022-10-28T15:32:59+00:00\" \/>\n<meta property=\"article:modified_time\" content=\"2024-08-09T06:26:23+00:00\" \/>\n<meta property=\"og:image\" content=\"https:\/\/parisconcarlo.com\/es\/wp-content\/uploads\/sites\/4\/2022\/10\/logo-viajes-a-paris.jpeg\" \/>\n\t<meta property=\"og:image:width\" content=\"623\" \/>\n\t<meta property=\"og:image:height\" content=\"188\" \/>\n\t<meta property=\"og:image:type\" content=\"image\/jpeg\" \/>\n<meta name=\"author\" content=\"Carlo Galici\" \/>\n<meta name=\"twitter:card\" content=\"summary_large_image\" \/>\n<meta name=\"twitter:image\" content=\"https:\/\/parisconcarlo.com\/es\/wp-content\/uploads\/sites\/4\/2022\/10\/logo-viajes-a-paris.jpeg\" \/>\n<meta name=\"twitter:label1\" content=\"Escrito por\" \/>\n\t<meta name=\"twitter:data1\" content=\"Carlo Galici\" \/>\n\t<meta name=\"twitter:label2\" content=\"Tiempo de lectura\" \/>\n\t<meta name=\"twitter:data2\" content=\"8 minutos\" \/>\n<script type=\"application\/ld+json\" class=\"yoast-schema-graph\">{\"@context\":\"https:\/\/schema.org\",\"@graph\":[{\"@type\":\"Article\",\"@id\":\"https:\/\/parisconcarlo.com\/es\/restaurantes-en-la-torre-eiffel\/#article\",\"isPartOf\":{\"@id\":\"https:\/\/parisconcarlo.com\/es\/restaurantes-en-la-torre-eiffel\/\"},\"author\":{\"name\":\"Carlo Galici\",\"@id\":\"https:\/\/parisconcarlo.com\/es\/#\/schema\/person\/50c9697865d01ff2d6201f18aced1111\"},\"headline\":\"Restaurantes en la Torre Eiffel: precios, c\u00f3mo reservar y c\u00f3mo llegar\",\"datePublished\":\"2022-10-28T15:32:59+00:00\",\"dateModified\":\"2024-08-09T06:26:23+00:00\",\"mainEntityOfPage\":{\"@id\":\"https:\/\/parisconcarlo.com\/es\/restaurantes-en-la-torre-eiffel\/\"},\"wordCount\":1423,\"commentCount\":0,\"publisher\":{\"@id\":\"https:\/\/parisconcarlo.com\/es\/#organization\"},\"image\":{\"@id\":\"https:\/\/parisconcarlo.com\/es\/restaurantes-en-la-torre-eiffel\/#primaryimage\"},\"thumbnailUrl\":\"https:\/\/parisconcarlo.com\/es\/wp-content\/uploads\/sites\/4\/2023\/02\/restaurantes-torre-eiffel-jules-verne.webp\",\"articleSection\":[\"D\u00f3nde comer en Par\u00eds\"],\"inLanguage\":\"es\"},{\"@type\":\"WebPage\",\"@id\":\"https:\/\/parisconcarlo.com\/es\/restaurantes-en-la-torre-eiffel\/\",\"url\":\"https:\/\/parisconcarlo.com\/es\/restaurantes-en-la-torre-eiffel\/\",\"name\":\"Restaurantes en la Torre Eiffel: precios, c\u00f3mo reservar y c\u00f3mo llegar - Paris con Carlo\",\"isPartOf\":{\"@id\":\"https:\/\/parisconcarlo.com\/es\/#website\"},\"primaryImageOfPage\":{\"@id\":\"https:\/\/parisconcarlo.com\/es\/restaurantes-en-la-torre-eiffel\/#primaryimage\"},\"image\":{\"@id\":\"https:\/\/parisconcarlo.com\/es\/restaurantes-en-la-torre-eiffel\/#primaryimage\"},\"thumbnailUrl\":\"https:\/\/parisconcarlo.com\/es\/wp-content\/uploads\/sites\/4\/2023\/02\/restaurantes-torre-eiffel-jules-verne.webp\",\"datePublished\":\"2022-10-28T15:32:59+00:00\",\"dateModified\":\"2024-08-09T06:26:23+00:00\",\"breadcrumb\":{\"@id\":\"https:\/\/parisconcarlo.com\/es\/restaurantes-en-la-torre-eiffel\/#breadcrumb\"},\"inLanguage\":\"es\",\"potentialAction\":[{\"@type\":\"ReadAction\",\"target\":[\"https:\/\/parisconcarlo.com\/es\/restaurantes-en-la-torre-eiffel\/\"]}]},{\"@type\":\"ImageObject\",\"inLanguage\":\"es\",\"@id\":\"https:\/\/parisconcarlo.com\/es\/restaurantes-en-la-torre-eiffel\/#primaryimage\",\"url\":\"https:\/\/parisconcarlo.com\/es\/wp-content\/uploads\/sites\/4\/2023\/02\/restaurantes-torre-eiffel-jules-verne.webp\",\"contentUrl\":\"https:\/\/parisconcarlo.com\/es\/wp-content\/uploads\/sites\/4\/2023\/02\/restaurantes-torre-eiffel-jules-verne.webp\",\"width\":750,\"height\":496,\"caption\":\"Restaurantes en la Torre Eiffel de Par\u00eds\"},{\"@type\":\"BreadcrumbList\",\"@id\":\"https:\/\/parisconcarlo.com\/es\/restaurantes-en-la-torre-eiffel\/#breadcrumb\",\"itemListElement\":[{\"@type\":\"ListItem\",\"position\":1,\"name\":\"Home\",\"item\":\"https:\/\/parisconcarlo.com\/es\/\"},{\"@type\":\"ListItem\",\"position\":2,\"name\":\"Qu\u00e9 ver en Par\u00eds\",\"item\":\"https:\/\/parisconcarlo.com\/es\/que-ver-en-paris\/\"},{\"@type\":\"ListItem\",\"position\":3,\"name\":\"Torre Eiffel: entradas, c\u00f3mo llegar, hotel cercanos\",\"item\":\"https:\/\/parisconcarlo.com\/es\/torre-eiffel\/\"},{\"@type\":\"ListItem\",\"position\":4,\"name\":\"Restaurantes en la Torre Eiffel: precios, c\u00f3mo reservar y c\u00f3mo llegar\"}]},{\"@type\":\"WebSite\",\"@id\":\"https:\/\/parisconcarlo.com\/es\/#website\",\"url\":\"https:\/\/parisconcarlo.com\/es\/\",\"name\":\"Paris con Carlo\",\"description\":\"\",\"publisher\":{\"@id\":\"https:\/\/parisconcarlo.com\/es\/#organization\"},\"potentialAction\":[{\"@type\":\"SearchAction\",\"target\":{\"@type\":\"EntryPoint\",\"urlTemplate\":\"https:\/\/parisconcarlo.com\/es\/?s={search_term_string}\"},\"query-input\":{\"@type\":\"PropertyValueSpecification\",\"valueRequired\":true,\"valueName\":\"search_term_string\"}}],\"inLanguage\":\"es\"},{\"@type\":\"Organization\",\"@id\":\"https:\/\/parisconcarlo.com\/es\/#organization\",\"name\":\"Paris con Carlo\",\"url\":\"https:\/\/parisconcarlo.com\/es\/\",\"logo\":{\"@type\":\"ImageObject\",\"inLanguage\":\"es\",\"@id\":\"https:\/\/parisconcarlo.com\/es\/#\/schema\/logo\/image\/\",\"url\":\"https:\/\/parisconcarlo.com\/es\/wp-content\/uploads\/sites\/4\/2024\/03\/logo-parisconcarlo-horizontal-live-3.jpg\",\"contentUrl\":\"https:\/\/parisconcarlo.com\/es\/wp-content\/uploads\/sites\/4\/2024\/03\/logo-parisconcarlo-horizontal-live-3.jpg\",\"width\":700,\"height\":214,\"caption\":\"Paris con Carlo\"},\"image\":{\"@id\":\"https:\/\/parisconcarlo.com\/es\/#\/schema\/logo\/image\/\"}},{\"@type\":\"Person\",\"@id\":\"https:\/\/parisconcarlo.com\/es\/#\/schema\/person\/50c9697865d01ff2d6201f18aced1111\",\"name\":\"Carlo Galici\",\"image\":{\"@type\":\"ImageObject\",\"inLanguage\":\"es\",\"@id\":\"https:\/\/parisconcarlo.com\/es\/#\/schema\/person\/image\/\",\"url\":\"https:\/\/secure.gravatar.com\/avatar\/06ec8e24b85ce32c8ceb183bc6c1b1ebff541395ffd1a8389c806e4b78969839?s=96&d=mm&r=g\",\"contentUrl\":\"https:\/\/secure.gravatar.com\/avatar\/06ec8e24b85ce32c8ceb183bc6c1b1ebff541395ffd1a8389c806e4b78969839?s=96&d=mm&r=g\",\"caption\":\"Carlo Galici\"},\"url\":\"https:\/\/parisconcarlo.com\/es\/author\/carlogalici\/\"}]}<\/script>\n<!-- \/ Yoast SEO plugin. -->","yoast_head_json":{"title":"Restaurantes en la Torre Eiffel: precios, c\u00f3mo reservar y c\u00f3mo llegar - Paris con Carlo","robots":{"index":"index","follow":"follow","max-snippet":"max-snippet:-1","max-image-preview":"max-image-preview:large","max-video-preview":"max-video-preview:-1"},"canonical":"https:\/\/parisconcarlo.com\/es\/restaurantes-en-la-torre-eiffel\/","og_locale":"es_ES","og_type":"article","og_title":"Restaurantes en la Torre Eiffel: precios, c\u00f3mo reservar y c\u00f3mo llegar - Paris con Carlo","og_description":"La Torre Eiffel es uno de los monumentos m\u00e1s emblem\u00e1ticos y \u00abm\u00e1s j\u00f3venes\u00bb de la ciudad de Par\u00eds. Cada a\u00f1o, miles de personas pasan junto a ella, se detienen para hacerse una foto con ella o deciden subirse a su estructura de hierro para admirar el panorama de Par\u00eds desde lo alto. Entre las bellezas...","og_url":"https:\/\/parisconcarlo.com\/es\/restaurantes-en-la-torre-eiffel\/","og_site_name":"Paris con Carlo","article_published_time":"2022-10-28T15:32:59+00:00","article_modified_time":"2024-08-09T06:26:23+00:00","og_image":[{"width":623,"height":188,"url":"https:\/\/parisconcarlo.com\/es\/wp-content\/uploads\/sites\/4\/2022\/10\/logo-viajes-a-paris.jpeg","type":"image\/jpeg"}],"author":"Carlo Galici","twitter_card":"summary_large_image","twitter_image":"https:\/\/parisconcarlo.com\/es\/wp-content\/uploads\/sites\/4\/2022\/10\/logo-viajes-a-paris.jpeg","twitter_misc":{"Escrito por":"Carlo Galici","Tiempo de lectura":"8 minutos"},"schema":{"@context":"https:\/\/schema.org","@graph":[{"@type":"Article","@id":"https:\/\/parisconcarlo.com\/es\/restaurantes-en-la-torre-eiffel\/#article","isPartOf":{"@id":"https:\/\/parisconcarlo.com\/es\/restaurantes-en-la-torre-eiffel\/"},"author":{"name":"Carlo Galici","@id":"https:\/\/parisconcarlo.com\/es\/#\/schema\/person\/50c9697865d01ff2d6201f18aced1111"},"headline":"Restaurantes en la Torre Eiffel: precios, c\u00f3mo reservar y c\u00f3mo llegar","datePublished":"2022-10-28T15:32:59+00:00","dateModified":"2024-08-09T06:26:23+00:00","mainEntityOfPage":{"@id":"https:\/\/parisconcarlo.com\/es\/restaurantes-en-la-torre-eiffel\/"},"wordCount":1423,"commentCount":0,"publisher":{"@id":"https:\/\/parisconcarlo.com\/es\/#organization"},"image":{"@id":"https:\/\/parisconcarlo.com\/es\/restaurantes-en-la-torre-eiffel\/#primaryimage"},"thumbnailUrl":"https:\/\/parisconcarlo.com\/es\/wp-content\/uploads\/sites\/4\/2023\/02\/restaurantes-torre-eiffel-jules-verne.webp","articleSection":["D\u00f3nde comer en Par\u00eds"],"inLanguage":"es"},{"@type":"WebPage","@id":"https:\/\/parisconcarlo.com\/es\/restaurantes-en-la-torre-eiffel\/","url":"https:\/\/parisconcarlo.com\/es\/restaurantes-en-la-torre-eiffel\/","name":"Restaurantes en la Torre Eiffel: precios, c\u00f3mo reservar y c\u00f3mo llegar - Paris con Carlo","isPartOf":{"@id":"https:\/\/parisconcarlo.com\/es\/#website"},"primaryImageOfPage":{"@id":"https:\/\/parisconcarlo.com\/es\/restaurantes-en-la-torre-eiffel\/#primaryimage"},"image":{"@id":"https:\/\/parisconcarlo.com\/es\/restaurantes-en-la-torre-eiffel\/#primaryimage"},"thumbnailUrl":"https:\/\/parisconcarlo.com\/es\/wp-content\/uploads\/sites\/4\/2023\/02\/restaurantes-torre-eiffel-jules-verne.webp","datePublished":"2022-10-28T15:32:59+00:00","dateModified":"2024-08-09T06:26:23+00:00","breadcrumb":{"@id":"https:\/\/parisconcarlo.com\/es\/restaurantes-en-la-torre-eiffel\/#breadcrumb"},"inLanguage":"es","potentialAction":[{"@type":"ReadAction","target":["https:\/\/parisconcarlo.com\/es\/restaurantes-en-la-torre-eiffel\/"]}]},{"@type":"ImageObject","inLanguage":"es","@id":"https:\/\/parisconcarlo.com\/es\/restaurantes-en-la-torre-eiffel\/#primaryimage","url":"https:\/\/parisconcarlo.com\/es\/wp-content\/uploads\/sites\/4\/2023\/02\/restaurantes-torre-eiffel-jules-verne.webp","contentUrl":"https:\/\/parisconcarlo.com\/es\/wp-content\/uploads\/sites\/4\/2023\/02\/restaurantes-torre-eiffel-jules-verne.webp","width":750,"height":496,"caption":"Restaurantes en la Torre Eiffel de Par\u00eds"},{"@type":"BreadcrumbList","@id":"https:\/\/parisconcarlo.com\/es\/restaurantes-en-la-torre-eiffel\/#breadcrumb","itemListElement":[{"@type":"ListItem","position":1,"name":"Home","item":"https:\/\/parisconcarlo.com\/es\/"},{"@type":"ListItem","position":2,"name":"Qu\u00e9 ver en Par\u00eds","item":"https:\/\/parisconcarlo.com\/es\/que-ver-en-paris\/"},{"@type":"ListItem","position":3,"name":"Torre Eiffel: entradas, c\u00f3mo llegar, hotel cercanos","item":"https:\/\/parisconcarlo.com\/es\/torre-eiffel\/"},{"@type":"ListItem","position":4,"name":"Restaurantes en la Torre Eiffel: precios, c\u00f3mo reservar y c\u00f3mo llegar"}]},{"@type":"WebSite","@id":"https:\/\/parisconcarlo.com\/es\/#website","url":"https:\/\/parisconcarlo.com\/es\/","name":"Paris con Carlo","description":"","publisher":{"@id":"https:\/\/parisconcarlo.com\/es\/#organization"},"potentialAction":[{"@type":"SearchAction","target":{"@type":"EntryPoint","urlTemplate":"https:\/\/parisconcarlo.com\/es\/?s={search_term_string}"},"query-input":{"@type":"PropertyValueSpecification","valueRequired":true,"valueName":"search_term_string"}}],"inLanguage":"es"},{"@type":"Organization","@id":"https:\/\/parisconcarlo.com\/es\/#organization","name":"Paris con Carlo","url":"https:\/\/parisconcarlo.com\/es\/","logo":{"@type":"ImageObject","inLanguage":"es","@id":"https:\/\/parisconcarlo.com\/es\/#\/schema\/logo\/image\/","url":"https:\/\/parisconcarlo.com\/es\/wp-content\/uploads\/sites\/4\/2024\/03\/logo-parisconcarlo-horizontal-live-3.jpg","contentUrl":"https:\/\/parisconcarlo.com\/es\/wp-content\/uploads\/sites\/4\/2024\/03\/logo-parisconcarlo-horizontal-live-3.jpg","width":700,"height":214,"caption":"Paris con Carlo"},"image":{"@id":"https:\/\/parisconcarlo.com\/es\/#\/schema\/logo\/image\/"}},{"@type":"Person","@id":"https:\/\/parisconcarlo.com\/es\/#\/schema\/person\/50c9697865d01ff2d6201f18aced1111","name":"Carlo Galici","image":{"@type":"ImageObject","inLanguage":"es","@id":"https:\/\/parisconcarlo.com\/es\/#\/schema\/person\/image\/","url":"https:\/\/secure.gravatar.com\/avatar\/06ec8e24b85ce32c8ceb183bc6c1b1ebff541395ffd1a8389c806e4b78969839?s=96&d=mm&r=g","contentUrl":"https:\/\/secure.gravatar.com\/avatar\/06ec8e24b85ce32c8ceb183bc6c1b1ebff541395ffd1a8389c806e4b78969839?s=96&d=mm&r=g","caption":"Carlo Galici"},"url":"https:\/\/parisconcarlo.com\/es\/author\/carlogalici\/"}]}},"taxonomy_info":{"category":[{"value":11,"label":"D\u00f3nde comer en Par\u00eds"}]},"featured_image_src_large":["https:\/\/parisconcarlo.com\/es\/wp-content\/uploads\/sites\/4\/2023\/02\/restaurantes-torre-eiffel-jules-verne.webp",750,496,false],"author_info":{"display_name":"Carlo Galici","author_link":"https:\/\/parisconcarlo.com\/es\/author\/carlogalici\/"},"comment_info":"","category_info":[{"term_id":11,"name":"D\u00f3nde comer en Par\u00eds","slug":"donde-comer-en-paris","term_group":0,"term_taxonomy_id":11,"taxonomy":"category","description":"","parent":0,"count":7,"filter":"raw","cat_ID":11,"category_count":7,"category_description":"","cat_name":"D\u00f3nde comer en Par\u00eds","category_nicename":"donde-comer-en-paris","category_parent":0}],"tag_info":false,"_links":{"self":[{"href":"https:\/\/parisconcarlo.com\/es\/wp-json\/wp\/v2\/posts\/195","targetHints":{"allow":["GET"]}}],"collection":[{"href":"https:\/\/parisconcarlo.com\/es\/wp-json\/wp\/v2\/posts"}],"about":[{"href":"https:\/\/parisconcarlo.com\/es\/wp-json\/wp\/v2\/types\/post"}],"author":[{"embeddable":true,"href":"https:\/\/parisconcarlo.com\/es\/wp-json\/wp\/v2\/users\/4"}],"replies":[{"embeddable":true,"href":"https:\/\/parisconcarlo.com\/es\/wp-json\/wp\/v2\/comments?post=195"}],"version-history":[{"count":0,"href":"https:\/\/parisconcarlo.com\/es\/wp-json\/wp\/v2\/posts\/195\/revisions"}],"wp:featuredmedia":[{"embeddable":true,"href":"https:\/\/parisconcarlo.com\/es\/wp-json\/wp\/v2\/media\/1575"}],"wp:attachment":[{"href":"https:\/\/parisconcarlo.com\/es\/wp-json\/wp\/v2\/media?parent=195"}],"wp:term":[{"taxonomy":"category","embeddable":true,"href":"https:\/\/parisconcarlo.com\/es\/wp-json\/wp\/v2\/categories?post=195"},{"taxonomy":"post_tag","embeddable":true,"href":"https:\/\/parisconcarlo.com\/es\/wp-json\/wp\/v2\/tags?post=195"}],"curies":[{"name":"wp","href":"https:\/\/api.w.org\/{rel}","templated":true}]}}