{"id":1755,"date":"2023-03-21T11:05:23","date_gmt":"2023-03-21T10:05:23","guid":{"rendered":"https:\/\/parisconcarlo.com\/es\/?page_id=1755"},"modified":"2024-04-15T17:20:43","modified_gmt":"2024-04-15T15:20:43","slug":"instituto-del-mundo-arabe","status":"publish","type":"post","link":"https:\/\/parisconcarlo.com\/es\/instituto-del-mundo-arabe\/","title":{"rendered":"Instituto del Mundo \u00c1rabe en Par\u00eds: qu\u00e9 es, qu\u00e9 hay dentro, horarios y precios"},"content":{"rendered":"\n<p>Par\u00eds es una ciudad con <strong>tantas <a href=\"https:\/\/parisconcarlo.com\/es\/que-ver-en-paris\/\">cosas que ver<\/a><\/strong>. Los puntos de inter\u00e9s de la capital francesa son muchos y a veces el tiempo parece ser siempre corto para visitar todas las bellezas de la ciudad.<\/p>\n\n\n\n<p>Pero hay un lugar interesante que no todo el mundo conoce y que realmente merece la pena visitar: <strong>el Institut du monde arabe<\/strong> o el instituto del mundo \u00e1rabe de Par\u00eds en el Barrio Latino.<\/p>\n\n\n\n<p>\u00bfQu\u00e9 es este lugar y c\u00f3mo se puede organizar una visita para descubrirlo mejor? Aqu\u00ed est\u00e1 todo lo que necesitas saber al respecto.<\/p>\n\n\n<style>.kb-table-of-content-nav.kb-table-of-content-id_2f54b1-3c .kb-table-of-content-wrap{padding-top:var(--global-kb-spacing-sm, 1.5rem);padding-right:var(--global-kb-spacing-sm, 1.5rem);padding-bottom:var(--global-kb-spacing-sm, 1.5rem);padding-left:var(--global-kb-spacing-sm, 1.5rem);background-color:#f2d115;}.kb-table-of-content-nav.kb-table-of-content-id_2f54b1-3c .kb-table-of-contents-title-wrap{padding-top:0px;padding-right:0px;padding-bottom:0px;padding-left:0px;}.kb-table-of-content-nav.kb-table-of-content-id_2f54b1-3c .kb-table-of-contents-title{font-weight:regular;font-style:normal;}.kb-table-of-content-nav.kb-table-of-content-id_2f54b1-3c .kb-table-of-content-wrap .kb-table-of-content-list{font-weight:regular;font-style:normal;margin-top:var(--global-kb-spacing-sm, 1.5rem);margin-right:0px;margin-bottom:0px;margin-left:0px;}.kb-table-of-content-nav.kb-table-of-content-id_2f54b1-3c .kb-toggle-icon-style-basiccircle .kb-table-of-contents-icon-trigger:after, .kb-table-of-content-nav.kb-table-of-content-id_2f54b1-3c .kb-toggle-icon-style-basiccircle .kb-table-of-contents-icon-trigger:before, .kb-table-of-content-nav.kb-table-of-content-id_2f54b1-3c .kb-toggle-icon-style-arrowcircle .kb-table-of-contents-icon-trigger:after, .kb-table-of-content-nav.kb-table-of-content-id_2f54b1-3c .kb-toggle-icon-style-arrowcircle .kb-table-of-contents-icon-trigger:before, .kb-table-of-content-nav.kb-table-of-content-id_2f54b1-3c .kb-toggle-icon-style-xclosecircle .kb-table-of-contents-icon-trigger:after, .kb-table-of-content-nav.kb-table-of-content-id_2f54b1-3c .kb-toggle-icon-style-xclosecircle .kb-table-of-contents-icon-trigger:before{background-color:#f2d115;}<\/style>\n\n\n<h2 class=\"wp-block-heading\">\u00bfQu\u00e9 es el Instituto del Mundo \u00c1rabe en Par\u00eds?<\/h2>\n\n\n\n<p>Primero, es importante entender <strong>qu\u00e9 es el instituto del mundo \u00e1rabe en Par\u00eds<\/strong>. El nombre completo de este lugar es en realidad Institut du Monde Arabe.<\/p>\n\n\n\n<p>Es un lugar de cultura, un <strong>puente entre el mundo \u00e1rabe y occidental<\/strong>.<\/p>\n\n\n\n<p>Por otro lado, a lo largo de los siglos <strong>la cultura \u00e1rabe ha influido mucho en la europea<\/strong>. Piensas, por ejemplo, en el sistema num\u00e9rico, inventado por los \u00e1rabes e importado a la cultura occidental, sistema fundamental para el desarrollo de la sociedad y la econom\u00eda.<\/p>\n\n\n\n<p>Adem\u00e1s, las dominaciones \u00e1rabes a lo largo del tiempo han <strong>importado tradiciones, monumentos y cultura a Europa<\/strong>. <\/p>\n\n\n\n<p>Por no hablar del hecho de que <strong>la cultura \u00e1rabe est\u00e1 muy extendida en Francia<\/strong> gracias tambi\u00e9n al flujo de inmigrantes que llegan al pa\u00eds. En definitiva, el patrimonio cultural que los \u00e1rabes han dejado en Europa es realmente extenso y muy rico.<\/p>\n\n\n\n<p>El Instituto del Mundo \u00c1rabe <strong>est\u00e1 ubicado en la Plaza Mohammed V<\/strong>, a pocos pasos de la <a href=\"https:\/\/parisconcarlo.com\/es\/catedral-de-notre-dame\/\">Catedral de Notre Dame<\/a>. Es una imponente construcci\u00f3n de vidrio y aluminio de nueve pisos que en un principio parece oficinas profesionales.<\/p>\n\n\n\n<h2 class=\"wp-block-heading\">\u00bfQui\u00e9n dise\u00f1\u00f3 el Instituto del Mundo \u00c1rabe en Par\u00eds?<\/h2>\n\n\n\n<figure class=\"wp-block-image size-full\"><img decoding=\"async\" width=\"900\" height=\"600\" src=\"https:\/\/parisconcarlo.com\/es\/wp-content\/uploads\/sites\/4\/2023\/03\/fachada-instituto-del-mundo-arabe-paris.jpg\" alt=\"La fachada del Instituto del Mundo \u00c1rabe de Par\u00eds\" class=\"wp-image-1759\" srcset=\"https:\/\/parisconcarlo.com\/es\/wp-content\/uploads\/sites\/4\/2023\/03\/fachada-instituto-del-mundo-arabe-paris.jpg 900w, https:\/\/parisconcarlo.com\/es\/wp-content\/uploads\/sites\/4\/2023\/03\/fachada-instituto-del-mundo-arabe-paris-300x200.jpg 300w, https:\/\/parisconcarlo.com\/es\/wp-content\/uploads\/sites\/4\/2023\/03\/fachada-instituto-del-mundo-arabe-paris-768x512.jpg 768w\" sizes=\"(max-width: 900px) 100vw, 900px\" \/><figcaption class=\"wp-element-caption\">La fachada del Instituto del Mundo \u00c1rabe de Par\u00eds<\/figcaption><\/figure>\n\n\n\n<p>El Instituto del Mundo \u00c1rabe en Par\u00eds <strong>abri\u00f3 sus puertas en 1987<\/strong> y fue dise\u00f1ado por el arquitecto franc\u00e9s <a href=\"https:\/\/es.wikipedia.org\/wiki\/Jean_Nouvel\" target=\"_blank\" rel=\"noreferrer noopener\">Jean Nouvel<\/a>. Desde un punto de vista arquitect\u00f3nico, es un <strong>encuentro entre dos estilos diferentes<\/strong>: el del mundo \u00e1rabe y el del mundo occidental.<\/p>\n\n\n\n<p>De hecho, en el exterior el <strong>edificio est\u00e1 decorado con formas y geometr\u00edas de Oriente Medio<\/strong>. Luego, llaman la atenci\u00f3n los colores y s\u00edmbolos t\u00edpicos del mundo \u00e1rabe.<\/p>\n\n\n\n<p>No en vano, en la fachada del edificio tambi\u00e9n <strong>se pueden admirar 240 Mashrabiyya<\/strong>, es decir, los t\u00edpicos dispositivos de ventilaci\u00f3n utilizados en los pa\u00edses \u00e1rabes. <\/p>\n\n\n\n<p>Otra caracter\u00edstica de estos elementos radica en su \u00abdiafragma\u00bb. Estos dispositivos pueden abrirse y cerrarse, regulando la cantidad de luz solar en el interior del edificio, y por tanto tambi\u00e9n el calor percibido.<\/p>\n\n\n\n<p>Por tanto, desde un punto de vista arquitect\u00f3nico, el <strong>Instituto del Mundo \u00c1rabe de Par\u00eds es una obra maestra<\/strong>. Admirarla desde el exterior es un placer para la vista, definitivamente una de las cosas que hacer cuando est\u00e1s en la capital francesa.<\/p>\n\n\n\n<h2 class=\"wp-block-heading\">\u00bfPor qu\u00e9 se dise\u00f1\u00f3 este edificio?<\/h2>\n\n\n\n<figure class=\"wp-block-image size-full\"><img decoding=\"async\" width=\"900\" height=\"600\" src=\"https:\/\/parisconcarlo.com\/es\/wp-content\/uploads\/sites\/4\/2023\/03\/instituto-del-mundo-arabe-paris.jpg\" alt=\"Instituto del Mundo \u00c1rabe de Par\u00eds\" class=\"wp-image-1761\" srcset=\"https:\/\/parisconcarlo.com\/es\/wp-content\/uploads\/sites\/4\/2023\/03\/instituto-del-mundo-arabe-paris.jpg 900w, https:\/\/parisconcarlo.com\/es\/wp-content\/uploads\/sites\/4\/2023\/03\/instituto-del-mundo-arabe-paris-300x200.jpg 300w, https:\/\/parisconcarlo.com\/es\/wp-content\/uploads\/sites\/4\/2023\/03\/instituto-del-mundo-arabe-paris-768x512.jpg 768w\" sizes=\"(max-width: 900px) 100vw, 900px\" \/><figcaption class=\"wp-element-caption\">Instituto del Mundo \u00c1rabe de Par\u00eds<\/figcaption><\/figure>\n\n\n\n<p>El Instituto del Mundo \u00c1rabe en Par\u00eds fue dise\u00f1ado con un prop\u00f3sito noble. La idea de este edificio <strong>naci\u00f3 bajo la presidencia de Valery Giscard d&#8217;Estaing<\/strong>. El prop\u00f3sito de la construcci\u00f3n era mejorar las relaciones con los pa\u00edses \u00e1rabes y calmar las tensiones.<\/p>\n\n\n\n<p>De hecho, <strong>el instituto representa un s\u00edmbolo de respeto por la cultura \u00e1rabe<\/strong>. Al mismo tiempo, puede considerarse una muestra de agradecimiento hacia el patrimonio cultural que los \u00e1rabes han dado al mundo occidental.<\/p>\n\n\n\n<p>Por ello, el instituto se considera un punto de uni\u00f3n entre dos mundos, un lugar donde se fomenta el intercambio cultural y el respeto por las tradiciones, una suerte de utop\u00eda actual.<\/p>\n\n\n\n<h2 class=\"wp-block-heading\">Visitar el Instituto del Mundo \u00c1rabe en Par\u00eds: qu\u00e9 hay dentro y qu\u00e9 ver<\/h2>\n\n\n\n<figure class=\"wp-block-image size-full\"><img decoding=\"async\" width=\"900\" height=\"600\" src=\"https:\/\/parisconcarlo.com\/es\/wp-content\/uploads\/sites\/4\/2023\/03\/Un-coran-del-siglo-en-el-instituto-del-mundo-arabe-paris.jpg\" alt=\"Un Cor\u00e1n del siglo XV de Ir\u00e1n, en el Instituto del Mundo \u00c1rabe\" class=\"wp-image-1762\" srcset=\"https:\/\/parisconcarlo.com\/es\/wp-content\/uploads\/sites\/4\/2023\/03\/Un-coran-del-siglo-en-el-instituto-del-mundo-arabe-paris.jpg 900w, https:\/\/parisconcarlo.com\/es\/wp-content\/uploads\/sites\/4\/2023\/03\/Un-coran-del-siglo-en-el-instituto-del-mundo-arabe-paris-300x200.jpg 300w, https:\/\/parisconcarlo.com\/es\/wp-content\/uploads\/sites\/4\/2023\/03\/Un-coran-del-siglo-en-el-instituto-del-mundo-arabe-paris-768x512.jpg 768w\" sizes=\"(max-width: 900px) 100vw, 900px\" \/><figcaption class=\"wp-element-caption\">Un Cor\u00e1n del siglo XV de Ir\u00e1n, en el Instituto del Mundo \u00c1rabe<\/figcaption><\/figure>\n\n\n\n<p>Llegados a este punto, es bueno <strong>averiguar qu\u00e9 hay dentro del Instituto del Mundo \u00c1rabe de Par\u00eds<\/strong> y qu\u00e9 ver. Como dije anteriormente, este es un edificio muy grande que <strong>abarca nueve pisos<\/strong>.<\/p>\n\n\n\n<p>En el <strong>primer piso hay una biblioteca con CD, libros y m\u00e1s<\/strong>, todos dedicados al mundo \u00e1rabe. Este es el lugar ideal para aprender m\u00e1s sobre autores de Medio Oriente y quiz\u00e1s comprar obras maestras literarias y musicales que no se conoc\u00edan antes.<\/p>\n\n\n\n<p>Adem\u00e1s, <strong>dentro del instituto tambi\u00e9n hay una tienda con artesan\u00edas del mundo \u00e1rabe<\/strong>. Aqu\u00ed podr\u00e1s comprar souvenirs y m\u00e1s para recordar tu visita a este lugar. Tambi\u00e9n hay una biblioteca llena de textos y libros \u00fatiles para profundizar en la cultura \u00e1rabe.<\/p>\n\n\n\n<p><strong>A partir de la cuarta planta se puede visitar la exposici\u00f3n permanente<\/strong> dedicada al mundo \u00e1rabe e isl\u00e1mico, desde sus or\u00edgenes hasta la actualidad.<\/p>\n\n\n\n<p>La exposici\u00f3n se extiende desde el cuarto al s\u00e9ptimo piso y presenta obras de varios g\u00e9neros. Adem\u00e1s de la exposici\u00f3n permanente, el instituto alberga ocasionalmente varias exposiciones. Si deseas mantenerte actualizado sobre las exposiciones, el consejo es <a href=\"https:\/\/www.imarabe.org\/fr\" target=\"_blank\" rel=\"noreferrer noopener\">visitar el sitio web oficial<\/a> del instituto.<\/p>\n\n\n\n<p><strong>Tambi\u00e9n hay un restaurante<\/strong>, obviamente de tem\u00e1tica \u00e1rabe, donde se pueden degustar las delicias de estas tierras y las tradiciones culinarias ahora conocidas en todo el mundo.<\/p>\n\n\n\n<p>Finalmente, en el noveno piso, <strong>puedes visitar una terraza panor\u00e1mica con vista a Par\u00eds<\/strong>. La vista es encantadora, por lo que es bueno disfrutar de un recorrido completo por el instituto, comenzando desde el primer piso y llegando hasta la cima.<\/p>\n\n\n\n<h2 class=\"wp-block-heading\">\u00bfPor qu\u00e9 visitar el Instituto del Mundo \u00c1rabe en Par\u00eds?<\/h2>\n\n\n\n<p>Porque de esta forma es posible sumergirse de lleno en el mundo \u00e1rabe. Una visita al Instituto del Mundo \u00c1rabe en Par\u00eds es una experiencia incre\u00edble, <strong>un viaje a una cultura milenaria fascinante y apasionante<\/strong>.<\/p>\n\n\n\n<p>Adem\u00e1s, este lugar sigue acogiendo la cultura \u00e1rabe, a trav\u00e9s de exposiciones fotogr\u00e1ficas, encuentros de cine, presentaciones de libros y mucho m\u00e1s. Por tanto, adem\u00e1s de recordar la cultura del pasado, favorece la moderna y permite compartir valores, ideas, filosof\u00edas y pensamientos.<\/p>\n\n\n\n<p>En \u00faltima instancia, vale la pena pasar tiempo en Par\u00eds para visitar esta incre\u00edble instituci\u00f3n.<\/p>\n\n\n\n<h2 class=\"wp-block-heading\">Horarios y precios de la visita<\/h2>\n\n\n\n<p><strong>Del primero al cuarto piso, la entrada al Instituto del Mundo \u00c1rabe en Par\u00eds es gratuita<\/strong>. A partir de la cuarta planta, por tanto, a la entrada del museo y de la exposici\u00f3n sobre el mundo \u00e1rabe e isl\u00e1mico, hay que pagar una entrada para acceder.<\/p>\n\n\n\n<p><strong>El coste de la entrada completa es de 8 euros<\/strong> mientras que el coste de la entrada reducida es de 6 euros. Adem\u00e1s, algunas exposiciones pueden tener un coste variable que puede incluso ser superior al precio est\u00e1ndar.<\/p>\n\n\n\n<p>En cualquier caso, tengas en cuenta que la entrada al Instituto del Mundo \u00c1rabe de Par\u00eds est\u00e1 incluida en el <a href=\"https:\/\/parisconcarlo.com\/es\/paris-museum-pass\/\">Paris Museum Pass<\/a>, la tarjeta oficial para visitar los <strong><a href=\"https:\/\/parisconcarlo.com\/es\/los-15-museos-de-paris-imperdibles\/\">principales museos de Par\u00eds<\/a><\/strong>. Por tanto, puedes comprar esta tarjeta y disfrutar de una ventaja desde el punto de vista econ\u00f3mico.<\/p>\n\n\n\n<p>En cuanto al horario de apertura, el instituto est\u00e1 abierto:<\/p>\n\n\n\n<ul class=\"wp-block-list\">\n<li>de martes a viernes 10:00-18:00 (6 pm). La \u00faltima entrada est\u00e1 prevista para las 17:15 (5:15 pm)<\/li>\n\n\n\n<li>Los viernes, el instituto est\u00e1 excepcionalmente abierto hasta las 21:30 (9:30 pm), con \u00faltima entrada a las 20:45 (8:45 pm).<\/li>\n\n\n\n<li>Los s\u00e1bados, domingos y festivos el horario var\u00eda: 10:00-19:00 (7 pm) con \u00faltima entrada a las 18:45 (6:45 pm).<\/li>\n\n\n\n<li>El lunes sin embargo, el museo est\u00e1 cerrado.<\/li>\n<\/ul>\n\n\n\n<h2 class=\"wp-block-heading\">C\u00f3mo llegar al Instituto del Mundo \u00c1rabe en Par\u00eds<\/h2>\n\n\n\n<figure class=\"wp-block-image size-full\"><img decoding=\"async\" width=\"900\" height=\"596\" src=\"https:\/\/parisconcarlo.com\/es\/wp-content\/uploads\/sites\/4\/2023\/03\/donde-esta-instituto-del-mundo-arabe-paris.jpg\" alt=\"D\u00f3nde est\u00e1 ubicado el Instituto del Mundo \u00c1rabe y c\u00f3mo llegar\" class=\"wp-image-1758\" srcset=\"https:\/\/parisconcarlo.com\/es\/wp-content\/uploads\/sites\/4\/2023\/03\/donde-esta-instituto-del-mundo-arabe-paris.jpg 900w, https:\/\/parisconcarlo.com\/es\/wp-content\/uploads\/sites\/4\/2023\/03\/donde-esta-instituto-del-mundo-arabe-paris-300x199.jpg 300w, https:\/\/parisconcarlo.com\/es\/wp-content\/uploads\/sites\/4\/2023\/03\/donde-esta-instituto-del-mundo-arabe-paris-768x509.jpg 768w\" sizes=\"(max-width: 900px) 100vw, 900px\" \/><figcaption class=\"wp-element-caption\">D\u00f3nde est\u00e1 ubicado el Instituto del Mundo \u00c1rabe y c\u00f3mo llegar<\/figcaption><\/figure>\n\n\n\n<p>Como escrib\u00ed al principio, el <strong>Instituto del Mundo \u00c1rabe est\u00e1 ubicado en el Barrio Latino<\/strong>.<\/p>\n\n\n\n<p>La mejor manera de llegar al Instituto del Mundo \u00c1rabe en Par\u00eds es utilizar el transporte p\u00fablico, es decir, el <a href=\"https:\/\/parisconcarlo.com\/es\/metro-en-paris\/\">metro<\/a> y el autob\u00fas.<\/p>\n\n\n\n<p>En este caso, con el metro, <strong>utilizando la l\u00ednea 10, es necesario bajarse en las paradas Jussie o Cardinal Lemoine<\/strong>. De hecho, el instituto se encuentra a unos 500 metros de estas paradas, por lo que se tardan apenas unos minutos a pie en llegar.<\/p>\n\n\n\n<p>Alternativamente, puede utilizar las l\u00edneas de autob\u00fas 24, 63, 67, 86, 87 y 89 y bajarse en las paradas cercanas a Piazza Mohammed V o Pont de Sully.<\/p>\n\n\n\n<h2 class=\"wp-block-heading\">Mapa: qu\u00e9 ver cerca<\/h2>\n\n\n\n","protected":false},"excerpt":{"rendered":"<p>Par\u00eds es una ciudad con tantas cosas que ver. Los puntos de inter\u00e9s de la capital francesa son muchos y a veces el tiempo parece ser siempre corto para visitar todas las bellezas de la ciudad. Pero hay un lugar interesante que no todo el mundo conoce y que realmente merece la pena visitar: el&#8230;<\/p>\n","protected":false},"author":4,"featured_media":1760,"comment_status":"open","ping_status":"closed","sticky":false,"template":"","format":"standard","meta":{"_kad_blocks_custom_css":"","_kad_blocks_head_custom_js":"","_kad_blocks_body_custom_js":"","_kad_blocks_footer_custom_js":"","_kad_post_transparent":"","_kad_post_title":"","_kad_post_layout":"","_kad_post_sidebar_id":"","_kad_post_content_style":"","_kad_post_vertical_padding":"","_kad_post_feature":"","_kad_post_feature_position":"","_kad_post_header":false,"_kad_post_footer":false,"_kad_post_classname":"","footnotes":""},"categories":[15],"tags":[],"class_list":["post-1755","post","type-post","status-publish","format-standard","has-post-thumbnail","hentry","category-que-ver-en-paris"],"yoast_head":"<!-- This site is optimized with the Yoast SEO plugin v27.1.1 - https:\/\/yoast.com\/product\/yoast-seo-wordpress\/ -->\n<title>Instituto del Mundo \u00c1rabe de Jean Nouvel en Par\u00eds: info visita<\/title>\n<meta name=\"description\" content=\"Vale la pena visitar el Institut du Monde Arabe, especialmente si no es tu primera vez en Par\u00eds. Qu\u00e9 hay dentro, el restaurante, horarios y precios.\" \/>\n<meta name=\"robots\" content=\"index, follow, max-snippet:-1, max-image-preview:large, max-video-preview:-1\" \/>\n<link rel=\"canonical\" href=\"https:\/\/parisconcarlo.com\/es\/instituto-del-mundo-arabe\/\" \/>\n<meta property=\"og:locale\" content=\"es_ES\" \/>\n<meta property=\"og:type\" content=\"article\" \/>\n<meta property=\"og:title\" content=\"Instituto del Mundo \u00c1rabe de Jean Nouvel en Par\u00eds: info visita\" \/>\n<meta property=\"og:description\" content=\"Vale la pena visitar el Institut du Monde Arabe, especialmente si no es tu primera vez en Par\u00eds. Qu\u00e9 hay dentro, el restaurante, horarios y precios.\" \/>\n<meta property=\"og:url\" content=\"https:\/\/parisconcarlo.com\/es\/instituto-del-mundo-arabe\/\" \/>\n<meta property=\"og:site_name\" content=\"Paris con Carlo\" \/>\n<meta property=\"article:published_time\" content=\"2023-03-21T10:05:23+00:00\" \/>\n<meta property=\"article:modified_time\" content=\"2024-04-15T15:20:43+00:00\" \/>\n<meta property=\"og:image\" content=\"https:\/\/parisconcarlo.com\/es\/wp-content\/uploads\/sites\/4\/2023\/03\/instituto-del-mundo-arabe-paris-de-jean-nouvel.jpg\" \/>\n\t<meta property=\"og:image:width\" content=\"900\" \/>\n\t<meta property=\"og:image:height\" content=\"600\" \/>\n\t<meta property=\"og:image:type\" content=\"image\/jpeg\" \/>\n<meta name=\"author\" content=\"Carlo Galici\" \/>\n<meta name=\"twitter:card\" content=\"summary_large_image\" \/>\n<meta name=\"twitter:label1\" content=\"Escrito por\" \/>\n\t<meta name=\"twitter:data1\" content=\"Carlo Galici\" \/>\n\t<meta name=\"twitter:label2\" content=\"Tiempo de lectura\" \/>\n\t<meta name=\"twitter:data2\" content=\"21 minutos\" \/>\n<script type=\"application\/ld+json\" class=\"yoast-schema-graph\">{\"@context\":\"https:\/\/schema.org\",\"@graph\":[{\"@type\":\"Article\",\"@id\":\"https:\/\/parisconcarlo.com\/es\/instituto-del-mundo-arabe\/#article\",\"isPartOf\":{\"@id\":\"https:\/\/parisconcarlo.com\/es\/instituto-del-mundo-arabe\/\"},\"author\":{\"name\":\"Carlo Galici\",\"@id\":\"https:\/\/parisconcarlo.com\/es\/#\/schema\/person\/50c9697865d01ff2d6201f18aced1111\"},\"headline\":\"Instituto del Mundo \u00c1rabe en Par\u00eds: qu\u00e9 es, qu\u00e9 hay dentro, horarios y precios\",\"datePublished\":\"2023-03-21T10:05:23+00:00\",\"dateModified\":\"2024-04-15T15:20:43+00:00\",\"mainEntityOfPage\":{\"@id\":\"https:\/\/parisconcarlo.com\/es\/instituto-del-mundo-arabe\/\"},\"wordCount\":1424,\"commentCount\":0,\"publisher\":{\"@id\":\"https:\/\/parisconcarlo.com\/es\/#organization\"},\"image\":{\"@id\":\"https:\/\/parisconcarlo.com\/es\/instituto-del-mundo-arabe\/#primaryimage\"},\"thumbnailUrl\":\"https:\/\/parisconcarlo.com\/es\/wp-content\/uploads\/sites\/4\/2023\/03\/instituto-del-mundo-arabe-paris-de-jean-nouvel.jpg\",\"articleSection\":[\"Qu\u00e9 ver en Par\u00eds\"],\"inLanguage\":\"es\"},{\"@type\":\"WebPage\",\"@id\":\"https:\/\/parisconcarlo.com\/es\/instituto-del-mundo-arabe\/\",\"url\":\"https:\/\/parisconcarlo.com\/es\/instituto-del-mundo-arabe\/\",\"name\":\"Instituto del Mundo \u00c1rabe de Jean Nouvel en Par\u00eds: info visita\",\"isPartOf\":{\"@id\":\"https:\/\/parisconcarlo.com\/es\/#website\"},\"primaryImageOfPage\":{\"@id\":\"https:\/\/parisconcarlo.com\/es\/instituto-del-mundo-arabe\/#primaryimage\"},\"image\":{\"@id\":\"https:\/\/parisconcarlo.com\/es\/instituto-del-mundo-arabe\/#primaryimage\"},\"thumbnailUrl\":\"https:\/\/parisconcarlo.com\/es\/wp-content\/uploads\/sites\/4\/2023\/03\/instituto-del-mundo-arabe-paris-de-jean-nouvel.jpg\",\"datePublished\":\"2023-03-21T10:05:23+00:00\",\"dateModified\":\"2024-04-15T15:20:43+00:00\",\"description\":\"Vale la pena visitar el Institut du Monde Arabe, especialmente si no es tu primera vez en Par\u00eds. Qu\u00e9 hay dentro, el restaurante, horarios y precios.\",\"breadcrumb\":{\"@id\":\"https:\/\/parisconcarlo.com\/es\/instituto-del-mundo-arabe\/#breadcrumb\"},\"inLanguage\":\"es\",\"potentialAction\":[{\"@type\":\"ReadAction\",\"target\":[\"https:\/\/parisconcarlo.com\/es\/instituto-del-mundo-arabe\/\"]}]},{\"@type\":\"ImageObject\",\"inLanguage\":\"es\",\"@id\":\"https:\/\/parisconcarlo.com\/es\/instituto-del-mundo-arabe\/#primaryimage\",\"url\":\"https:\/\/parisconcarlo.com\/es\/wp-content\/uploads\/sites\/4\/2023\/03\/instituto-del-mundo-arabe-paris-de-jean-nouvel.jpg\",\"contentUrl\":\"https:\/\/parisconcarlo.com\/es\/wp-content\/uploads\/sites\/4\/2023\/03\/instituto-del-mundo-arabe-paris-de-jean-nouvel.jpg\",\"width\":900,\"height\":600,\"caption\":\"Instituto del mundo arabe de Par\u00eds de Jean Nouvel\"},{\"@type\":\"BreadcrumbList\",\"@id\":\"https:\/\/parisconcarlo.com\/es\/instituto-del-mundo-arabe\/#breadcrumb\",\"itemListElement\":[{\"@type\":\"ListItem\",\"position\":1,\"name\":\"Home\",\"item\":\"https:\/\/parisconcarlo.com\/es\/\"},{\"@type\":\"ListItem\",\"position\":2,\"name\":\"Qu\u00e9 ver en Par\u00eds\",\"item\":\"https:\/\/parisconcarlo.com\/es\/que-ver-en-paris\/\"},{\"@type\":\"ListItem\",\"position\":3,\"name\":\"Instituto del Mundo \u00c1rabe en Par\u00eds: qu\u00e9 es, qu\u00e9 hay dentro, horarios y precios\"}]},{\"@type\":\"WebSite\",\"@id\":\"https:\/\/parisconcarlo.com\/es\/#website\",\"url\":\"https:\/\/parisconcarlo.com\/es\/\",\"name\":\"Paris con Carlo\",\"description\":\"\",\"publisher\":{\"@id\":\"https:\/\/parisconcarlo.com\/es\/#organization\"},\"potentialAction\":[{\"@type\":\"SearchAction\",\"target\":{\"@type\":\"EntryPoint\",\"urlTemplate\":\"https:\/\/parisconcarlo.com\/es\/?s={search_term_string}\"},\"query-input\":{\"@type\":\"PropertyValueSpecification\",\"valueRequired\":true,\"valueName\":\"search_term_string\"}}],\"inLanguage\":\"es\"},{\"@type\":\"Organization\",\"@id\":\"https:\/\/parisconcarlo.com\/es\/#organization\",\"name\":\"Paris con Carlo\",\"url\":\"https:\/\/parisconcarlo.com\/es\/\",\"logo\":{\"@type\":\"ImageObject\",\"inLanguage\":\"es\",\"@id\":\"https:\/\/parisconcarlo.com\/es\/#\/schema\/logo\/image\/\",\"url\":\"https:\/\/parisconcarlo.com\/es\/wp-content\/uploads\/sites\/4\/2024\/03\/logo-parisconcarlo-horizontal-live-3.jpg\",\"contentUrl\":\"https:\/\/parisconcarlo.com\/es\/wp-content\/uploads\/sites\/4\/2024\/03\/logo-parisconcarlo-horizontal-live-3.jpg\",\"width\":700,\"height\":214,\"caption\":\"Paris con Carlo\"},\"image\":{\"@id\":\"https:\/\/parisconcarlo.com\/es\/#\/schema\/logo\/image\/\"}},{\"@type\":\"Person\",\"@id\":\"https:\/\/parisconcarlo.com\/es\/#\/schema\/person\/50c9697865d01ff2d6201f18aced1111\",\"name\":\"Carlo Galici\",\"image\":{\"@type\":\"ImageObject\",\"inLanguage\":\"es\",\"@id\":\"https:\/\/parisconcarlo.com\/es\/#\/schema\/person\/image\/\",\"url\":\"https:\/\/secure.gravatar.com\/avatar\/06ec8e24b85ce32c8ceb183bc6c1b1ebff541395ffd1a8389c806e4b78969839?s=96&d=mm&r=g\",\"contentUrl\":\"https:\/\/secure.gravatar.com\/avatar\/06ec8e24b85ce32c8ceb183bc6c1b1ebff541395ffd1a8389c806e4b78969839?s=96&d=mm&r=g\",\"caption\":\"Carlo Galici\"},\"url\":\"https:\/\/parisconcarlo.com\/es\/author\/carlogalici\/\"}]}<\/script>\n<!-- \/ Yoast SEO plugin. -->","yoast_head_json":{"title":"Instituto del Mundo \u00c1rabe de Jean Nouvel en Par\u00eds: info visita","description":"Vale la pena visitar el Institut du Monde Arabe, especialmente si no es tu primera vez en Par\u00eds. Qu\u00e9 hay dentro, el restaurante, horarios y precios.","robots":{"index":"index","follow":"follow","max-snippet":"max-snippet:-1","max-image-preview":"max-image-preview:large","max-video-preview":"max-video-preview:-1"},"canonical":"https:\/\/parisconcarlo.com\/es\/instituto-del-mundo-arabe\/","og_locale":"es_ES","og_type":"article","og_title":"Instituto del Mundo \u00c1rabe de Jean Nouvel en Par\u00eds: info visita","og_description":"Vale la pena visitar el Institut du Monde Arabe, especialmente si no es tu primera vez en Par\u00eds. Qu\u00e9 hay dentro, el restaurante, horarios y precios.","og_url":"https:\/\/parisconcarlo.com\/es\/instituto-del-mundo-arabe\/","og_site_name":"Paris con Carlo","article_published_time":"2023-03-21T10:05:23+00:00","article_modified_time":"2024-04-15T15:20:43+00:00","og_image":[{"width":900,"height":600,"url":"https:\/\/parisconcarlo.com\/es\/wp-content\/uploads\/sites\/4\/2023\/03\/instituto-del-mundo-arabe-paris-de-jean-nouvel.jpg","type":"image\/jpeg"}],"author":"Carlo Galici","twitter_card":"summary_large_image","twitter_misc":{"Escrito por":"Carlo Galici","Tiempo de lectura":"21 minutos"},"schema":{"@context":"https:\/\/schema.org","@graph":[{"@type":"Article","@id":"https:\/\/parisconcarlo.com\/es\/instituto-del-mundo-arabe\/#article","isPartOf":{"@id":"https:\/\/parisconcarlo.com\/es\/instituto-del-mundo-arabe\/"},"author":{"name":"Carlo Galici","@id":"https:\/\/parisconcarlo.com\/es\/#\/schema\/person\/50c9697865d01ff2d6201f18aced1111"},"headline":"Instituto del Mundo \u00c1rabe en Par\u00eds: qu\u00e9 es, qu\u00e9 hay dentro, horarios y precios","datePublished":"2023-03-21T10:05:23+00:00","dateModified":"2024-04-15T15:20:43+00:00","mainEntityOfPage":{"@id":"https:\/\/parisconcarlo.com\/es\/instituto-del-mundo-arabe\/"},"wordCount":1424,"commentCount":0,"publisher":{"@id":"https:\/\/parisconcarlo.com\/es\/#organization"},"image":{"@id":"https:\/\/parisconcarlo.com\/es\/instituto-del-mundo-arabe\/#primaryimage"},"thumbnailUrl":"https:\/\/parisconcarlo.com\/es\/wp-content\/uploads\/sites\/4\/2023\/03\/instituto-del-mundo-arabe-paris-de-jean-nouvel.jpg","articleSection":["Qu\u00e9 ver en Par\u00eds"],"inLanguage":"es"},{"@type":"WebPage","@id":"https:\/\/parisconcarlo.com\/es\/instituto-del-mundo-arabe\/","url":"https:\/\/parisconcarlo.com\/es\/instituto-del-mundo-arabe\/","name":"Instituto del Mundo \u00c1rabe de Jean Nouvel en Par\u00eds: info visita","isPartOf":{"@id":"https:\/\/parisconcarlo.com\/es\/#website"},"primaryImageOfPage":{"@id":"https:\/\/parisconcarlo.com\/es\/instituto-del-mundo-arabe\/#primaryimage"},"image":{"@id":"https:\/\/parisconcarlo.com\/es\/instituto-del-mundo-arabe\/#primaryimage"},"thumbnailUrl":"https:\/\/parisconcarlo.com\/es\/wp-content\/uploads\/sites\/4\/2023\/03\/instituto-del-mundo-arabe-paris-de-jean-nouvel.jpg","datePublished":"2023-03-21T10:05:23+00:00","dateModified":"2024-04-15T15:20:43+00:00","description":"Vale la pena visitar el Institut du Monde Arabe, especialmente si no es tu primera vez en Par\u00eds. Qu\u00e9 hay dentro, el restaurante, horarios y precios.","breadcrumb":{"@id":"https:\/\/parisconcarlo.com\/es\/instituto-del-mundo-arabe\/#breadcrumb"},"inLanguage":"es","potentialAction":[{"@type":"ReadAction","target":["https:\/\/parisconcarlo.com\/es\/instituto-del-mundo-arabe\/"]}]},{"@type":"ImageObject","inLanguage":"es","@id":"https:\/\/parisconcarlo.com\/es\/instituto-del-mundo-arabe\/#primaryimage","url":"https:\/\/parisconcarlo.com\/es\/wp-content\/uploads\/sites\/4\/2023\/03\/instituto-del-mundo-arabe-paris-de-jean-nouvel.jpg","contentUrl":"https:\/\/parisconcarlo.com\/es\/wp-content\/uploads\/sites\/4\/2023\/03\/instituto-del-mundo-arabe-paris-de-jean-nouvel.jpg","width":900,"height":600,"caption":"Instituto del mundo arabe de Par\u00eds de Jean Nouvel"},{"@type":"BreadcrumbList","@id":"https:\/\/parisconcarlo.com\/es\/instituto-del-mundo-arabe\/#breadcrumb","itemListElement":[{"@type":"ListItem","position":1,"name":"Home","item":"https:\/\/parisconcarlo.com\/es\/"},{"@type":"ListItem","position":2,"name":"Qu\u00e9 ver en Par\u00eds","item":"https:\/\/parisconcarlo.com\/es\/que-ver-en-paris\/"},{"@type":"ListItem","position":3,"name":"Instituto del Mundo \u00c1rabe en Par\u00eds: qu\u00e9 es, qu\u00e9 hay dentro, horarios y precios"}]},{"@type":"WebSite","@id":"https:\/\/parisconcarlo.com\/es\/#website","url":"https:\/\/parisconcarlo.com\/es\/","name":"Paris con Carlo","description":"","publisher":{"@id":"https:\/\/parisconcarlo.com\/es\/#organization"},"potentialAction":[{"@type":"SearchAction","target":{"@type":"EntryPoint","urlTemplate":"https:\/\/parisconcarlo.com\/es\/?s={search_term_string}"},"query-input":{"@type":"PropertyValueSpecification","valueRequired":true,"valueName":"search_term_string"}}],"inLanguage":"es"},{"@type":"Organization","@id":"https:\/\/parisconcarlo.com\/es\/#organization","name":"Paris con Carlo","url":"https:\/\/parisconcarlo.com\/es\/","logo":{"@type":"ImageObject","inLanguage":"es","@id":"https:\/\/parisconcarlo.com\/es\/#\/schema\/logo\/image\/","url":"https:\/\/parisconcarlo.com\/es\/wp-content\/uploads\/sites\/4\/2024\/03\/logo-parisconcarlo-horizontal-live-3.jpg","contentUrl":"https:\/\/parisconcarlo.com\/es\/wp-content\/uploads\/sites\/4\/2024\/03\/logo-parisconcarlo-horizontal-live-3.jpg","width":700,"height":214,"caption":"Paris con Carlo"},"image":{"@id":"https:\/\/parisconcarlo.com\/es\/#\/schema\/logo\/image\/"}},{"@type":"Person","@id":"https:\/\/parisconcarlo.com\/es\/#\/schema\/person\/50c9697865d01ff2d6201f18aced1111","name":"Carlo Galici","image":{"@type":"ImageObject","inLanguage":"es","@id":"https:\/\/parisconcarlo.com\/es\/#\/schema\/person\/image\/","url":"https:\/\/secure.gravatar.com\/avatar\/06ec8e24b85ce32c8ceb183bc6c1b1ebff541395ffd1a8389c806e4b78969839?s=96&d=mm&r=g","contentUrl":"https:\/\/secure.gravatar.com\/avatar\/06ec8e24b85ce32c8ceb183bc6c1b1ebff541395ffd1a8389c806e4b78969839?s=96&d=mm&r=g","caption":"Carlo Galici"},"url":"https:\/\/parisconcarlo.com\/es\/author\/carlogalici\/"}]}},"taxonomy_info":{"category":[{"value":15,"label":"Qu\u00e9 ver en Par\u00eds"}]},"featured_image_src_large":["https:\/\/parisconcarlo.com\/es\/wp-content\/uploads\/sites\/4\/2023\/03\/instituto-del-mundo-arabe-paris-de-jean-nouvel.jpg",900,600,false],"author_info":{"display_name":"Carlo Galici","author_link":"https:\/\/parisconcarlo.com\/es\/author\/carlogalici\/"},"comment_info":"","category_info":[{"term_id":15,"name":"Qu\u00e9 ver en Par\u00eds","slug":"que-ver-en-paris","term_group":0,"term_taxonomy_id":15,"taxonomy":"category","description":"","parent":0,"count":60,"filter":"raw","cat_ID":15,"category_count":60,"category_description":"","cat_name":"Qu\u00e9 ver en Par\u00eds","category_nicename":"que-ver-en-paris","category_parent":0}],"tag_info":false,"_links":{"self":[{"href":"https:\/\/parisconcarlo.com\/es\/wp-json\/wp\/v2\/posts\/1755","targetHints":{"allow":["GET"]}}],"collection":[{"href":"https:\/\/parisconcarlo.com\/es\/wp-json\/wp\/v2\/posts"}],"about":[{"href":"https:\/\/parisconcarlo.com\/es\/wp-json\/wp\/v2\/types\/post"}],"author":[{"embeddable":true,"href":"https:\/\/parisconcarlo.com\/es\/wp-json\/wp\/v2\/users\/4"}],"replies":[{"embeddable":true,"href":"https:\/\/parisconcarlo.com\/es\/wp-json\/wp\/v2\/comments?post=1755"}],"version-history":[{"count":0,"href":"https:\/\/parisconcarlo.com\/es\/wp-json\/wp\/v2\/posts\/1755\/revisions"}],"wp:featuredmedia":[{"embeddable":true,"href":"https:\/\/parisconcarlo.com\/es\/wp-json\/wp\/v2\/media\/1760"}],"wp:attachment":[{"href":"https:\/\/parisconcarlo.com\/es\/wp-json\/wp\/v2\/media?parent=1755"}],"wp:term":[{"taxonomy":"category","embeddable":true,"href":"https:\/\/parisconcarlo.com\/es\/wp-json\/wp\/v2\/categories?post=1755"},{"taxonomy":"post_tag","embeddable":true,"href":"https:\/\/parisconcarlo.com\/es\/wp-json\/wp\/v2\/tags?post=1755"}],"curies":[{"name":"wp","href":"https:\/\/api.w.org\/{rel}","templated":true}]}}