{"id":161,"date":"2022-10-28T09:33:27","date_gmt":"2022-10-28T07:33:27","guid":{"rendered":"https:\/\/parisconcarlo.com\/es\/?page_id=161"},"modified":"2024-04-15T17:20:48","modified_gmt":"2024-04-15T15:20:48","slug":"torre-eiffel","status":"publish","type":"post","link":"https:\/\/parisconcarlo.com\/es\/torre-eiffel\/","title":{"rendered":"Torre Eiffel: entradas, c\u00f3mo llegar, hotel cercanos"},"content":{"rendered":"\n<p>Sin exagerar, la <strong>Torre Eiffel es el s\u00edmbolo mismo de Par\u00eds<\/strong> y tambi\u00e9n de Francia como la bandera francesa; es el monumento m\u00e1s visitado de toda la ciudad.<\/p>\n\n\n\n<p>La <strong>Torre Eiffel fue construida para la Exposici\u00f3n Universal de 1889<\/strong> y se supon\u00eda que permanecer\u00eda all\u00ed por un corto tiempo.<\/p>\n\n\n\n<p>Es uno de los monumentos m\u00e1s j\u00f3venes de Par\u00eds teniendo en cuenta la historia milenaria de la ciudad. Inicialmente, la Torre Eiffel fue muy impopular y, de hecho, \u00a1incluso se pens\u00f3 en derribarla!<\/p>\n\n\n<style>.kb-table-of-content-nav.kb-table-of-content-id_2f54b1-3c .kb-table-of-content-wrap{padding-top:var(--global-kb-spacing-sm, 1.5rem);padding-right:var(--global-kb-spacing-sm, 1.5rem);padding-bottom:var(--global-kb-spacing-sm, 1.5rem);padding-left:var(--global-kb-spacing-sm, 1.5rem);background-color:#f2d115;}.kb-table-of-content-nav.kb-table-of-content-id_2f54b1-3c .kb-table-of-contents-title-wrap{padding-top:0px;padding-right:0px;padding-bottom:0px;padding-left:0px;}.kb-table-of-content-nav.kb-table-of-content-id_2f54b1-3c .kb-table-of-contents-title{font-weight:regular;font-style:normal;}.kb-table-of-content-nav.kb-table-of-content-id_2f54b1-3c .kb-table-of-content-wrap .kb-table-of-content-list{font-weight:regular;font-style:normal;margin-top:var(--global-kb-spacing-sm, 1.5rem);margin-right:0px;margin-bottom:0px;margin-left:0px;}.kb-table-of-content-nav.kb-table-of-content-id_2f54b1-3c .kb-toggle-icon-style-basiccircle .kb-table-of-contents-icon-trigger:after, .kb-table-of-content-nav.kb-table-of-content-id_2f54b1-3c .kb-toggle-icon-style-basiccircle .kb-table-of-contents-icon-trigger:before, .kb-table-of-content-nav.kb-table-of-content-id_2f54b1-3c .kb-toggle-icon-style-arrowcircle .kb-table-of-contents-icon-trigger:after, .kb-table-of-content-nav.kb-table-of-content-id_2f54b1-3c .kb-toggle-icon-style-arrowcircle .kb-table-of-contents-icon-trigger:before, .kb-table-of-content-nav.kb-table-of-content-id_2f54b1-3c .kb-toggle-icon-style-xclosecircle .kb-table-of-contents-icon-trigger:after, .kb-table-of-content-nav.kb-table-of-content-id_2f54b1-3c .kb-toggle-icon-style-xclosecircle .kb-table-of-contents-icon-trigger:before{background-color:#f2d115;}<\/style>\n\n\n<h2 class=\"wp-block-heading\">La estructura de la Torre Eiffel<\/h2>\n\n\n\n<p><strong>La torre est\u00e1 dividida en tres niveles<\/strong> y se puede llegar a pie (excepto el \u00faltimo piso) o en ascensor.<\/p>\n\n\n\n<h3 class=\"wp-block-heading\">Altura de la Torre Eiffel<\/h3>\n\n\n\n<p>En el primer nivel, a una <strong>altura de 57 metros<\/strong>, tambi\u00e9n hay una oficina de correos, entre otras cosas.<\/p>\n\n\n\n<p>En el segundo nivel se <strong>encuentra el restaurante Jules Verne<\/strong> que ofrece excelentes platos y fant\u00e1sticas vistas.<\/p>\n\n\n\n<p>El tercer y \u00faltimo nivel <strong>alcanza una altura de 274 metros<\/strong>.<\/p>\n\n\n\n<h2 class=\"wp-block-heading\">Cu\u00e1ndo visitar la Torre Eiffel y entradas<\/h2>\n\n\n<div class=\"wp-block-image\">\n<figure class=\"aligncenter size-full\"><img decoding=\"async\" width=\"800\" height=\"545\" src=\"https:\/\/parisconcarlo.com\/es\/wp-content\/uploads\/sites\/4\/2023\/02\/torre-eiffel-e-carrusel-paris.webp\" alt=\"La Torre Eiffel y un tipico carrusel de Par\u00eds\" class=\"wp-image-1551\" srcset=\"https:\/\/parisconcarlo.com\/es\/wp-content\/uploads\/sites\/4\/2023\/02\/torre-eiffel-e-carrusel-paris.webp 800w, https:\/\/parisconcarlo.com\/es\/wp-content\/uploads\/sites\/4\/2023\/02\/torre-eiffel-e-carrusel-paris-300x204.webp 300w, https:\/\/parisconcarlo.com\/es\/wp-content\/uploads\/sites\/4\/2023\/02\/torre-eiffel-e-carrusel-paris-768x523.webp 768w\" sizes=\"(max-width: 800px) 100vw, 800px\" \/><figcaption class=\"wp-element-caption\">La Torre Eiffel y un tipico carrusel de Par\u00eds<\/figcaption><\/figure>\n<\/div>\n\n\n<p>Siendo la atracci\u00f3n m\u00e1s visitada, es f\u00e1cil entender c\u00f3mo es <strong>bastante com\u00fan encontrar una gran multitud<\/strong>.<\/p>\n\n\n\n<p>En el per\u00edodo de octubre a marzo es posible encontrar una cola m\u00e1s corta que en temporada alta, pero hay que tener en cuenta, especialmente de noviembre a febrero, que el cielo puede no favorecer las magn\u00edficas vistas.<\/p>\n\n\n\n<p>En temporada alta es recomendable acudir a la apertura por la ma\u00f1ana o bien entrada la noche o comprar un billete expr\u00e9s que te permita saltarte las colas.<\/p>\n\n\n\n<p>En el bot\u00f3n de abajo <strong>puedes elegir el tipo de boletos que prefieras<\/strong>, ya sea para subir a la cima o parar en el 2do nivel. Todos los boletos le permitir\u00e1n saltarse las largas filas.<\/p>\n\n\n\n<div data-tiqets-widget=\"availability\" data-layout=\"compact\" data-venue-id=\"144586\" data-language=\"es\" data-partner=\"viajesaparis\" data-tq-campaign=\"torreeiffel\"><\/div><script defer=\"\" src=\"https:\/\/widgets.tiqets.com\/loader.js\"><\/script>\n\n\n\n<div style=\"height:20px\" aria-hidden=\"true\" class=\"wp-block-spacer\"><\/div>\n\n\n\n<h2 class=\"wp-block-heading\">Como ahorrar<\/h2>\n\n\n\n<p>Una <strong>excelente manera de ahorrar en la entrada es comprar una tarjeta de la ciudad<\/strong> que incluya visitas a las principales atracciones. En este sentido, <strong>sugiero la Paris City Card<\/strong>, que incluye:<\/p>\n\n\n\n<ol class=\"wp-block-list\">\n<li>Entradas para acceder al segundo piso de la Torre Eiffel<\/li>\n\n\n\n<li>Entradas al Louvre<\/li>\n\n\n\n<li>Crucero por el Sena<\/li>\n\n\n\n<li>Aplicaci\u00f3n con audiogu\u00eda y mapas offline para guiarte por Par\u00eds<\/li>\n\n\n\n<li>10% de descuento en la compra de entradas para otra atracci\u00f3n.<br><\/li>\n<\/ol>\n\n\n\n<h3 class=\"wp-block-heading\">Cu\u00e1nto cuesta<\/h3>\n\n\n\n<ul class=\"wp-block-list\">\n<li>75\u20ac para mayores de 18 a\u00f1os y mayores de 26 residentes en la UE<\/li>\n\n\n\n<li>52 \u20ac para residentes de la UE menores de 26 a\u00f1os<\/li>\n\n\n\n<li>52 \u20ac para j\u00f3venes (11-17)<\/li>\n\n\n\n<li>51 \u20ac para ni\u00f1os (4-11)<\/li>\n<\/ul>\n\n\n<style>.wp-block-kadence-advancedbtn.kb-btns_398e8d-22{gap:var(--global-kb-gap-xs, 0.5rem );justify-content:center;align-items:center;}.kt-btns_398e8d-22 .kt-button{font-weight:normal;font-style:normal;}.kt-btns_398e8d-22 .kt-btn-wrap-0{margin-right:5px;}.wp-block-kadence-advancedbtn.kt-btns_398e8d-22 .kt-btn-wrap-0 .kt-button::before{display:none;}<\/style>\n<div class=\"wp-block-kadence-advancedbtn kt-btn-align-center kt-btn-tablet-align-inherit kt-btn-mobile-align-inherit kt-btns-wrap kt-btns_398e8d-22\"><div class=\"kt-btn-wrap kt-btn-wrap-0\"><a class=\"kt-button button kt-btn-0-action kt-btn-size-standard kt-btn-style-basic kt-btn-svg-show-always kt-btn-has-text-true kt-btn-has-svg-false kb-btn-global-inherit wp-block-button__link\" href=\"https:\/\/www.tiqets.com\/es\/atracciones-paris-c66746\/entradas-para-the-paris-pass-p1015238\/?partner=viajesaparis&amp;tq_campaign=torreeiffel-pcc\" target=\"_blank\" rel=\"noreferrer noopener nofollow sponsored\"><span class=\"kt-btn-inner-text\">Compra la carta de Par\u00eds<\/span><\/a><\/div><\/div>\n\n\n\n<div style=\"height:20px\" aria-hidden=\"true\" class=\"wp-block-spacer\"><\/div>\n\n\n\n<h2 class=\"wp-block-heading\">Comer en la Torre Eiffel<\/h2>\n\n\n\n<p>La <strong>Torre Eiffel tiene 2 <a href=\"https:\/\/parisconcarlo.com\/es\/restaurantes-en-la-torre-eiffel\/\">restaurantes<\/a><\/strong>: uno en el primer nivel y otro en el segundo. El restaurante del segundo nivel es el <strong>mencionado Jules Verne<\/strong>, que ofrece una fant\u00e1stica cocina dirigida por el famoso chef franc\u00e9s Alain Ducasse, combinada con una maravillosa vista panor\u00e1mica.<\/p>\n\n\n\n<p>Tambi\u00e9n se pueden <strong>encontrar cafeter\u00edas a lo largo de los 3 niveles<\/strong>, as\u00ed como tiendas de souvenirs y regalos.<\/p>\n\n\n\n<p><a class=\"enlace-amigo\" href=\"https:\/\/parisconcarlo.com\/es\/restaurantes-en-la-torre-eiffel\/\"><span class=\"cell\">Restaurantes en la Torre Eiffel <\/span><span class=\"cell\"><span class=\"button\">Leer mas<\/span><\/span><\/a><\/p>\n\n\n\n<h2 class=\"wp-block-heading\">Las fechas clave<\/h2>\n\n\n\n<ul class=\"wp-block-list\">\n<li><strong>Marzo de 1889<\/strong>: se inaugura la Torre Eiffel en la Exposici\u00f3n Universal de Par\u00eds. El ingeniero Gustave Eiffel logra completar su proyecto, a pesar de fuertes protestas. La torre se construy\u00f3 juntando unas 18.000 piezas casi todas de acero y tiene un peso de 10 toneladas lo que la hace relativamente liviana.<\/li>\n\n\n\n<li><strong>1909-1910<\/strong>: en estos a\u00f1os la torre est\u00e1 casi demolida, pero se salva gracias a su utilidad para la difusi\u00f3n como emisora \u200b\u200bde radio<\/li>\n\n\n\n<li><strong>1916<\/strong>: se realiza la primera llamada telef\u00f3nica transatl\u00e1ntica desde la torre.<br><\/li>\n<\/ul>\n\n\n\n<h2 class=\"wp-block-heading\">D\u00f3nde est\u00e1 la Torre Eiffel y c\u00f3mo llegar<\/h2>\n\n\n\n<p>Puerto de Conti, 75006 Par\u00eds<\/p>\n\n\n\n<p><a href=\"https:\/\/parisconcarlo.com\/es\/metro-en-paris\/\">Metro<\/a> l\u00ednea M6 parada Bir-Hakeim; l\u00ednea M9 parada Trocadero; Estaci\u00f3n <a href=\"https:\/\/parisconcarlo.com\/es\/rer-paris\/\">RER<\/a> C Champs de Mars \u2013 Tour Eiffel. Autobuses: 82, 42, 69, 87<\/p>\n\n\n\n<h2 class=\"wp-block-heading\">Horarios<\/h2>\n\n\n\n<figure class=\"wp-block-table\"><table><tbody><tr><th>&nbsp;<\/th><th><\/th><\/tr><tr><td><strong>Con el ascensor<\/strong><\/td><td>9:30-22:45 (10:45 pm)<br>(ultima entrada a las 23 (11 pm) , 22:30 (10:30 pm) para la parte superior)<\/td><\/tr><tr><td><strong>En escaleras<\/strong><\/td><td>9:30-18 (6:pm)<br>(los sabados las escaleras est\u00e1n abiertas hasta las 22:45 (10:45 pm)<\/td><\/tr><\/tbody><\/table><\/figure>\n\n\n\n<p><\/p>\n\n\n\n<h2 class=\"wp-block-heading\">Precios de las entradas para la Torre Eiffel<\/h2>\n\n\n\n<figure class=\"wp-block-table\"><table><tbody><tr><th>Tarifas validas desde enero 2023<\/th><th>Adultos<\/th><th>12-24 a\u00f1os<\/th><th>4-11 a\u00f1os y <br>discapacitados<\/th><\/tr><tr><td>Ascensor hasta el 3\u00b0 piso (top)<\/td><td>\u20ac28,30<\/td><td>\u20ac14,10<\/td><td>\u20ac7,10<\/td><\/tr><tr><td>Escaleras + Ascensor hasta el 3\u00b0 piso (top)<\/td><td>\u20ac21,50<\/td><td>\u20ac10,70<\/td><td>\u20ac5,40<\/td><\/tr><tr><td>Ascensor hasta el 2\u00b0 piso<\/td><td>\u20ac18,10<\/td><td>\u20ac9<\/td><td>\u20ac4,50<\/td><\/tr><tr><td>Escaleras hasta el 2\u00b0 piso<\/td><td>\u20ac11,30<\/td><td>\u20ac5,60<\/td><td>\u20ac2,80<\/td><\/tr><\/tbody><\/table><\/figure>\n\n\n\n<p><\/p>\n\n\n\n<h2 class=\"wp-block-heading\">Hotel cerca de la Torre Eiffel<\/h2>\n\n\n\n<p><strong>Tour Eiffel es sin\u00f3nimo de Par\u00eds<\/strong> y el sue\u00f1o de muchos es quedarse cerca de la Torre. La ubicaci\u00f3n tambi\u00e9n es muy c\u00e9ntrica, \u00bfqu\u00e9 m\u00e1s se puede pedir? <a href=\"https:\/\/parisconcarlo.com\/es\/hoteles-cerca-de-la-torre-eiffel\/\">En esta p\u00e1gina, te mostrar\u00e9 los mejores hoteles cerca de la Torre Eiffel<\/a> y otros que ofrecen una hermosa vista de la torre.<\/p>\n\n\n<style>.wp-block-kadence-iconlist.kt-svg-icon-list-items_e2b619-be:not(.this-stops-third-party-issues){margin-top:0px;margin-bottom:0px;}.wp-block-kadence-iconlist.kt-svg-icon-list-items_e2b619-be ul.kt-svg-icon-list:not(.this-prevents-issues):not(.this-stops-third-party-issues):not(.tijsloc){margin-top:0px;margin-right:0px;margin-bottom:var(--global-kb-spacing-sm, 1.5rem);margin-left:0px;}.wp-block-kadence-iconlist.kt-svg-icon-list-items_e2b619-be ul.kt-svg-icon-list{grid-row-gap:15px;}.wp-block-kadence-iconlist.kt-svg-icon-list-items_e2b619-be ul.kt-svg-icon-list .kt-svg-icon-list-item-wrap .kt-svg-icon-list-single{margin-right:10px;}.kt-svg-icon-list-items_e2b619-be ul.kt-svg-icon-list .kt-svg-icon-list-level-0 .kt-svg-icon-list-single svg{font-size:20px;}.kt-svg-icon-list-items_e2b619-be ul.kt-svg-icon-list .kt-svg-icon-list-level-1 .kt-svg-icon-list-single svg{font-size:20px;}.kt-svg-icon-list-items_e2b619-be ul.kt-svg-icon-list .kt-svg-icon-list-level-2 .kt-svg-icon-list-single svg{font-size:20px;}.kt-svg-icon-list-items_e2b619-be ul.kt-svg-icon-list .kt-svg-icon-list-level-3 .kt-svg-icon-list-single svg{font-size:20px;}.kt-svg-icon-list-items_e2b619-be ul.kt-svg-icon-list .kt-svg-icon-list-level-4 .kt-svg-icon-list-single svg{font-size:20px;}<\/style>\n<div class=\"wp-block-kadence-iconlist kt-svg-icon-list-items kt-svg-icon-list-items_e2b619-be kt-svg-icon-list-columns-1 alignnone kt-list-icon-aligntop\"><ul class=\"kt-svg-icon-list\"><li class=\"kt-svg-icon-list-style-default kt-svg-icon-list-item-wrap kt-svg-icon-list-item-0 kt-svg-icon-list-level-0\"><div style=\"display:inline-flex;justify-content:center;align-items:center;color:var(--global-palette1)\" class=\"kt-svg-icon-list-single kt-svg-icon-list-single-fas_bed\"><svg style=\"display:inline-block;vertical-align:middle\" viewBox=\"0 0 640 512\" height=\"20\" width=\"20\" fill=\"currentColor\" xmlns=\"http:\/\/www.w3.org\/2000\/svg\" aria-hidden=\"true\"><path d=\"M176 256c44.11 0 80-35.89 80-80s-35.89-80-80-80-80 35.89-80 80 35.89 80 80 80zm352-128H304c-8.84 0-16 7.16-16 16v144H64V80c0-8.84-7.16-16-16-16H16C7.16 64 0 71.16 0 80v352c0 8.84 7.16 16 16 16h32c8.84 0 16-7.16 16-16v-48h512v48c0 8.84 7.16 16 16 16h32c8.84 0 16-7.16 16-16V240c0-61.86-50.14-112-112-112z\"><\/path><\/svg><\/div><span class=\"kt-svg-icon-list-text\"><strong><a href=\"https:\/\/www.booking.com\/hotel\/fr\/campanile-paris-xv-tour-eiffel.es.html?aid=1474022;label=torreeiffel\" target=\"_blank\" rel=\"noreferrer noopener sponsored nofollow\">Hotel Campanile Paris 15 Tour Eiffel<\/a><\/strong> 2*: desde 120\u20ac la noche <\/span><\/li><li class=\"kt-svg-icon-list-style-default kt-svg-icon-list-item-wrap kt-svg-icon-list-item-1 kt-svg-icon-list-level-0\"><div style=\"display:inline-flex;justify-content:center;align-items:center;color:var(--global-palette1)\" class=\"kt-svg-icon-list-single kt-svg-icon-list-single-fas_bed\"><svg style=\"display:inline-block;vertical-align:middle\" viewBox=\"0 0 640 512\" height=\"20\" width=\"20\" fill=\"currentColor\" xmlns=\"http:\/\/www.w3.org\/2000\/svg\" aria-hidden=\"true\"><path d=\"M176 256c44.11 0 80-35.89 80-80s-35.89-80-80-80-80 35.89-80 80 35.89 80 80 80zm352-128H304c-8.84 0-16 7.16-16 16v144H64V80c0-8.84-7.16-16-16-16H16C7.16 64 0 71.16 0 80v352c0 8.84 7.16 16 16 16h32c8.84 0 16-7.16 16-16v-48h512v48c0 8.84 7.16 16 16 16h32c8.84 0 16-7.16 16-16V240c0-61.86-50.14-112-112-112z\"><\/path><\/svg><\/div><span class=\"kt-svg-icon-list-text\"><strong><a href=\"https:\/\/www.booking.com\/hotel\/fr\/alize-grenelle-tour-eiffel.es.html?aid=1474022;label=torreeiffel\" target=\"_blank\" rel=\"noreferrer noopener sponsored nofollow\">Hotel Alize Grenelle Tour Eiffel<\/a><\/strong> 3*: desde 130\u20ac por noche<\/span><\/li><li class=\"kt-svg-icon-list-style-default kt-svg-icon-list-item-wrap kt-svg-icon-list-item-2 kt-svg-icon-list-level-0\"><div style=\"display:inline-flex;justify-content:center;align-items:center;color:var(--global-palette1)\" class=\"kt-svg-icon-list-single kt-svg-icon-list-single-fas_bed\"><svg style=\"display:inline-block;vertical-align:middle\" viewBox=\"0 0 640 512\" height=\"20\" width=\"20\" fill=\"currentColor\" xmlns=\"http:\/\/www.w3.org\/2000\/svg\" aria-hidden=\"true\"><path d=\"M176 256c44.11 0 80-35.89 80-80s-35.89-80-80-80-80 35.89-80 80 35.89 80 80 80zm352-128H304c-8.84 0-16 7.16-16 16v144H64V80c0-8.84-7.16-16-16-16H16C7.16 64 0 71.16 0 80v352c0 8.84 7.16 16 16 16h32c8.84 0 16-7.16 16-16v-48h512v48c0 8.84 7.16 16 16 16h32c8.84 0 16-7.16 16-16V240c0-61.86-50.14-112-112-112z\"><\/path><\/svg><\/div><span class=\"kt-svg-icon-list-text\"><strong><a href=\"https:\/\/www.booking.com\/hotel\/fr\/ibis-paris-tour-eiffel.es.html?aid=1474022;label=torreeiffel\" target=\"_blank\" rel=\"noreferrer noopener sponsored nofollow\">Hotel Ibis Tour Eiffel<\/a><\/strong> 3*: desde 130\u20ac la noche <\/span><\/li><li class=\"kt-svg-icon-list-style-default kt-svg-icon-list-item-wrap kt-svg-icon-list-item-3 kt-svg-icon-list-level-0\"><div style=\"display:inline-flex;justify-content:center;align-items:center;color:var(--global-palette1)\" class=\"kt-svg-icon-list-single kt-svg-icon-list-single-fas_bed\"><svg style=\"display:inline-block;vertical-align:middle\" viewBox=\"0 0 640 512\" height=\"20\" width=\"20\" fill=\"currentColor\" xmlns=\"http:\/\/www.w3.org\/2000\/svg\" aria-hidden=\"true\"><path d=\"M176 256c44.11 0 80-35.89 80-80s-35.89-80-80-80-80 35.89-80 80 35.89 80 80 80zm352-128H304c-8.84 0-16 7.16-16 16v144H64V80c0-8.84-7.16-16-16-16H16C7.16 64 0 71.16 0 80v352c0 8.84 7.16 16 16 16h32c8.84 0 16-7.16 16-16v-48h512v48c0 8.84 7.16 16 16 16h32c8.84 0 16-7.16 16-16V240c0-61.86-50.14-112-112-112z\"><\/path><\/svg><\/div><span class=\"kt-svg-icon-list-text\"><strong><a href=\"https:\/\/www.booking.com\/hotel\/fr\/novotel-paris-tour-eiffel.es.html?aid=1474022;label=torreeiffel\" target=\"_blank\" rel=\"noreferrer noopener sponsored nofollow\">Hotel Novotel Tour Eiffel<\/a><\/strong> 4*: desde 170\u20ac la noche<\/span><\/li><li class=\"kt-svg-icon-list-style-default kt-svg-icon-list-item-wrap kt-svg-icon-list-item-4 kt-svg-icon-list-level-0\"><div style=\"display:inline-flex;justify-content:center;align-items:center;color:var(--global-palette1)\" class=\"kt-svg-icon-list-single kt-svg-icon-list-single-fas_bed\"><svg style=\"display:inline-block;vertical-align:middle\" viewBox=\"0 0 640 512\" height=\"20\" width=\"20\" fill=\"currentColor\" xmlns=\"http:\/\/www.w3.org\/2000\/svg\" aria-hidden=\"true\"><path d=\"M176 256c44.11 0 80-35.89 80-80s-35.89-80-80-80-80 35.89-80 80 35.89 80 80 80zm352-128H304c-8.84 0-16 7.16-16 16v144H64V80c0-8.84-7.16-16-16-16H16C7.16 64 0 71.16 0 80v352c0 8.84 7.16 16 16 16h32c8.84 0 16-7.16 16-16v-48h512v48c0 8.84 7.16 16 16 16h32c8.84 0 16-7.16 16-16V240c0-61.86-50.14-112-112-112z\"><\/path><\/svg><\/div><span class=\"kt-svg-icon-list-text\"><strong><a href=\"https:\/\/www.booking.com\/hotel\/fr\/tour-eiffel.es.html?aid=1474022;label=torreeiffel\" target=\"_blank\" rel=\"noreferrer noopener sponsored nofollow\">Hotel Pullman Paris Tour Eiffel<\/a><\/strong> 4*: desde 380\u20ac la noche<\/span><\/li><\/ul><\/div>\n\n\n\n<div style=\"height:20px\" aria-hidden=\"true\" class=\"wp-block-spacer\"><\/div>\n\n\n\n<p><a class=\"enlace-amigo\" href=\"https:\/\/parisconcarlo.com\/es\/donde-alojarse-en-paris\/\"><span class=\"cell\">D\u00f3nde alojarse en Par\u00eds <\/span><span class=\"cell\"><span class=\"button\">Leer mas<\/span><\/span><\/a><\/p>\n\n\n\n<h2 class=\"wp-block-heading\">Tours y entradas<\/h2>\n\n\n\n<div data-tiqets-widget=\"discovery\" data-cards-layout=\"responsive\" data-content-type=\"product\" data-item_count=\"6\" data-destination-type=\"venue\" data-destination-id=\"144586\" data-language=\"es\" data-partner=\"viajesaparis\" data-tq-campaign=\"torreeiffel\"><\/div><script defer=\"\" src=\"https:\/\/widgets.tiqets.com\/loader.js\"><\/script>\n\n\n\n<div style=\"height:20px\" aria-hidden=\"true\" class=\"wp-block-spacer\"><\/div>\n\n\n\n<h2 class=\"wp-block-heading\">Mapa: qu\u00e9 ver y cerca<\/h2>\n\n\n\n","protected":false},"excerpt":{"rendered":"<p>Sin exagerar, la Torre Eiffel es el s\u00edmbolo mismo de Par\u00eds y tambi\u00e9n de Francia como la bandera francesa; es el monumento m\u00e1s visitado de toda la ciudad. La Torre Eiffel fue construida para la Exposici\u00f3n Universal de 1889 y se supon\u00eda que permanecer\u00eda all\u00ed por un corto tiempo. Es uno de los monumentos m\u00e1s&#8230;<\/p>\n","protected":false},"author":4,"featured_media":1552,"comment_status":"open","ping_status":"closed","sticky":false,"template":"","format":"standard","meta":{"_kad_blocks_custom_css":"","_kad_blocks_head_custom_js":"","_kad_blocks_body_custom_js":"","_kad_blocks_footer_custom_js":"","_kad_post_transparent":"","_kad_post_title":"","_kad_post_layout":"","_kad_post_sidebar_id":"","_kad_post_content_style":"","_kad_post_vertical_padding":"","_kad_post_feature":"","_kad_post_feature_position":"","_kad_post_header":false,"_kad_post_footer":false,"_kad_post_classname":"","footnotes":""},"categories":[15],"tags":[],"class_list":["post-161","post","type-post","status-publish","format-standard","has-post-thumbnail","hentry","category-que-ver-en-paris"],"yoast_head":"<!-- This site is optimized with the Yoast SEO plugin v27.1.1 - https:\/\/yoast.com\/product\/yoast-seo-wordpress\/ -->\n<title>Torre Eiffel: precios de las entradas, cu\u00e1ndo visitarla, horarios y hoteles cercanos<\/title>\n<meta name=\"description\" content=\"Gu\u00eda de la Torre Eiffel en Par\u00eds. Consejos sobre cu\u00e1ndo visitar, historia de su creaci\u00f3n y precios de las entradas. D\u00f3nde dormir cerca de la Torre.\" \/>\n<meta name=\"robots\" content=\"index, follow, max-snippet:-1, max-image-preview:large, max-video-preview:-1\" \/>\n<link rel=\"canonical\" href=\"https:\/\/parisconcarlo.com\/es\/torre-eiffel\/\" \/>\n<meta property=\"og:locale\" content=\"es_ES\" \/>\n<meta property=\"og:type\" content=\"article\" \/>\n<meta property=\"og:title\" content=\"Torre Eiffel: precios de las entradas, cu\u00e1ndo visitarla, horarios y hoteles cercanos\" \/>\n<meta property=\"og:description\" content=\"Gu\u00eda de la Torre Eiffel en Par\u00eds. Consejos sobre cu\u00e1ndo visitar, historia de su creaci\u00f3n y precios de las entradas. D\u00f3nde dormir cerca de la Torre.\" \/>\n<meta property=\"og:url\" content=\"https:\/\/parisconcarlo.com\/es\/torre-eiffel\/\" \/>\n<meta property=\"og:site_name\" content=\"Paris con Carlo\" \/>\n<meta property=\"article:published_time\" content=\"2022-10-28T07:33:27+00:00\" \/>\n<meta property=\"article:modified_time\" content=\"2024-04-15T15:20:48+00:00\" \/>\n<meta property=\"og:image\" content=\"https:\/\/parisconcarlo.com\/es\/wp-content\/uploads\/sites\/4\/2022\/10\/logo-viajes-a-paris.jpeg\" \/>\n\t<meta property=\"og:image:width\" content=\"623\" \/>\n\t<meta property=\"og:image:height\" content=\"188\" \/>\n\t<meta property=\"og:image:type\" content=\"image\/jpeg\" \/>\n<meta name=\"author\" content=\"Carlo Galici\" \/>\n<meta name=\"twitter:card\" content=\"summary_large_image\" \/>\n<meta name=\"twitter:image\" content=\"https:\/\/parisconcarlo.com\/es\/wp-content\/uploads\/sites\/4\/2022\/10\/logo-viajes-a-paris.jpeg\" \/>\n<meta name=\"twitter:label1\" content=\"Escrito por\" \/>\n\t<meta name=\"twitter:data1\" content=\"Carlo Galici\" \/>\n\t<meta name=\"twitter:label2\" content=\"Tiempo de lectura\" \/>\n\t<meta name=\"twitter:data2\" content=\"28 minutos\" \/>\n<script type=\"application\/ld+json\" class=\"yoast-schema-graph\">{\"@context\":\"https:\/\/schema.org\",\"@graph\":[{\"@type\":\"Article\",\"@id\":\"https:\/\/parisconcarlo.com\/es\/torre-eiffel\/#article\",\"isPartOf\":{\"@id\":\"https:\/\/parisconcarlo.com\/es\/torre-eiffel\/\"},\"author\":{\"name\":\"Carlo Galici\",\"@id\":\"https:\/\/parisconcarlo.com\/es\/#\/schema\/person\/50c9697865d01ff2d6201f18aced1111\"},\"headline\":\"Torre Eiffel: entradas, c\u00f3mo llegar, hotel cercanos\",\"datePublished\":\"2022-10-28T07:33:27+00:00\",\"dateModified\":\"2024-04-15T15:20:48+00:00\",\"mainEntityOfPage\":{\"@id\":\"https:\/\/parisconcarlo.com\/es\/torre-eiffel\/\"},\"wordCount\":833,\"commentCount\":0,\"publisher\":{\"@id\":\"https:\/\/parisconcarlo.com\/es\/#organization\"},\"image\":{\"@id\":\"https:\/\/parisconcarlo.com\/es\/torre-eiffel\/#primaryimage\"},\"thumbnailUrl\":\"https:\/\/parisconcarlo.com\/es\/wp-content\/uploads\/sites\/4\/2023\/02\/torre-eiffel-paris.webp\",\"articleSection\":[\"Qu\u00e9 ver en Par\u00eds\"],\"inLanguage\":\"es\"},{\"@type\":\"WebPage\",\"@id\":\"https:\/\/parisconcarlo.com\/es\/torre-eiffel\/\",\"url\":\"https:\/\/parisconcarlo.com\/es\/torre-eiffel\/\",\"name\":\"Torre Eiffel: precios de las entradas, cu\u00e1ndo visitarla, horarios y hoteles cercanos\",\"isPartOf\":{\"@id\":\"https:\/\/parisconcarlo.com\/es\/#website\"},\"primaryImageOfPage\":{\"@id\":\"https:\/\/parisconcarlo.com\/es\/torre-eiffel\/#primaryimage\"},\"image\":{\"@id\":\"https:\/\/parisconcarlo.com\/es\/torre-eiffel\/#primaryimage\"},\"thumbnailUrl\":\"https:\/\/parisconcarlo.com\/es\/wp-content\/uploads\/sites\/4\/2023\/02\/torre-eiffel-paris.webp\",\"datePublished\":\"2022-10-28T07:33:27+00:00\",\"dateModified\":\"2024-04-15T15:20:48+00:00\",\"description\":\"Gu\u00eda de la Torre Eiffel en Par\u00eds. Consejos sobre cu\u00e1ndo visitar, historia de su creaci\u00f3n y precios de las entradas. D\u00f3nde dormir cerca de la Torre.\",\"breadcrumb\":{\"@id\":\"https:\/\/parisconcarlo.com\/es\/torre-eiffel\/#breadcrumb\"},\"inLanguage\":\"es\",\"potentialAction\":[{\"@type\":\"ReadAction\",\"target\":[\"https:\/\/parisconcarlo.com\/es\/torre-eiffel\/\"]}]},{\"@type\":\"ImageObject\",\"inLanguage\":\"es\",\"@id\":\"https:\/\/parisconcarlo.com\/es\/torre-eiffel\/#primaryimage\",\"url\":\"https:\/\/parisconcarlo.com\/es\/wp-content\/uploads\/sites\/4\/2023\/02\/torre-eiffel-paris.webp\",\"contentUrl\":\"https:\/\/parisconcarlo.com\/es\/wp-content\/uploads\/sites\/4\/2023\/02\/torre-eiffel-paris.webp\",\"width\":900,\"height\":600,\"caption\":\"Entradas para la Torre Eiffel de Par\u00eds\"},{\"@type\":\"BreadcrumbList\",\"@id\":\"https:\/\/parisconcarlo.com\/es\/torre-eiffel\/#breadcrumb\",\"itemListElement\":[{\"@type\":\"ListItem\",\"position\":1,\"name\":\"Home\",\"item\":\"https:\/\/parisconcarlo.com\/es\/\"},{\"@type\":\"ListItem\",\"position\":2,\"name\":\"Qu\u00e9 ver en Par\u00eds\",\"item\":\"https:\/\/parisconcarlo.com\/es\/que-ver-en-paris\/\"},{\"@type\":\"ListItem\",\"position\":3,\"name\":\"Torre Eiffel: entradas, c\u00f3mo llegar, hotel cercanos\"}]},{\"@type\":\"WebSite\",\"@id\":\"https:\/\/parisconcarlo.com\/es\/#website\",\"url\":\"https:\/\/parisconcarlo.com\/es\/\",\"name\":\"Paris con Carlo\",\"description\":\"\",\"publisher\":{\"@id\":\"https:\/\/parisconcarlo.com\/es\/#organization\"},\"potentialAction\":[{\"@type\":\"SearchAction\",\"target\":{\"@type\":\"EntryPoint\",\"urlTemplate\":\"https:\/\/parisconcarlo.com\/es\/?s={search_term_string}\"},\"query-input\":{\"@type\":\"PropertyValueSpecification\",\"valueRequired\":true,\"valueName\":\"search_term_string\"}}],\"inLanguage\":\"es\"},{\"@type\":\"Organization\",\"@id\":\"https:\/\/parisconcarlo.com\/es\/#organization\",\"name\":\"Paris con Carlo\",\"url\":\"https:\/\/parisconcarlo.com\/es\/\",\"logo\":{\"@type\":\"ImageObject\",\"inLanguage\":\"es\",\"@id\":\"https:\/\/parisconcarlo.com\/es\/#\/schema\/logo\/image\/\",\"url\":\"https:\/\/parisconcarlo.com\/es\/wp-content\/uploads\/sites\/4\/2024\/03\/logo-parisconcarlo-horizontal-live-3.jpg\",\"contentUrl\":\"https:\/\/parisconcarlo.com\/es\/wp-content\/uploads\/sites\/4\/2024\/03\/logo-parisconcarlo-horizontal-live-3.jpg\",\"width\":700,\"height\":214,\"caption\":\"Paris con Carlo\"},\"image\":{\"@id\":\"https:\/\/parisconcarlo.com\/es\/#\/schema\/logo\/image\/\"}},{\"@type\":\"Person\",\"@id\":\"https:\/\/parisconcarlo.com\/es\/#\/schema\/person\/50c9697865d01ff2d6201f18aced1111\",\"name\":\"Carlo Galici\",\"image\":{\"@type\":\"ImageObject\",\"inLanguage\":\"es\",\"@id\":\"https:\/\/parisconcarlo.com\/es\/#\/schema\/person\/image\/\",\"url\":\"https:\/\/secure.gravatar.com\/avatar\/06ec8e24b85ce32c8ceb183bc6c1b1ebff541395ffd1a8389c806e4b78969839?s=96&d=mm&r=g\",\"contentUrl\":\"https:\/\/secure.gravatar.com\/avatar\/06ec8e24b85ce32c8ceb183bc6c1b1ebff541395ffd1a8389c806e4b78969839?s=96&d=mm&r=g\",\"caption\":\"Carlo Galici\"},\"url\":\"https:\/\/parisconcarlo.com\/es\/author\/carlogalici\/\"}]}<\/script>\n<!-- \/ Yoast SEO plugin. -->","yoast_head_json":{"title":"Torre Eiffel: precios de las entradas, cu\u00e1ndo visitarla, horarios y hoteles cercanos","description":"Gu\u00eda de la Torre Eiffel en Par\u00eds. Consejos sobre cu\u00e1ndo visitar, historia de su creaci\u00f3n y precios de las entradas. D\u00f3nde dormir cerca de la Torre.","robots":{"index":"index","follow":"follow","max-snippet":"max-snippet:-1","max-image-preview":"max-image-preview:large","max-video-preview":"max-video-preview:-1"},"canonical":"https:\/\/parisconcarlo.com\/es\/torre-eiffel\/","og_locale":"es_ES","og_type":"article","og_title":"Torre Eiffel: precios de las entradas, cu\u00e1ndo visitarla, horarios y hoteles cercanos","og_description":"Gu\u00eda de la Torre Eiffel en Par\u00eds. Consejos sobre cu\u00e1ndo visitar, historia de su creaci\u00f3n y precios de las entradas. D\u00f3nde dormir cerca de la Torre.","og_url":"https:\/\/parisconcarlo.com\/es\/torre-eiffel\/","og_site_name":"Paris con Carlo","article_published_time":"2022-10-28T07:33:27+00:00","article_modified_time":"2024-04-15T15:20:48+00:00","og_image":[{"width":623,"height":188,"url":"https:\/\/parisconcarlo.com\/es\/wp-content\/uploads\/sites\/4\/2022\/10\/logo-viajes-a-paris.jpeg","type":"image\/jpeg"}],"author":"Carlo Galici","twitter_card":"summary_large_image","twitter_image":"https:\/\/parisconcarlo.com\/es\/wp-content\/uploads\/sites\/4\/2022\/10\/logo-viajes-a-paris.jpeg","twitter_misc":{"Escrito por":"Carlo Galici","Tiempo de lectura":"28 minutos"},"schema":{"@context":"https:\/\/schema.org","@graph":[{"@type":"Article","@id":"https:\/\/parisconcarlo.com\/es\/torre-eiffel\/#article","isPartOf":{"@id":"https:\/\/parisconcarlo.com\/es\/torre-eiffel\/"},"author":{"name":"Carlo Galici","@id":"https:\/\/parisconcarlo.com\/es\/#\/schema\/person\/50c9697865d01ff2d6201f18aced1111"},"headline":"Torre Eiffel: entradas, c\u00f3mo llegar, hotel cercanos","datePublished":"2022-10-28T07:33:27+00:00","dateModified":"2024-04-15T15:20:48+00:00","mainEntityOfPage":{"@id":"https:\/\/parisconcarlo.com\/es\/torre-eiffel\/"},"wordCount":833,"commentCount":0,"publisher":{"@id":"https:\/\/parisconcarlo.com\/es\/#organization"},"image":{"@id":"https:\/\/parisconcarlo.com\/es\/torre-eiffel\/#primaryimage"},"thumbnailUrl":"https:\/\/parisconcarlo.com\/es\/wp-content\/uploads\/sites\/4\/2023\/02\/torre-eiffel-paris.webp","articleSection":["Qu\u00e9 ver en Par\u00eds"],"inLanguage":"es"},{"@type":"WebPage","@id":"https:\/\/parisconcarlo.com\/es\/torre-eiffel\/","url":"https:\/\/parisconcarlo.com\/es\/torre-eiffel\/","name":"Torre Eiffel: precios de las entradas, cu\u00e1ndo visitarla, horarios y hoteles cercanos","isPartOf":{"@id":"https:\/\/parisconcarlo.com\/es\/#website"},"primaryImageOfPage":{"@id":"https:\/\/parisconcarlo.com\/es\/torre-eiffel\/#primaryimage"},"image":{"@id":"https:\/\/parisconcarlo.com\/es\/torre-eiffel\/#primaryimage"},"thumbnailUrl":"https:\/\/parisconcarlo.com\/es\/wp-content\/uploads\/sites\/4\/2023\/02\/torre-eiffel-paris.webp","datePublished":"2022-10-28T07:33:27+00:00","dateModified":"2024-04-15T15:20:48+00:00","description":"Gu\u00eda de la Torre Eiffel en Par\u00eds. Consejos sobre cu\u00e1ndo visitar, historia de su creaci\u00f3n y precios de las entradas. D\u00f3nde dormir cerca de la Torre.","breadcrumb":{"@id":"https:\/\/parisconcarlo.com\/es\/torre-eiffel\/#breadcrumb"},"inLanguage":"es","potentialAction":[{"@type":"ReadAction","target":["https:\/\/parisconcarlo.com\/es\/torre-eiffel\/"]}]},{"@type":"ImageObject","inLanguage":"es","@id":"https:\/\/parisconcarlo.com\/es\/torre-eiffel\/#primaryimage","url":"https:\/\/parisconcarlo.com\/es\/wp-content\/uploads\/sites\/4\/2023\/02\/torre-eiffel-paris.webp","contentUrl":"https:\/\/parisconcarlo.com\/es\/wp-content\/uploads\/sites\/4\/2023\/02\/torre-eiffel-paris.webp","width":900,"height":600,"caption":"Entradas para la Torre Eiffel de Par\u00eds"},{"@type":"BreadcrumbList","@id":"https:\/\/parisconcarlo.com\/es\/torre-eiffel\/#breadcrumb","itemListElement":[{"@type":"ListItem","position":1,"name":"Home","item":"https:\/\/parisconcarlo.com\/es\/"},{"@type":"ListItem","position":2,"name":"Qu\u00e9 ver en Par\u00eds","item":"https:\/\/parisconcarlo.com\/es\/que-ver-en-paris\/"},{"@type":"ListItem","position":3,"name":"Torre Eiffel: entradas, c\u00f3mo llegar, hotel cercanos"}]},{"@type":"WebSite","@id":"https:\/\/parisconcarlo.com\/es\/#website","url":"https:\/\/parisconcarlo.com\/es\/","name":"Paris con Carlo","description":"","publisher":{"@id":"https:\/\/parisconcarlo.com\/es\/#organization"},"potentialAction":[{"@type":"SearchAction","target":{"@type":"EntryPoint","urlTemplate":"https:\/\/parisconcarlo.com\/es\/?s={search_term_string}"},"query-input":{"@type":"PropertyValueSpecification","valueRequired":true,"valueName":"search_term_string"}}],"inLanguage":"es"},{"@type":"Organization","@id":"https:\/\/parisconcarlo.com\/es\/#organization","name":"Paris con Carlo","url":"https:\/\/parisconcarlo.com\/es\/","logo":{"@type":"ImageObject","inLanguage":"es","@id":"https:\/\/parisconcarlo.com\/es\/#\/schema\/logo\/image\/","url":"https:\/\/parisconcarlo.com\/es\/wp-content\/uploads\/sites\/4\/2024\/03\/logo-parisconcarlo-horizontal-live-3.jpg","contentUrl":"https:\/\/parisconcarlo.com\/es\/wp-content\/uploads\/sites\/4\/2024\/03\/logo-parisconcarlo-horizontal-live-3.jpg","width":700,"height":214,"caption":"Paris con Carlo"},"image":{"@id":"https:\/\/parisconcarlo.com\/es\/#\/schema\/logo\/image\/"}},{"@type":"Person","@id":"https:\/\/parisconcarlo.com\/es\/#\/schema\/person\/50c9697865d01ff2d6201f18aced1111","name":"Carlo Galici","image":{"@type":"ImageObject","inLanguage":"es","@id":"https:\/\/parisconcarlo.com\/es\/#\/schema\/person\/image\/","url":"https:\/\/secure.gravatar.com\/avatar\/06ec8e24b85ce32c8ceb183bc6c1b1ebff541395ffd1a8389c806e4b78969839?s=96&d=mm&r=g","contentUrl":"https:\/\/secure.gravatar.com\/avatar\/06ec8e24b85ce32c8ceb183bc6c1b1ebff541395ffd1a8389c806e4b78969839?s=96&d=mm&r=g","caption":"Carlo Galici"},"url":"https:\/\/parisconcarlo.com\/es\/author\/carlogalici\/"}]}},"taxonomy_info":{"category":[{"value":15,"label":"Qu\u00e9 ver en Par\u00eds"}]},"featured_image_src_large":["https:\/\/parisconcarlo.com\/es\/wp-content\/uploads\/sites\/4\/2023\/02\/torre-eiffel-paris.webp",900,600,false],"author_info":{"display_name":"Carlo Galici","author_link":"https:\/\/parisconcarlo.com\/es\/author\/carlogalici\/"},"comment_info":"","category_info":[{"term_id":15,"name":"Qu\u00e9 ver en Par\u00eds","slug":"que-ver-en-paris","term_group":0,"term_taxonomy_id":15,"taxonomy":"category","description":"","parent":0,"count":60,"filter":"raw","cat_ID":15,"category_count":60,"category_description":"","cat_name":"Qu\u00e9 ver en Par\u00eds","category_nicename":"que-ver-en-paris","category_parent":0}],"tag_info":false,"_links":{"self":[{"href":"https:\/\/parisconcarlo.com\/es\/wp-json\/wp\/v2\/posts\/161","targetHints":{"allow":["GET"]}}],"collection":[{"href":"https:\/\/parisconcarlo.com\/es\/wp-json\/wp\/v2\/posts"}],"about":[{"href":"https:\/\/parisconcarlo.com\/es\/wp-json\/wp\/v2\/types\/post"}],"author":[{"embeddable":true,"href":"https:\/\/parisconcarlo.com\/es\/wp-json\/wp\/v2\/users\/4"}],"replies":[{"embeddable":true,"href":"https:\/\/parisconcarlo.com\/es\/wp-json\/wp\/v2\/comments?post=161"}],"version-history":[{"count":0,"href":"https:\/\/parisconcarlo.com\/es\/wp-json\/wp\/v2\/posts\/161\/revisions"}],"wp:featuredmedia":[{"embeddable":true,"href":"https:\/\/parisconcarlo.com\/es\/wp-json\/wp\/v2\/media\/1552"}],"wp:attachment":[{"href":"https:\/\/parisconcarlo.com\/es\/wp-json\/wp\/v2\/media?parent=161"}],"wp:term":[{"taxonomy":"category","embeddable":true,"href":"https:\/\/parisconcarlo.com\/es\/wp-json\/wp\/v2\/categories?post=161"},{"taxonomy":"post_tag","embeddable":true,"href":"https:\/\/parisconcarlo.com\/es\/wp-json\/wp\/v2\/tags?post=161"}],"curies":[{"name":"wp","href":"https:\/\/api.w.org\/{rel}","templated":true}]}}