{"id":144,"date":"2022-10-27T15:30:18","date_gmt":"2022-10-27T13:30:18","guid":{"rendered":"https:\/\/parisconcarlo.com\/es\/?page_id=144"},"modified":"2024-04-15T17:20:49","modified_gmt":"2024-04-15T15:20:49","slug":"place-du-tertre","status":"publish","type":"post","link":"https:\/\/parisconcarlo.com\/es\/place-du-tertre\/","title":{"rendered":"Place du Tertre en Montmartre, Par\u00eds: qu\u00e9 ver, d\u00f3nde comer y hoteles en la zona"},"content":{"rendered":"\n<p>El <strong>distrito art\u00edstico de <a href=\"https:\/\/parisconcarlo.com\/es\/montmartre\/\">Montmartre<\/a><\/strong> es conocido como el \u00faltimo pueblo de Par\u00eds, y la <strong>Place du Tertre<\/strong>, a pocos pasos de la bas\u00edlica del Sacr\u00e9-Coeur, es su coraz\u00f3n palpitante.<\/p>\n\n\n\n<p>En esta plaza arbolada, que se encuentra a una altura de 130 metros sobre el nivel de la ciudad de Par\u00eds, se <strong>re\u00fanen pintores, dise\u00f1adores y fot\u00f3grafos<\/strong> -unos 100 cada d\u00eda- que ofrecen a los turistas un retrato o una simp\u00e1tica caricatura.<\/p>\n\n\n\n<p>A menudo es un buen trabajo y un <strong>gran recuerdo de Par\u00eds<\/strong>, otras veces\u2026 puede que te encuentres diciendo \u00ab\u00a1No se parece en nada a m\u00ed!\u00bb, al estilo de Johnny Toothpick.<\/p>\n\n\n\n<p>De cualquier manera, el arte en la Place du Tertre es una especie de recordatorio de los tiempos en que Montmartre fue la cuna mundial del arte moderno.<\/p>\n\n\n\n<p>De hecho, a principios del siglo XX, muchos pintores pobres, <strong>incluido Pablo Picasso<\/strong> (que a menudo pagaba a los hu\u00e9spedes con sus obras), viv\u00edan en este barrio y ten\u00edan una casa en la Place du Tertre.<\/p>\n\n\n<div class=\"wp-block-image\">\n<figure class=\"aligncenter size-full\"><img decoding=\"async\" width=\"800\" height=\"533\" src=\"https:\/\/parisconcarlo.com\/es\/wp-content\/uploads\/sites\/4\/2023\/01\/place-du-tertre.webp\" alt=\"Los artistas en Place du Tertre, Par\u00eds\" class=\"wp-image-1474\" srcset=\"https:\/\/parisconcarlo.com\/es\/wp-content\/uploads\/sites\/4\/2023\/01\/place-du-tertre.webp 800w, https:\/\/parisconcarlo.com\/es\/wp-content\/uploads\/sites\/4\/2023\/01\/place-du-tertre-300x200.webp 300w, https:\/\/parisconcarlo.com\/es\/wp-content\/uploads\/sites\/4\/2023\/01\/place-du-tertre-768x512.webp 768w\" sizes=\"(max-width: 800px) 100vw, 800px\" \/><figcaption class=\"wp-element-caption\">Los artistas en Place du Tertre, Par\u00eds<\/figcaption><\/figure>\n<\/div>\n\n<style>.kb-table-of-content-nav.kb-table-of-content-id_2f54b1-3c .kb-table-of-content-wrap{padding-top:var(--global-kb-spacing-sm, 1.5rem);padding-right:var(--global-kb-spacing-sm, 1.5rem);padding-bottom:var(--global-kb-spacing-sm, 1.5rem);padding-left:var(--global-kb-spacing-sm, 1.5rem);background-color:#f2d115;}.kb-table-of-content-nav.kb-table-of-content-id_2f54b1-3c .kb-table-of-contents-title-wrap{padding-top:0px;padding-right:0px;padding-bottom:0px;padding-left:0px;}.kb-table-of-content-nav.kb-table-of-content-id_2f54b1-3c .kb-table-of-contents-title{font-weight:regular;font-style:normal;}.kb-table-of-content-nav.kb-table-of-content-id_2f54b1-3c .kb-table-of-content-wrap .kb-table-of-content-list{font-weight:regular;font-style:normal;margin-top:var(--global-kb-spacing-sm, 1.5rem);margin-right:0px;margin-bottom:0px;margin-left:0px;}.kb-table-of-content-nav.kb-table-of-content-id_2f54b1-3c .kb-toggle-icon-style-basiccircle .kb-table-of-contents-icon-trigger:after, .kb-table-of-content-nav.kb-table-of-content-id_2f54b1-3c .kb-toggle-icon-style-basiccircle .kb-table-of-contents-icon-trigger:before, .kb-table-of-content-nav.kb-table-of-content-id_2f54b1-3c .kb-toggle-icon-style-arrowcircle .kb-table-of-contents-icon-trigger:after, .kb-table-of-content-nav.kb-table-of-content-id_2f54b1-3c .kb-toggle-icon-style-arrowcircle .kb-table-of-contents-icon-trigger:before, .kb-table-of-content-nav.kb-table-of-content-id_2f54b1-3c .kb-toggle-icon-style-xclosecircle .kb-table-of-contents-icon-trigger:after, .kb-table-of-content-nav.kb-table-of-content-id_2f54b1-3c .kb-toggle-icon-style-xclosecircle .kb-table-of-contents-icon-trigger:before{background-color:#f2d115;}<\/style>\n\n\n<h2 class=\"wp-block-heading\">El significado del nombre \u00abTertre\u00bb<\/h2>\n\n\n\n<p>Algunos creen que la <strong>palabra Tertre deriva de \u00abMontmartre<\/strong>\u00ab, pero en realidad, como tertre significa \u00ab<strong>peque\u00f1a colina<\/strong>\u00ab, Place de Tertre simplemente significa \u00abPlaza en la peque\u00f1a colina\u00bb.<\/p>\n\n\n\n<p>De hecho, sin embargo, la colina no es tan peque\u00f1a. \ud83d\ude42<\/p>\n\n\n\n<p>De hecho, <strong>Montmartre se encuentra en la colina m\u00e1s grande de la ciudad<\/strong>, con aproximadamente 130 metros de altura.<\/p>\n\n\n\n<h2 class=\"wp-block-heading\">Qu\u00e9 hacer y ver en la plaza y alrededores<\/h2>\n\n\n\n<p>Veamos qu\u00e9 puedes hacer y ver en esta encantadora plaza.<\/p>\n\n\n\n<h3 class=\"wp-block-heading\">Los artistas con sus colores, los caballetes, las mesas y las sombrillas<\/h3>\n\n\n\n<p>\u00a1Son una parte integral de la Place du Tertre!<\/p>\n\n\n\n<p>Si te ronda la idea de <strong>hacerte un retrato<\/strong>, y ya est\u00e1s decidiendo d\u00f3nde ponerlo una vez llegues a casa, primero date una vuelta por la plaza sin ceder a los halagos de los primeros artistas que se te ofrecer\u00e1n con cierta iniciativa.<\/p>\n\n\n\n<p><strong>Presta atenci\u00f3n al estilo de los diferentes pintores<\/strong> y dise\u00f1adores, en funci\u00f3n de las obras que exhiben (\u00a1o est\u00e1n creando en el lugar!) y luego enc\u00e1rgueles el trabajo.<\/p>\n\n\n<div class=\"wp-block-image\">\n<figure class=\"aligncenter size-full\"><img decoding=\"async\" width=\"800\" height=\"533\" src=\"https:\/\/parisconcarlo.com\/es\/wp-content\/uploads\/sites\/4\/2023\/01\/artistas-en-montmartre-paris.webp\" alt=\"Retratistas en Place du Tertre, Par\u00eds\" class=\"wp-image-1473\" srcset=\"https:\/\/parisconcarlo.com\/es\/wp-content\/uploads\/sites\/4\/2023\/01\/artistas-en-montmartre-paris.webp 800w, https:\/\/parisconcarlo.com\/es\/wp-content\/uploads\/sites\/4\/2023\/01\/artistas-en-montmartre-paris-300x200.webp 300w, https:\/\/parisconcarlo.com\/es\/wp-content\/uploads\/sites\/4\/2023\/01\/artistas-en-montmartre-paris-768x512.webp 768w\" sizes=\"(max-width: 800px) 100vw, 800px\" \/><figcaption class=\"wp-element-caption\">Retratistas en Place du Tertre, Par\u00eds<\/figcaption><\/figure>\n<\/div>\n\n\n<p>Si prefieres no ser retratado, tambi\u00e9n <strong>puedes comprar una pintura<\/strong> que represente un vistazo de Montmartre, quiz\u00e1s con la <a href=\"https:\/\/parisconcarlo.com\/es\/sagrado-corazon-de-paris\/\">Bas\u00edlica del Sagrado Coraz\u00f3n<\/a> al fondo.<\/p>\n\n\n\n<h3 class=\"wp-block-heading\">La galer\u00eda de Montmartre<\/h3>\n\n\n\n<p>En un espacio art\u00edstico como este no pod\u00eda faltar una peque\u00f1a galer\u00eda de arte, con entrada gratuita.<\/p>\n\n\n<div class=\"wp-block-image\">\n<figure class=\"aligncenter size-full\"><img decoding=\"async\" width=\"800\" height=\"537\" src=\"https:\/\/parisconcarlo.com\/es\/wp-content\/uploads\/sites\/4\/2023\/01\/galerie-montmartre-paris.webp\" alt=\"La galer\u00eda de Montmartre\" class=\"wp-image-1471\" srcset=\"https:\/\/parisconcarlo.com\/es\/wp-content\/uploads\/sites\/4\/2023\/01\/galerie-montmartre-paris.webp 800w, https:\/\/parisconcarlo.com\/es\/wp-content\/uploads\/sites\/4\/2023\/01\/galerie-montmartre-paris-300x201.webp 300w, https:\/\/parisconcarlo.com\/es\/wp-content\/uploads\/sites\/4\/2023\/01\/galerie-montmartre-paris-768x516.webp 768w\" sizes=\"(max-width: 800px) 100vw, 800px\" \/><figcaption class=\"wp-element-caption\">La galer\u00eda de Montmartre<\/figcaption><\/figure>\n<\/div>\n\n\n<p>La <strong>Galerie Montmartre<\/strong>, en Place du Tertre 11, incluye exposiciones permanentes y temporales y se especializa en obras de arte contempor\u00e1neas: esculturas, pinturas, grabados, fotograf\u00edas.<\/p>\n\n\n\n<p>Van <strong>desde el surrealismo hasta el street art<\/strong> y tambi\u00e9n puedes admirar obras de ilustres artistas como Dal\u00ed y Warhol.<\/p>\n\n\n\n<p>La galer\u00eda se reserva el derecho de realizar una selecci\u00f3n en la entrada (que, por ejemplo, podr\u00eda negarse a grupos de muy j\u00f3venes).<\/p>\n\n\n\n<h3 class=\"wp-block-heading\">Los otros atractivos del barrio<\/h3>\n\n\n\n<p>Vea la Bas\u00edlica del Sagrado Coraz\u00f3n y la <a href=\"https:\/\/parisconcarlo.com\/es\/iglesia-de-saint-pierre-de-montmartre\/\">Iglesia de St. Pierre de Montmartre<\/a>, visita el <a href=\"https:\/\/parisconcarlo.com\/es\/museo-de-montmartre\/\">Mus\u00e9e de Montmartre<\/a>, asista a un espect\u00e1culo de cabaret, camine por la Rue Lepic. \u00a1Y eso no es todo!<\/p>\n\n\n\n<p>Hay muchas cosas que ver y hacer en el barrio: en este sentido recomendamos leer nuestro an\u00e1lisis en profundidad.<\/p>\n\n\n\n<h2 class=\"wp-block-heading\">D\u00f3nde comer cerca de la Place du Tertre<\/h2>\n\n\n<div class=\"wp-block-image\">\n<figure class=\"aligncenter size-full\"><img decoding=\"async\" width=\"800\" height=\"539\" src=\"https:\/\/parisconcarlo.com\/es\/wp-content\/uploads\/sites\/4\/2023\/01\/el-primer-bistro-paris.webp\" alt=\"El primero bistr\u00f3 del mundo en Place du Tertre, Par\u00eds\" class=\"wp-image-1472\" srcset=\"https:\/\/parisconcarlo.com\/es\/wp-content\/uploads\/sites\/4\/2023\/01\/el-primer-bistro-paris.webp 800w, https:\/\/parisconcarlo.com\/es\/wp-content\/uploads\/sites\/4\/2023\/01\/el-primer-bistro-paris-300x202.webp 300w, https:\/\/parisconcarlo.com\/es\/wp-content\/uploads\/sites\/4\/2023\/01\/el-primer-bistro-paris-768x517.webp 768w\" sizes=\"(max-width: 800px) 100vw, 800px\" \/><figcaption class=\"wp-element-caption\">El primero bistr\u00f3 del mundo en Place du Tertre, Par\u00eds<\/figcaption><\/figure>\n<\/div>\n\n\n<p>Enmarcan la plaza y sin duda te atraer\u00e1n, pero una premisa es imprescindible. <strong>En su mayor\u00eda son trampas para turistas<\/strong>, y la envidiable ubicaci\u00f3n no siempre se corresponde con un buen servicio y cocina.<\/p>\n\n\n\n<p>Pero como la tentaci\u00f3n es fuerte, y muchas veces es bonito ser \u201cturistas cl\u00e1sicos\u201d, te presentamos algunos de ellos.<\/p>\n\n\n\n<h3 class=\"wp-block-heading\">La Boh\u00e8me du Tertre<\/h3>\n\n\n\n<p>En el n\u00famero 2 de la plaza encontrar\u00e1s este lugar, con un ambiente agradable especialmente por la noche, cuando quiz\u00e1s tengas la suerte de ver a un pianista tocando en vivo.<\/p>\n\n\n\n<p>El restaurante ofrece cocina francesa.<\/p>\n\n\n\n<p>\u00bfEl art\u00edculo m\u00e1s popular en el men\u00fa? <strong>Los dulces<\/strong>.<\/p>\n\n\n\n<h3 class=\"wp-block-heading\">L&#8217;Au Clairon Des Chasseurs<\/h3>\n\n\n\n<p>Sus cortinas de rayas azules y blancas invitan a entrar. Este restaurante en el n\u00famero 3 de la famosa plaza ofrece crepes, tortillas, sopa de cebolla y hasta pizza (\u00a1pero al parecer, esta es congelada!).<\/p>\n\n\n\n<p><strong>Cuidado con las bebidas, son bastante caras<\/strong>.<\/p>\n\n\n\n<h3 class=\"wp-block-heading\">La Mera Catalina<\/h3>\n\n\n\n<p>Esta antigua brasserie, fundada en 1793, est\u00e1 situada en el n\u00famero 6 de la Place du Tertre y parece ser <strong>la cuna de la palabra \u00abbistro\u00bb<\/strong>, conocida y utilizada en todo el mundo.<\/p>\n\n\n\n<p>La historia (\u00bfo leyenda?!) cuenta que durante los conflictos napole\u00f3nicos, en el a\u00f1o 1814, unos cosacos rusos se detuvieron en este lugar y pidieron una bebida.<\/p>\n\n\n\n<p>Para alentar a los anfitriones a ser r\u00e1pidos, gritaron \u00abbystro\u00bb (en cir\u00edlico \u00ab\u0431\u044b\u0441\u0442\u0440\u043e\u00bb, que significa \u00abr\u00e1pido, r\u00e1pido\u00bb).<\/p>\n\n\n\n<p>Los cosacos quer\u00edan darse prisa porque, en realidad, no ten\u00edan el permiso de sus oficiales superiores. \ud83d\ude42<\/p>\n\n\n\n<p>Hoy, el restaurante ofrece cocina francesa, en su comedor, en la terraza o en el jard\u00edn.<\/p>\n\n\n\n<h3 class=\"wp-block-heading\">La Cremaillere 1900<\/h3>\n\n\n\n<p>Este restaurante, con muebles de \u00e9poca del siglo XX y un piano bar, sin duda te <strong>har\u00e1 respirar un ambiente parisino de anta\u00f1o<\/strong> en el n\u00famero 15 de la Place de Tertre.<\/p>\n\n\n\n<p>Su cocina francesa es decente, especialmente la selecci\u00f3n de quesos.<\/p>\n\n\n\n<h3 class=\"wp-block-heading\">Carette Place du Tertre<\/h3>\n\n\n\n<p>Esta pasteler\u00eda est\u00e1 situada en el n\u00famero 7 y es ideal para desayunar y disfrutar de unos dulces t\u00edpicamente franceses.<\/p>\n\n\n\n<p>No tiene asientos, por lo que tendr\u00e1s que llevarte tus croissants, pain au chocolat, macarons, crepes y helados.<\/p>\n\n\n\n<p><a class=\"enlace-amigo\" href=\"https:\/\/parisconcarlo.com\/es\/montmartre\/\"><span class=\"cell\">El barrio de Montmartre <\/span><span class=\"cell\"><span class=\"button\">Leer mas<\/span><\/span><\/a><\/p>\n\n\n\n<h2 class=\"wp-block-heading\">\u00bfCu\u00e1l es el mejor d\u00eda y hora para visitar?<\/h2>\n\n\n\n<p>La plaza <strong>est\u00e1 m\u00e1s concurrida los fines de semana<\/strong>.<\/p>\n\n\n\n<p>Por eso, si es posible, es mejor visitarla entre semana, y especialmente por la ma\u00f1ana, para evitar rendimientos excesivos.<\/p>\n\n\n\n<p>Sin embargo, si buscas un ambiente rom\u00e1ntico, tienes que ir all\u00ed al atardecer.<\/p>\n\n\n\n<h2 class=\"wp-block-heading\">D\u00f3nde est\u00e1 y c\u00f3mo llegar<\/h2>\n\n\n\n<p>Place du Tertre se encuentra en Montmartre, en el distrito 18, al norte de Par\u00eds.<\/p>\n\n\n\n<p>Para informaci\u00f3n sobre <a href=\"https:\/\/parisconcarlo.com\/es\/montmartre\/\">c\u00f3mo llegar a Montmartre<\/a>, te remitimos a este p\u00e1rrafo del art\u00edculo dedicado al barrio.<\/p>\n\n\n\n<p>La parada de <a href=\"https:\/\/parisconcarlo.com\/es\/metro-en-paris\/\">metro<\/a> m\u00e1s c\u00f3moda para llegar a la plaza es la l\u00ednea M12, estaci\u00f3n Abbesses.<\/p>\n\n\n\n<p>Tambi\u00e9n se puede llegar por la rue du Calvaire, una escalera inclinada de unos 40 metros de largo que conecta la Place de Tertre con la rue Gabrielle que se encuentra m\u00e1s abajo.<\/p>\n\n\n\n<h2 class=\"wp-block-heading\">D\u00f3nde dormir cerca de Place du Tertre: hoteles recomendados<\/h2>\n\n\n\n<p>Como escrib\u00ed anteriormente, <strong>Place du Tertre se encuentra en el distrito parisino de Montmartre<\/strong>.<\/p>\n\n\n\n<p>Personalmente, me gusta mucho esta zona y tambi\u00e9n me gusta dormir aqu\u00ed, experimentar un ambiente m\u00e1s relajado y quiz\u00e1s ir a alguna de sus famosos cabaret por la noche.<\/p>\n\n\n\n<p>Para saber m\u00e1s sobre las zonas <a href=\"https:\/\/parisconcarlo.com\/es\/donde-alojarse-en-paris\/\">donde alojarse en Par\u00eds<\/a>, aqu\u00ed encuentras una gu\u00eda espec\u00edfica. Aqu\u00ed te recomiendo los mejores hoteles de la zona:<\/p>\n\n\n<style>.wp-block-kadence-iconlist.kt-svg-icon-list-items_191084-8a:not(.this-stops-third-party-issues){margin-top:0px;margin-bottom:0px;}.wp-block-kadence-iconlist.kt-svg-icon-list-items_191084-8a ul.kt-svg-icon-list:not(.this-prevents-issues):not(.this-stops-third-party-issues):not(.tijsloc){margin-top:0px;margin-right:0px;margin-bottom:var(--global-kb-spacing-sm, 1.5rem);margin-left:0px;}.wp-block-kadence-iconlist.kt-svg-icon-list-items_191084-8a ul.kt-svg-icon-list{grid-row-gap:15px;}.wp-block-kadence-iconlist.kt-svg-icon-list-items_191084-8a ul.kt-svg-icon-list .kt-svg-icon-list-item-wrap .kt-svg-icon-list-single{margin-right:10px;}.kt-svg-icon-list-items_191084-8a ul.kt-svg-icon-list .kt-svg-icon-list-level-0 .kt-svg-icon-list-single svg{font-size:20px;}.kt-svg-icon-list-items_191084-8a ul.kt-svg-icon-list .kt-svg-icon-list-level-1 .kt-svg-icon-list-single svg{font-size:20px;}.kt-svg-icon-list-items_191084-8a ul.kt-svg-icon-list .kt-svg-icon-list-level-2 .kt-svg-icon-list-single svg{font-size:20px;}.kt-svg-icon-list-items_191084-8a ul.kt-svg-icon-list .kt-svg-icon-list-level-3 .kt-svg-icon-list-single svg{font-size:20px;}<\/style>\n<div class=\"wp-block-kadence-iconlist kt-svg-icon-list-items kt-svg-icon-list-items_191084-8a kt-svg-icon-list-columns-1 alignnone kt-list-icon-aligntop\"><ul class=\"kt-svg-icon-list\"><li class=\"kt-svg-icon-list-style-default kt-svg-icon-list-item-wrap kt-svg-icon-list-item-0 kt-svg-icon-list-level-0\"><div style=\"display:inline-flex;justify-content:center;align-items:center;color:#008000\" class=\"kt-svg-icon-list-single kt-svg-icon-list-single-fas_bed\"><svg style=\"display:inline-block;vertical-align:middle\" viewBox=\"0 0 640 512\" height=\"20\" width=\"20\" fill=\"currentColor\" xmlns=\"http:\/\/www.w3.org\/2000\/svg\" aria-hidden=\"true\"><path d=\"M176 256c44.11 0 80-35.89 80-80s-35.89-80-80-80-80 35.89-80 80 35.89 80 80 80zm352-128H304c-8.84 0-16 7.16-16 16v144H64V80c0-8.84-7.16-16-16-16H16C7.16 64 0 71.16 0 80v352c0 8.84 7.16 16 16 16h32c8.84 0 16-7.16 16-16v-48h512v48c0 8.84 7.16 16 16 16h32c8.84 0 16-7.16 16-16V240c0-61.86-50.14-112-112-112z\"><\/path><\/svg><\/div><span class=\"kt-svg-icon-list-text\"><strong><a href=\"https:\/\/www.booking.com\/hotel\/fr\/adm-ateliers-de-montmartre.es.html?aid=1474022;label=placedutertre\" target=\"_blank\" rel=\"noreferrer noopener sponsored nofollow\">Ateliers de Montmartre ADM<\/a><\/strong> 3*: ubicado a pocos pasos de la Bas\u00edlica del Sagrado Coraz\u00f3n. Precios en torno a los 200\u20ac la noche en habitaci\u00f3n doble. <\/span><\/li><li class=\"kt-svg-icon-list-style-default kt-svg-icon-list-item-wrap kt-svg-icon-list-item-1 kt-svg-icon-list-level-0\"><div style=\"display:inline-flex;justify-content:center;align-items:center;color:#008000\" class=\"kt-svg-icon-list-single kt-svg-icon-list-single-fas_bed\"><svg style=\"display:inline-block;vertical-align:middle\" viewBox=\"0 0 640 512\" height=\"20\" width=\"20\" fill=\"currentColor\" xmlns=\"http:\/\/www.w3.org\/2000\/svg\" aria-hidden=\"true\"><path d=\"M176 256c44.11 0 80-35.89 80-80s-35.89-80-80-80-80 35.89-80 80 35.89 80 80 80zm352-128H304c-8.84 0-16 7.16-16 16v144H64V80c0-8.84-7.16-16-16-16H16C7.16 64 0 71.16 0 80v352c0 8.84 7.16 16 16 16h32c8.84 0 16-7.16 16-16v-48h512v48c0 8.84 7.16 16 16 16h32c8.84 0 16-7.16 16-16V240c0-61.86-50.14-112-112-112z\"><\/path><\/svg><\/div><span class=\"kt-svg-icon-list-text\"><strong><a href=\"https:\/\/www.booking.com\/hotel\/fr\/appart-39-odalys-paris-montmartre.es.html?aid=1474022;label=placedutertre\" target=\"_blank\" rel=\"noreferrer noopener sponsored nofollow\">Odalys City Paris Montmartre<\/a><\/strong> 4*: ubicado en la Rue San Vincent, una de las calles m\u00e1s bonitas de Montmartre. . Cuesta unos 200\u20ac la noche en habitaci\u00f3n doble.<\/span><\/li><li class=\"kt-svg-icon-list-style-default kt-svg-icon-list-item-wrap kt-svg-icon-list-item-2 kt-svg-icon-list-level-0\"><div style=\"display:inline-flex;justify-content:center;align-items:center;color:#008000\" class=\"kt-svg-icon-list-single kt-svg-icon-list-single-fas_bed\"><svg style=\"display:inline-block;vertical-align:middle\" viewBox=\"0 0 640 512\" height=\"20\" width=\"20\" fill=\"currentColor\" xmlns=\"http:\/\/www.w3.org\/2000\/svg\" aria-hidden=\"true\"><path d=\"M176 256c44.11 0 80-35.89 80-80s-35.89-80-80-80-80 35.89-80 80 35.89 80 80 80zm352-128H304c-8.84 0-16 7.16-16 16v144H64V80c0-8.84-7.16-16-16-16H16C7.16 64 0 71.16 0 80v352c0 8.84 7.16 16 16 16h32c8.84 0 16-7.16 16-16v-48h512v48c0 8.84 7.16 16 16 16h32c8.84 0 16-7.16 16-16V240c0-61.86-50.14-112-112-112z\"><\/path><\/svg><\/div><span class=\"kt-svg-icon-list-text\"><strong><a href=\"https:\/\/www.booking.com\/hotel\/fr\/parisian-flat-paris1.es.html?aid=1474022;label=placedutertre\" target=\"_blank\" rel=\"noreferrer noopener sponsored nofollow\">Parisian Flat<\/a><\/strong> 3*: en este caso se trata de un apartamento, tambi\u00e9n equipado con zona para cocinar, por lo tanto excelente para ahorrar y no salir a comer todas las noches. <\/span><\/li><li class=\"kt-svg-icon-list-style-default kt-svg-icon-list-item-wrap kt-svg-icon-list-item-3 kt-svg-icon-list-level-0\"><div style=\"display:inline-flex;justify-content:center;align-items:center;color:#008000\" class=\"kt-svg-icon-list-single kt-svg-icon-list-single-fas_bed\"><svg style=\"display:inline-block;vertical-align:middle\" viewBox=\"0 0 640 512\" height=\"20\" width=\"20\" fill=\"currentColor\" xmlns=\"http:\/\/www.w3.org\/2000\/svg\" aria-hidden=\"true\"><path d=\"M176 256c44.11 0 80-35.89 80-80s-35.89-80-80-80-80 35.89-80 80 35.89 80 80 80zm352-128H304c-8.84 0-16 7.16-16 16v144H64V80c0-8.84-7.16-16-16-16H16C7.16 64 0 71.16 0 80v352c0 8.84 7.16 16 16 16h32c8.84 0 16-7.16 16-16v-48h512v48c0 8.84 7.16 16 16 16h32c8.84 0 16-7.16 16-16V240c0-61.86-50.14-112-112-112z\"><\/path><\/svg><\/div><span class=\"kt-svg-icon-list-text\"><strong><a href=\"https:\/\/www.booking.com\/hotel\/fr\/timmontmartre.es.html?aid=1474022;label=placedutertre\" target=\"_blank\" rel=\"noreferrer noopener sponsored nofollow\">Timhotel Montmartre<\/a><\/strong> 3*: ubicado en la parte baja de Montmartre, a solo 200 metros de la estaci\u00f3n de metro Abbesses y a 5 minutos a pie del Saco Coeur. Tambi\u00e9n muy cerca del Moulin Rouge.<\/span><\/li><\/ul><\/div>\n\n\n\n<div style=\"height:20px\" aria-hidden=\"true\" class=\"wp-block-spacer\"><\/div>\n\n\n\n<p><a class=\"enlace-amigo\" href=\"https:\/\/parisconcarlo.com\/es\/donde-alojarse-en-paris\/\"><span class=\"cell\">D\u00f3nde alojarse en Par\u00eds <\/span><span class=\"cell\"><span class=\"button\">Leer mas<\/span><\/span><\/a><\/p>\n\n\n\n<h2 class=\"wp-block-heading\">Mapa: qu\u00e9 ver cerca<\/h2>\n\n\n\n","protected":false},"excerpt":{"rendered":"<p>El distrito art\u00edstico de Montmartre es conocido como el \u00faltimo pueblo de Par\u00eds, y la Place du Tertre, a pocos pasos de la bas\u00edlica del Sacr\u00e9-Coeur, es su coraz\u00f3n palpitante. En esta plaza arbolada, que se encuentra a una altura de 130 metros sobre el nivel de la ciudad de Par\u00eds, se re\u00fanen pintores, dise\u00f1adores&#8230;<\/p>\n","protected":false},"author":4,"featured_media":1475,"comment_status":"open","ping_status":"closed","sticky":false,"template":"","format":"standard","meta":{"_kad_blocks_custom_css":"","_kad_blocks_head_custom_js":"","_kad_blocks_body_custom_js":"","_kad_blocks_footer_custom_js":"","_kad_post_transparent":"","_kad_post_title":"","_kad_post_layout":"","_kad_post_sidebar_id":"","_kad_post_content_style":"","_kad_post_vertical_padding":"","_kad_post_feature":"","_kad_post_feature_position":"","_kad_post_header":false,"_kad_post_footer":false,"_kad_post_classname":"","footnotes":""},"categories":[15],"tags":[],"class_list":["post-144","post","type-post","status-publish","format-standard","has-post-thumbnail","hentry","category-que-ver-en-paris"],"yoast_head":"<!-- This site is optimized with the Yoast SEO plugin v27.1.1 - https:\/\/yoast.com\/product\/yoast-seo-wordpress\/ -->\n<title>Place du Tertre, Montmartre: qu\u00e9 ver, d\u00f3nde comer, hoteles<\/title>\n<meta name=\"description\" content=\"Gu\u00eda de la Place du Tertre en el coraz\u00f3n de Montmartre en Par\u00eds. Descubre c\u00f3mo llegar a la animada plaza frecuentada por Pablo Picasso.\" \/>\n<meta name=\"robots\" content=\"index, follow, max-snippet:-1, max-image-preview:large, max-video-preview:-1\" \/>\n<link rel=\"canonical\" href=\"https:\/\/parisconcarlo.com\/es\/place-du-tertre\/\" \/>\n<meta property=\"og:locale\" content=\"es_ES\" \/>\n<meta property=\"og:type\" content=\"article\" \/>\n<meta property=\"og:title\" content=\"Place du Tertre, Montmartre: qu\u00e9 ver, d\u00f3nde comer, hoteles\" \/>\n<meta property=\"og:description\" content=\"Gu\u00eda de la Place du Tertre en el coraz\u00f3n de Montmartre en Par\u00eds. Descubre c\u00f3mo llegar a la animada plaza frecuentada por Pablo Picasso.\" \/>\n<meta property=\"og:url\" content=\"https:\/\/parisconcarlo.com\/es\/place-du-tertre\/\" \/>\n<meta property=\"og:site_name\" content=\"Paris con Carlo\" \/>\n<meta property=\"article:published_time\" content=\"2022-10-27T13:30:18+00:00\" \/>\n<meta property=\"article:modified_time\" content=\"2024-04-15T15:20:49+00:00\" \/>\n<meta property=\"og:image\" content=\"https:\/\/parisconcarlo.com\/es\/wp-content\/uploads\/sites\/4\/2022\/10\/logo-viajes-a-paris.jpeg\" \/>\n\t<meta property=\"og:image:width\" content=\"623\" \/>\n\t<meta property=\"og:image:height\" content=\"188\" \/>\n\t<meta property=\"og:image:type\" content=\"image\/jpeg\" \/>\n<meta name=\"author\" content=\"Carlo Galici\" \/>\n<meta name=\"twitter:card\" content=\"summary_large_image\" \/>\n<meta name=\"twitter:image\" content=\"https:\/\/parisconcarlo.com\/es\/wp-content\/uploads\/sites\/4\/2022\/10\/logo-viajes-a-paris.jpeg\" \/>\n<meta name=\"twitter:label1\" content=\"Escrito por\" \/>\n\t<meta name=\"twitter:data1\" content=\"Carlo Galici\" \/>\n\t<meta name=\"twitter:label2\" content=\"Tiempo de lectura\" \/>\n\t<meta name=\"twitter:data2\" content=\"33 minutos\" \/>\n<script type=\"application\/ld+json\" class=\"yoast-schema-graph\">{\"@context\":\"https:\/\/schema.org\",\"@graph\":[{\"@type\":\"Article\",\"@id\":\"https:\/\/parisconcarlo.com\/es\/place-du-tertre\/#article\",\"isPartOf\":{\"@id\":\"https:\/\/parisconcarlo.com\/es\/place-du-tertre\/\"},\"author\":{\"name\":\"Carlo Galici\",\"@id\":\"https:\/\/parisconcarlo.com\/es\/#\/schema\/person\/50c9697865d01ff2d6201f18aced1111\"},\"headline\":\"Place du Tertre en Montmartre, Par\u00eds: qu\u00e9 ver, d\u00f3nde comer y hoteles en la zona\",\"datePublished\":\"2022-10-27T13:30:18+00:00\",\"dateModified\":\"2024-04-15T15:20:49+00:00\",\"mainEntityOfPage\":{\"@id\":\"https:\/\/parisconcarlo.com\/es\/place-du-tertre\/\"},\"wordCount\":1348,\"commentCount\":0,\"publisher\":{\"@id\":\"https:\/\/parisconcarlo.com\/es\/#organization\"},\"image\":{\"@id\":\"https:\/\/parisconcarlo.com\/es\/place-du-tertre\/#primaryimage\"},\"thumbnailUrl\":\"https:\/\/parisconcarlo.com\/es\/wp-content\/uploads\/sites\/4\/2023\/01\/place-du-tertre-paris-2.webp\",\"articleSection\":[\"Qu\u00e9 ver en Par\u00eds\"],\"inLanguage\":\"es\"},{\"@type\":\"WebPage\",\"@id\":\"https:\/\/parisconcarlo.com\/es\/place-du-tertre\/\",\"url\":\"https:\/\/parisconcarlo.com\/es\/place-du-tertre\/\",\"name\":\"Place du Tertre, Montmartre: qu\u00e9 ver, d\u00f3nde comer, hoteles\",\"isPartOf\":{\"@id\":\"https:\/\/parisconcarlo.com\/es\/#website\"},\"primaryImageOfPage\":{\"@id\":\"https:\/\/parisconcarlo.com\/es\/place-du-tertre\/#primaryimage\"},\"image\":{\"@id\":\"https:\/\/parisconcarlo.com\/es\/place-du-tertre\/#primaryimage\"},\"thumbnailUrl\":\"https:\/\/parisconcarlo.com\/es\/wp-content\/uploads\/sites\/4\/2023\/01\/place-du-tertre-paris-2.webp\",\"datePublished\":\"2022-10-27T13:30:18+00:00\",\"dateModified\":\"2024-04-15T15:20:49+00:00\",\"description\":\"Gu\u00eda de la Place du Tertre en el coraz\u00f3n de Montmartre en Par\u00eds. Descubre c\u00f3mo llegar a la animada plaza frecuentada por Pablo Picasso.\",\"breadcrumb\":{\"@id\":\"https:\/\/parisconcarlo.com\/es\/place-du-tertre\/#breadcrumb\"},\"inLanguage\":\"es\",\"potentialAction\":[{\"@type\":\"ReadAction\",\"target\":[\"https:\/\/parisconcarlo.com\/es\/place-du-tertre\/\"]}]},{\"@type\":\"ImageObject\",\"inLanguage\":\"es\",\"@id\":\"https:\/\/parisconcarlo.com\/es\/place-du-tertre\/#primaryimage\",\"url\":\"https:\/\/parisconcarlo.com\/es\/wp-content\/uploads\/sites\/4\/2023\/01\/place-du-tertre-paris-2.webp\",\"contentUrl\":\"https:\/\/parisconcarlo.com\/es\/wp-content\/uploads\/sites\/4\/2023\/01\/place-du-tertre-paris-2.webp\",\"width\":900,\"height\":600,\"caption\":\"Visitar Place du Tertre en Montmartre, Par\u00eds\"},{\"@type\":\"BreadcrumbList\",\"@id\":\"https:\/\/parisconcarlo.com\/es\/place-du-tertre\/#breadcrumb\",\"itemListElement\":[{\"@type\":\"ListItem\",\"position\":1,\"name\":\"Home\",\"item\":\"https:\/\/parisconcarlo.com\/es\/\"},{\"@type\":\"ListItem\",\"position\":2,\"name\":\"Qu\u00e9 ver en Par\u00eds\",\"item\":\"https:\/\/parisconcarlo.com\/es\/que-ver-en-paris\/\"},{\"@type\":\"ListItem\",\"position\":3,\"name\":\"Place du Tertre en Montmartre, Par\u00eds: qu\u00e9 ver, d\u00f3nde comer y hoteles en la zona\"}]},{\"@type\":\"WebSite\",\"@id\":\"https:\/\/parisconcarlo.com\/es\/#website\",\"url\":\"https:\/\/parisconcarlo.com\/es\/\",\"name\":\"Paris con Carlo\",\"description\":\"\",\"publisher\":{\"@id\":\"https:\/\/parisconcarlo.com\/es\/#organization\"},\"potentialAction\":[{\"@type\":\"SearchAction\",\"target\":{\"@type\":\"EntryPoint\",\"urlTemplate\":\"https:\/\/parisconcarlo.com\/es\/?s={search_term_string}\"},\"query-input\":{\"@type\":\"PropertyValueSpecification\",\"valueRequired\":true,\"valueName\":\"search_term_string\"}}],\"inLanguage\":\"es\"},{\"@type\":\"Organization\",\"@id\":\"https:\/\/parisconcarlo.com\/es\/#organization\",\"name\":\"Paris con Carlo\",\"url\":\"https:\/\/parisconcarlo.com\/es\/\",\"logo\":{\"@type\":\"ImageObject\",\"inLanguage\":\"es\",\"@id\":\"https:\/\/parisconcarlo.com\/es\/#\/schema\/logo\/image\/\",\"url\":\"https:\/\/parisconcarlo.com\/es\/wp-content\/uploads\/sites\/4\/2024\/03\/logo-parisconcarlo-horizontal-live-3.jpg\",\"contentUrl\":\"https:\/\/parisconcarlo.com\/es\/wp-content\/uploads\/sites\/4\/2024\/03\/logo-parisconcarlo-horizontal-live-3.jpg\",\"width\":700,\"height\":214,\"caption\":\"Paris con Carlo\"},\"image\":{\"@id\":\"https:\/\/parisconcarlo.com\/es\/#\/schema\/logo\/image\/\"}},{\"@type\":\"Person\",\"@id\":\"https:\/\/parisconcarlo.com\/es\/#\/schema\/person\/50c9697865d01ff2d6201f18aced1111\",\"name\":\"Carlo Galici\",\"image\":{\"@type\":\"ImageObject\",\"inLanguage\":\"es\",\"@id\":\"https:\/\/parisconcarlo.com\/es\/#\/schema\/person\/image\/\",\"url\":\"https:\/\/secure.gravatar.com\/avatar\/06ec8e24b85ce32c8ceb183bc6c1b1ebff541395ffd1a8389c806e4b78969839?s=96&d=mm&r=g\",\"contentUrl\":\"https:\/\/secure.gravatar.com\/avatar\/06ec8e24b85ce32c8ceb183bc6c1b1ebff541395ffd1a8389c806e4b78969839?s=96&d=mm&r=g\",\"caption\":\"Carlo Galici\"},\"url\":\"https:\/\/parisconcarlo.com\/es\/author\/carlogalici\/\"}]}<\/script>\n<!-- \/ Yoast SEO plugin. -->","yoast_head_json":{"title":"Place du Tertre, Montmartre: qu\u00e9 ver, d\u00f3nde comer, hoteles","description":"Gu\u00eda de la Place du Tertre en el coraz\u00f3n de Montmartre en Par\u00eds. Descubre c\u00f3mo llegar a la animada plaza frecuentada por Pablo Picasso.","robots":{"index":"index","follow":"follow","max-snippet":"max-snippet:-1","max-image-preview":"max-image-preview:large","max-video-preview":"max-video-preview:-1"},"canonical":"https:\/\/parisconcarlo.com\/es\/place-du-tertre\/","og_locale":"es_ES","og_type":"article","og_title":"Place du Tertre, Montmartre: qu\u00e9 ver, d\u00f3nde comer, hoteles","og_description":"Gu\u00eda de la Place du Tertre en el coraz\u00f3n de Montmartre en Par\u00eds. Descubre c\u00f3mo llegar a la animada plaza frecuentada por Pablo Picasso.","og_url":"https:\/\/parisconcarlo.com\/es\/place-du-tertre\/","og_site_name":"Paris con Carlo","article_published_time":"2022-10-27T13:30:18+00:00","article_modified_time":"2024-04-15T15:20:49+00:00","og_image":[{"width":623,"height":188,"url":"https:\/\/parisconcarlo.com\/es\/wp-content\/uploads\/sites\/4\/2022\/10\/logo-viajes-a-paris.jpeg","type":"image\/jpeg"}],"author":"Carlo Galici","twitter_card":"summary_large_image","twitter_image":"https:\/\/parisconcarlo.com\/es\/wp-content\/uploads\/sites\/4\/2022\/10\/logo-viajes-a-paris.jpeg","twitter_misc":{"Escrito por":"Carlo Galici","Tiempo de lectura":"33 minutos"},"schema":{"@context":"https:\/\/schema.org","@graph":[{"@type":"Article","@id":"https:\/\/parisconcarlo.com\/es\/place-du-tertre\/#article","isPartOf":{"@id":"https:\/\/parisconcarlo.com\/es\/place-du-tertre\/"},"author":{"name":"Carlo Galici","@id":"https:\/\/parisconcarlo.com\/es\/#\/schema\/person\/50c9697865d01ff2d6201f18aced1111"},"headline":"Place du Tertre en Montmartre, Par\u00eds: qu\u00e9 ver, d\u00f3nde comer y hoteles en la zona","datePublished":"2022-10-27T13:30:18+00:00","dateModified":"2024-04-15T15:20:49+00:00","mainEntityOfPage":{"@id":"https:\/\/parisconcarlo.com\/es\/place-du-tertre\/"},"wordCount":1348,"commentCount":0,"publisher":{"@id":"https:\/\/parisconcarlo.com\/es\/#organization"},"image":{"@id":"https:\/\/parisconcarlo.com\/es\/place-du-tertre\/#primaryimage"},"thumbnailUrl":"https:\/\/parisconcarlo.com\/es\/wp-content\/uploads\/sites\/4\/2023\/01\/place-du-tertre-paris-2.webp","articleSection":["Qu\u00e9 ver en Par\u00eds"],"inLanguage":"es"},{"@type":"WebPage","@id":"https:\/\/parisconcarlo.com\/es\/place-du-tertre\/","url":"https:\/\/parisconcarlo.com\/es\/place-du-tertre\/","name":"Place du Tertre, Montmartre: qu\u00e9 ver, d\u00f3nde comer, hoteles","isPartOf":{"@id":"https:\/\/parisconcarlo.com\/es\/#website"},"primaryImageOfPage":{"@id":"https:\/\/parisconcarlo.com\/es\/place-du-tertre\/#primaryimage"},"image":{"@id":"https:\/\/parisconcarlo.com\/es\/place-du-tertre\/#primaryimage"},"thumbnailUrl":"https:\/\/parisconcarlo.com\/es\/wp-content\/uploads\/sites\/4\/2023\/01\/place-du-tertre-paris-2.webp","datePublished":"2022-10-27T13:30:18+00:00","dateModified":"2024-04-15T15:20:49+00:00","description":"Gu\u00eda de la Place du Tertre en el coraz\u00f3n de Montmartre en Par\u00eds. Descubre c\u00f3mo llegar a la animada plaza frecuentada por Pablo Picasso.","breadcrumb":{"@id":"https:\/\/parisconcarlo.com\/es\/place-du-tertre\/#breadcrumb"},"inLanguage":"es","potentialAction":[{"@type":"ReadAction","target":["https:\/\/parisconcarlo.com\/es\/place-du-tertre\/"]}]},{"@type":"ImageObject","inLanguage":"es","@id":"https:\/\/parisconcarlo.com\/es\/place-du-tertre\/#primaryimage","url":"https:\/\/parisconcarlo.com\/es\/wp-content\/uploads\/sites\/4\/2023\/01\/place-du-tertre-paris-2.webp","contentUrl":"https:\/\/parisconcarlo.com\/es\/wp-content\/uploads\/sites\/4\/2023\/01\/place-du-tertre-paris-2.webp","width":900,"height":600,"caption":"Visitar Place du Tertre en Montmartre, Par\u00eds"},{"@type":"BreadcrumbList","@id":"https:\/\/parisconcarlo.com\/es\/place-du-tertre\/#breadcrumb","itemListElement":[{"@type":"ListItem","position":1,"name":"Home","item":"https:\/\/parisconcarlo.com\/es\/"},{"@type":"ListItem","position":2,"name":"Qu\u00e9 ver en Par\u00eds","item":"https:\/\/parisconcarlo.com\/es\/que-ver-en-paris\/"},{"@type":"ListItem","position":3,"name":"Place du Tertre en Montmartre, Par\u00eds: qu\u00e9 ver, d\u00f3nde comer y hoteles en la zona"}]},{"@type":"WebSite","@id":"https:\/\/parisconcarlo.com\/es\/#website","url":"https:\/\/parisconcarlo.com\/es\/","name":"Paris con Carlo","description":"","publisher":{"@id":"https:\/\/parisconcarlo.com\/es\/#organization"},"potentialAction":[{"@type":"SearchAction","target":{"@type":"EntryPoint","urlTemplate":"https:\/\/parisconcarlo.com\/es\/?s={search_term_string}"},"query-input":{"@type":"PropertyValueSpecification","valueRequired":true,"valueName":"search_term_string"}}],"inLanguage":"es"},{"@type":"Organization","@id":"https:\/\/parisconcarlo.com\/es\/#organization","name":"Paris con Carlo","url":"https:\/\/parisconcarlo.com\/es\/","logo":{"@type":"ImageObject","inLanguage":"es","@id":"https:\/\/parisconcarlo.com\/es\/#\/schema\/logo\/image\/","url":"https:\/\/parisconcarlo.com\/es\/wp-content\/uploads\/sites\/4\/2024\/03\/logo-parisconcarlo-horizontal-live-3.jpg","contentUrl":"https:\/\/parisconcarlo.com\/es\/wp-content\/uploads\/sites\/4\/2024\/03\/logo-parisconcarlo-horizontal-live-3.jpg","width":700,"height":214,"caption":"Paris con Carlo"},"image":{"@id":"https:\/\/parisconcarlo.com\/es\/#\/schema\/logo\/image\/"}},{"@type":"Person","@id":"https:\/\/parisconcarlo.com\/es\/#\/schema\/person\/50c9697865d01ff2d6201f18aced1111","name":"Carlo Galici","image":{"@type":"ImageObject","inLanguage":"es","@id":"https:\/\/parisconcarlo.com\/es\/#\/schema\/person\/image\/","url":"https:\/\/secure.gravatar.com\/avatar\/06ec8e24b85ce32c8ceb183bc6c1b1ebff541395ffd1a8389c806e4b78969839?s=96&d=mm&r=g","contentUrl":"https:\/\/secure.gravatar.com\/avatar\/06ec8e24b85ce32c8ceb183bc6c1b1ebff541395ffd1a8389c806e4b78969839?s=96&d=mm&r=g","caption":"Carlo Galici"},"url":"https:\/\/parisconcarlo.com\/es\/author\/carlogalici\/"}]}},"taxonomy_info":{"category":[{"value":15,"label":"Qu\u00e9 ver en Par\u00eds"}]},"featured_image_src_large":["https:\/\/parisconcarlo.com\/es\/wp-content\/uploads\/sites\/4\/2023\/01\/place-du-tertre-paris-2.webp",900,600,false],"author_info":{"display_name":"Carlo Galici","author_link":"https:\/\/parisconcarlo.com\/es\/author\/carlogalici\/"},"comment_info":"","category_info":[{"term_id":15,"name":"Qu\u00e9 ver en Par\u00eds","slug":"que-ver-en-paris","term_group":0,"term_taxonomy_id":15,"taxonomy":"category","description":"","parent":0,"count":60,"filter":"raw","cat_ID":15,"category_count":60,"category_description":"","cat_name":"Qu\u00e9 ver en Par\u00eds","category_nicename":"que-ver-en-paris","category_parent":0}],"tag_info":false,"_links":{"self":[{"href":"https:\/\/parisconcarlo.com\/es\/wp-json\/wp\/v2\/posts\/144","targetHints":{"allow":["GET"]}}],"collection":[{"href":"https:\/\/parisconcarlo.com\/es\/wp-json\/wp\/v2\/posts"}],"about":[{"href":"https:\/\/parisconcarlo.com\/es\/wp-json\/wp\/v2\/types\/post"}],"author":[{"embeddable":true,"href":"https:\/\/parisconcarlo.com\/es\/wp-json\/wp\/v2\/users\/4"}],"replies":[{"embeddable":true,"href":"https:\/\/parisconcarlo.com\/es\/wp-json\/wp\/v2\/comments?post=144"}],"version-history":[{"count":0,"href":"https:\/\/parisconcarlo.com\/es\/wp-json\/wp\/v2\/posts\/144\/revisions"}],"wp:featuredmedia":[{"embeddable":true,"href":"https:\/\/parisconcarlo.com\/es\/wp-json\/wp\/v2\/media\/1475"}],"wp:attachment":[{"href":"https:\/\/parisconcarlo.com\/es\/wp-json\/wp\/v2\/media?parent=144"}],"wp:term":[{"taxonomy":"category","embeddable":true,"href":"https:\/\/parisconcarlo.com\/es\/wp-json\/wp\/v2\/categories?post=144"},{"taxonomy":"post_tag","embeddable":true,"href":"https:\/\/parisconcarlo.com\/es\/wp-json\/wp\/v2\/tags?post=144"}],"curies":[{"name":"wp","href":"https:\/\/api.w.org\/{rel}","templated":true}]}}