{"id":142,"date":"2022-10-27T15:29:14","date_gmt":"2022-10-27T13:29:14","guid":{"rendered":"https:\/\/parisconcarlo.com\/es\/?page_id=142"},"modified":"2024-04-15T17:20:49","modified_gmt":"2024-04-15T15:20:49","slug":"place-des-vosges","status":"publish","type":"post","link":"https:\/\/parisconcarlo.com\/es\/place-des-vosges\/","title":{"rendered":"Place des Vosges: qu\u00e9 ver y d\u00f3nde comer"},"content":{"rendered":"\n<p><strong>Place des Vosges se encuentra en el coraz\u00f3n del distrito de moda de Le Marais<\/strong>, a pocos pasos de la \u00d3pera de la Bastilla. El rey de Francia, Enrique IV, decidi\u00f3 construirlo a principios del siglo XVII.<\/p>\n\n\n\n<p><strong>Place des Vosges tiene una arquitectura de ladrillo y piedra, \u00fanica en Par\u00eds<\/strong>. Tambi\u00e9n tiene un dise\u00f1o cuadrado homog\u00e9neo y elegantes arcadas y, en la hermosa plaza, hay amplios y relajantes jardines.<\/p>\n\n\n\n<p>La Place des Vosges es un excelente punto de partida para <a href=\"https:\/\/parisconcarlo.com\/es\/le-marais\/\">visitar el barrio de Le Marais<\/a> y hacer algunas compras en las tiendas de la rue des Francs-Bourgeois. Se puede llegar a la plaza a pie desde el <a href=\"https:\/\/parisconcarlo.com\/es\/centro-nacional-de-arte-y-cultura-georges-pompidou\/\">Centro Pompidou<\/a> (15&#8242;), la \u00d3pera de la Bastilla (5&#8242;) y <a href=\"https:\/\/parisconcarlo.com\/es\/catedral-de-notre-dame\/\">Notre-Dame<\/a> (20&#8242;).<\/p>\n\n\n\n<p>En el n\u00famero 6 de la plaza se <strong>encuentra la casa donde vivi\u00f3 V\u00edctor Hugo<\/strong> y que alberga el museo dedicado a \u00e9l.<\/p>\n\n\n<style>.kb-table-of-content-nav.kb-table-of-content-id_2f54b1-3c .kb-table-of-content-wrap{padding-top:var(--global-kb-spacing-sm, 1.5rem);padding-right:var(--global-kb-spacing-sm, 1.5rem);padding-bottom:var(--global-kb-spacing-sm, 1.5rem);padding-left:var(--global-kb-spacing-sm, 1.5rem);background-color:#f2d115;}.kb-table-of-content-nav.kb-table-of-content-id_2f54b1-3c .kb-table-of-contents-title-wrap{padding-top:0px;padding-right:0px;padding-bottom:0px;padding-left:0px;}.kb-table-of-content-nav.kb-table-of-content-id_2f54b1-3c .kb-table-of-contents-title{font-weight:regular;font-style:normal;}.kb-table-of-content-nav.kb-table-of-content-id_2f54b1-3c .kb-table-of-content-wrap .kb-table-of-content-list{font-weight:regular;font-style:normal;margin-top:var(--global-kb-spacing-sm, 1.5rem);margin-right:0px;margin-bottom:0px;margin-left:0px;}.kb-table-of-content-nav.kb-table-of-content-id_2f54b1-3c .kb-toggle-icon-style-basiccircle .kb-table-of-contents-icon-trigger:after, .kb-table-of-content-nav.kb-table-of-content-id_2f54b1-3c .kb-toggle-icon-style-basiccircle .kb-table-of-contents-icon-trigger:before, .kb-table-of-content-nav.kb-table-of-content-id_2f54b1-3c .kb-toggle-icon-style-arrowcircle .kb-table-of-contents-icon-trigger:after, .kb-table-of-content-nav.kb-table-of-content-id_2f54b1-3c .kb-toggle-icon-style-arrowcircle .kb-table-of-contents-icon-trigger:before, .kb-table-of-content-nav.kb-table-of-content-id_2f54b1-3c .kb-toggle-icon-style-xclosecircle .kb-table-of-contents-icon-trigger:after, .kb-table-of-content-nav.kb-table-of-content-id_2f54b1-3c .kb-toggle-icon-style-xclosecircle .kb-table-of-contents-icon-trigger:before{background-color:#f2d115;}<\/style>\n\n\n<h2 class=\"wp-block-heading\">Breve historia de la plaza y la arquitectura<\/h2>\n\n\n\n<p>La <strong>famosa Place des Vosges cuenta con el proyecto m\u00e1s antiguo<\/strong> entre las plazas parisinas, y es sin duda uno de las m\u00e1s bellas de la capital.<\/p>\n\n\n\n<p>Se encuentra en el animado barrio de Marais, y <strong>debe su nombre actual a Napole\u00f3n Bonaparte<\/strong>, quien en 1799 decidi\u00f3 abolir la antigua denominaci\u00f3n \u00abPlace Royale\u00bb, en honor a la Revoluci\u00f3n Francesa.<\/p>\n\n\n\n<p>El <strong>nombre deriva de la regi\u00f3n de los Vosgos<\/strong>, fronteriza con Alemania y Luxemburgo, que fue la primera en pagar impuestos al nuevo gobierno.<\/p>\n\n\n\n<p>La Place des Vosges es un <strong>ejemplo admirable de la arquitectura del siglo XVII<\/strong>: fue mandada a construir por Enrique IV de Borb\u00f3n, conocido como Enrique el Grande, y fue inaugurada en 1612, dos a\u00f1os despu\u00e9s de la muerte del soberano. Es un cuadrado de planta cuadrada, con un lado de 140 metros.<\/p>\n\n\n\n<p>Un edificio id\u00e9ntico se levanta a cada lado y es uno de los primeros ejemplos de racionalidad en la planificaci\u00f3n urbana en toda Francia.<\/p>\n\n\n\n<p>Los edificios est\u00e1n equipados con p\u00f3rticos a pie de calle que permiten paseos en todas las estaciones del a\u00f1o y en todas las condiciones clim\u00e1ticas, y est\u00e1n <strong>animados por innumerables tiendas y restaurantes t\u00edpicos<\/strong>.<\/p>\n\n\n\n<p>Las fachadas se alzan en piedra blanca y ladrillo rojo y est\u00e1n dominadas por alt\u00edsimas cubiertas de pizarra azul oscuro, con buhardillas, que dan un car\u00e1cter decisivo e inconfundible a la arquitectura de toda la plaza.<\/p>\n\n\n\n<p>En el <strong>centro de la Place des Vosges se encuentra un elegante jard\u00edn decorado con flores, \u00e1rboles, setos, fuentes, mobiliario urbano minimalista<\/strong>, dominado por la estatua ecuestre de Luis XIII. Su particular forma de \u00abcuadrado cerrado\u00bb lo convierte en uno de los lugares m\u00e1s elegantes, exquisitos y rom\u00e1nticos de todo Par\u00eds.<\/p>\n\n\n\n<h2 class=\"wp-block-heading\">Qu\u00e9 ver en la Place des Vosges y qu\u00e9 hacer<\/h2>\n\n\n\n<h3 class=\"wp-block-heading\">Los Jardines Centrales<\/h3>\n\n\n<div class=\"wp-block-image\">\n<figure class=\"aligncenter size-full\"><img decoding=\"async\" width=\"800\" height=\"533\" src=\"https:\/\/parisconcarlo.com\/es\/wp-content\/uploads\/sites\/4\/2023\/01\/jardines-place-des-vosges-paris.webp\" alt=\"Los Jardines centrale de Place des Vosges, Par\u00eds\" class=\"wp-image-1462\" srcset=\"https:\/\/parisconcarlo.com\/es\/wp-content\/uploads\/sites\/4\/2023\/01\/jardines-place-des-vosges-paris.webp 800w, https:\/\/parisconcarlo.com\/es\/wp-content\/uploads\/sites\/4\/2023\/01\/jardines-place-des-vosges-paris-300x200.webp 300w, https:\/\/parisconcarlo.com\/es\/wp-content\/uploads\/sites\/4\/2023\/01\/jardines-place-des-vosges-paris-768x512.webp 768w\" sizes=\"(max-width: 800px) 100vw, 800px\" \/><figcaption class=\"wp-element-caption\">Los Jardines centrale de Place des Vosges, Par\u00eds<\/figcaption><\/figure>\n<\/div>\n\n\n<p>Magn\u00edficos e imperdibles, especialmente en verano, <strong>son el lugar ideal para paseos, picnics, momentos relajantes de refrigerio<\/strong> compartidos por parisinos y visitantes de todo el mundo.<\/p>\n\n\n\n<p>La belleza de la plaza ha atra\u00eddo a muchas personalidades hist\u00f3ricas y art\u00edsticas de todas las \u00e9pocas, y la m\u00e1s famosa de estas residencias es hoy un museo encantador y muy original.<\/p>\n\n\n\n<h3 class=\"wp-block-heading\">Museo V\u00edctor Hugo<\/h3>\n\n\n\n<p>El museo estaba ubicado en el apartamento original donde vivi\u00f3 <a href=\"https:\/\/es.wikipedia.org\/wiki\/Victor_Hugo\" target=\"_blank\" rel=\"noreferrer noopener\">V\u00edctor Hugo<\/a> entre 1932 y 1948, llamado <a href=\"https:\/\/parisconcarlo.com\/es\/casa-de-victor-hugo\/\">Maison Victor Hugo<\/a>, dentro de uno de los 4 edificios id\u00e9nticos que rodean la plaza.<\/p>\n\n\n\n<p><a class=\"enlace-amigo\" href=\"https:\/\/parisconcarlo.com\/es\/casa-de-victor-hugo\/\"><span class=\"cell\">Casa de V\u00edctor Hugo <\/span><span class=\"cell\"><span class=\"button\">Leer mas<\/span><\/span><\/a><\/p>\n\n\n\n<h3 class=\"wp-block-heading\">Academia de arquitectura<\/h3>\n\n\n\n<p>La famosa <strong>Academia de Arquitectura Place des Vosges<\/strong> es la principal instituci\u00f3n parisina para la promoci\u00f3n de la arquitectura de alta calidad, la gesti\u00f3n del espacio y el fomento de la ense\u00f1anza de las bellas artes. Re\u00fane a 300 miembros de los mejores exponentes del sector.<\/p>\n\n\n\n<h2 class=\"wp-block-heading\">Compras<\/h2>\n\n\n\n<p>Dada la <strong>vocaci\u00f3n comercial de la plaza parisina<\/strong> m\u00e1s antigua, ir de compras a la Place des Vosges es una actividad que debe tomarse muy en serio. <\/p>\n\n\n\n<p>Casi todas las boutiques antiguas y las tiendas elegantes merecen una visita, aunque solo sea por el cuidado y la belleza de los interiores reales que las distinguen. <\/p>\n\n\n\n<p>Es el lugar ideal para comprar souvenirs muy especiales. Algunas tiendas son particularmente apreciadas:<\/p>\n\n\n\n<ul class=\"wp-block-list\">\n<li><strong>La boutique DAMMANN Fr\u00e8res<\/strong>: esta encantadora tienda se especializa en la venta de t\u00e9s y mezclas de hierbas refinadas y preciosas. Los estantes de estilo antiguo, la madera y los colores c\u00e1lidos del ambiente, la iluminaci\u00f3n sofisticada y acogedora, lo convierten en un destino predilecto no solo para los amantes del t\u00e9!<\/li>\n\n\n\n<li><strong>Laboratorio de fotograf\u00eda PhotoProf<\/strong>: este laboratorio fotogr\u00e1fico organiza divertidos cursos, talleres y pr\u00e1cticas de fotograf\u00eda. La duraci\u00f3n var\u00eda de un par de horas a varios d\u00edas y es una actividad original para romper unas vacaciones parisinas y asegurar un \u00e1lbum de fotos incre\u00edble.<\/li>\n\n\n\n<li><strong>Las galer\u00edas de arte<\/strong>: las arcadas de la plaza albergan, \u00e7a va sans dire, una floreciente selecci\u00f3n de galer\u00edas de arte. Aqu\u00ed puede sumergirse en pinturas, esculturas e instalaciones parisinas o ex\u00f3ticas, modernas o antiguas. Entre las galer\u00edas m\u00e1s renombradas se encuentran la Galeri Modus, una animada galer\u00eda de arte moderno y contempor\u00e1neo, la Galerie Ariel Sibony, la Galaxie des Artes, la Galerie de Medicis, la animada Galerie Estades Paris o la futurista Art Symbol Gallery.<\/li>\n\n\n\n<li><strong>Parfums et Senteurs du Pays Basques<\/strong>: una perfumer\u00eda, una de las tiendas m\u00e1s t\u00edpicas de la capital. Dentro de Parfums et Senteurs du Pays Basques puedes encontrar originales fragancias artesanales, desde las cl\u00e1sicas \u201cNaranja y Canela\u201d o \u201cFrutos Rojos\u201d hasta los perfumes m\u00e1s particulares, como \u201cMobili incerati\u201d, \u201cAcqua del Prete\u201d o \u201cPane di Spices\u201d.<br><\/li>\n<\/ul>\n\n\n\n<h2 class=\"wp-block-heading\">D\u00f3nde comer cerca de Place des Vosges<\/h2>\n\n\n\n<ul class=\"wp-block-list\">\n<li><strong>La Place Royale<\/strong>: restaurante franc\u00e9s con opciones vegetarianas y tambi\u00e9n para tomar el aperitivo. Est\u00e1 justo en la plaza. <strong>Gran cocina y gran vista!<\/strong><\/li>\n\n\n\n<li><strong>Ristorante Italiano 0039<\/strong>: si eres amante de la cocina italiana, en la zona de Place des Vosges es sin duda la mejor opci\u00f3n. Se encuentra a 100 metros de la plaza en 24 rue des Tournelles.<\/li>\n\n\n\n<li><strong>L&#8217;Ange 20<\/strong>: en la misma calle que el restaurante italiano del que te acabo de hablar, L&#8217;Ange 20 es un restaurante franc\u00e9s.<\/li>\n\n\n\n<li><strong>Le Petit March\u00e9<\/strong>: excelente restaurante franc\u00e9s y de fusi\u00f3n. Se requiere reserva. Se encuentra en el n\u00famero 9 de la rue de Bearn, a <strong>pocos pasos del Museo Picasso<\/strong> y de la Place des Vosges.<\/li>\n\n\n\n<li><strong>Bistrot des Vosges<\/strong>: otro excelente restaurante franc\u00e9s, en este caso un bistr\u00f3, por lo tanto con precios m\u00e1s econ\u00f3micos que los restaurantes antes mencionados. Excelentes asados \u200b\u200by platos cl\u00e1sicos franceses. Buenas opciones vegetarianas. Est\u00e1 ubicado en el 31 boulevard Beaumarchais.<\/li>\n<\/ul>\n\n\n\n<h2 class=\"wp-block-heading\">C\u00f3mo llegar en Place des Vosges<\/h2>\n\n\n\n<p><a href=\"https:\/\/parisconcarlo.com\/es\/metro-en-paris\/\">Metro<\/a>: Saint-Paul (l\u00ednea 1). <\/p>\n\n\n\n<h2 class=\"wp-block-heading\">Mapa: qu\u00e9 ver cerca<\/h2>\n\n\n\n","protected":false},"excerpt":{"rendered":"<p>Place des Vosges se encuentra en el coraz\u00f3n del distrito de moda de Le Marais, a pocos pasos de la \u00d3pera de la Bastilla. El rey de Francia, Enrique IV, decidi\u00f3 construirlo a principios del siglo XVII. Place des Vosges tiene una arquitectura de ladrillo y piedra, \u00fanica en Par\u00eds. Tambi\u00e9n tiene un dise\u00f1o cuadrado&#8230;<\/p>\n","protected":false},"author":4,"featured_media":1463,"comment_status":"open","ping_status":"closed","sticky":false,"template":"","format":"standard","meta":{"_kad_blocks_custom_css":"","_kad_blocks_head_custom_js":"","_kad_blocks_body_custom_js":"","_kad_blocks_footer_custom_js":"","_kad_post_transparent":"","_kad_post_title":"","_kad_post_layout":"","_kad_post_sidebar_id":"","_kad_post_content_style":"","_kad_post_vertical_padding":"","_kad_post_feature":"","_kad_post_feature_position":"","_kad_post_header":false,"_kad_post_footer":false,"_kad_post_classname":"","footnotes":""},"categories":[15],"tags":[],"class_list":["post-142","post","type-post","status-publish","format-standard","has-post-thumbnail","hentry","category-que-ver-en-paris"],"yoast_head":"<!-- This site is optimized with the Yoast SEO plugin v27.1.1 - https:\/\/yoast.com\/product\/yoast-seo-wordpress\/ -->\n<title>Place des Vosges en el Marais, Par\u00eds: qu\u00e9 ver y d\u00f3nde comer<\/title>\n<meta name=\"description\" content=\"Gu\u00eda para visitar la Place des Vosges y sus alrededores: historia, arquitectura, compras, informaci\u00f3n sobre c\u00f3mo llegar a la zona.\" \/>\n<meta name=\"robots\" content=\"index, follow, max-snippet:-1, max-image-preview:large, max-video-preview:-1\" \/>\n<link rel=\"canonical\" href=\"https:\/\/parisconcarlo.com\/es\/place-des-vosges\/\" \/>\n<meta property=\"og:locale\" content=\"es_ES\" \/>\n<meta property=\"og:type\" content=\"article\" \/>\n<meta property=\"og:title\" content=\"Place des Vosges en el Marais, Par\u00eds: qu\u00e9 ver y d\u00f3nde comer\" \/>\n<meta property=\"og:description\" content=\"Gu\u00eda para visitar la Place des Vosges y sus alrededores: historia, arquitectura, compras, informaci\u00f3n sobre c\u00f3mo llegar a la zona.\" \/>\n<meta property=\"og:url\" content=\"https:\/\/parisconcarlo.com\/es\/place-des-vosges\/\" \/>\n<meta property=\"og:site_name\" content=\"Paris con Carlo\" \/>\n<meta property=\"article:published_time\" content=\"2022-10-27T13:29:14+00:00\" \/>\n<meta property=\"article:modified_time\" content=\"2024-04-15T15:20:49+00:00\" \/>\n<meta property=\"og:image\" content=\"https:\/\/parisconcarlo.com\/es\/wp-content\/uploads\/sites\/4\/2022\/10\/logo-viajes-a-paris.jpeg\" \/>\n\t<meta property=\"og:image:width\" content=\"623\" \/>\n\t<meta property=\"og:image:height\" content=\"188\" \/>\n\t<meta property=\"og:image:type\" content=\"image\/jpeg\" \/>\n<meta name=\"author\" content=\"Carlo Galici\" \/>\n<meta name=\"twitter:card\" content=\"summary_large_image\" \/>\n<meta name=\"twitter:image\" content=\"https:\/\/parisconcarlo.com\/es\/wp-content\/uploads\/sites\/4\/2022\/10\/logo-viajes-a-paris.jpeg\" \/>\n<meta name=\"twitter:label1\" content=\"Escrito por\" \/>\n\t<meta name=\"twitter:data1\" content=\"Carlo Galici\" \/>\n\t<meta name=\"twitter:label2\" content=\"Tiempo de lectura\" \/>\n\t<meta name=\"twitter:data2\" content=\"16 minutos\" \/>\n<script type=\"application\/ld+json\" class=\"yoast-schema-graph\">{\"@context\":\"https:\/\/schema.org\",\"@graph\":[{\"@type\":\"Article\",\"@id\":\"https:\/\/parisconcarlo.com\/es\/place-des-vosges\/#article\",\"isPartOf\":{\"@id\":\"https:\/\/parisconcarlo.com\/es\/place-des-vosges\/\"},\"author\":{\"name\":\"Carlo Galici\",\"@id\":\"https:\/\/parisconcarlo.com\/es\/#\/schema\/person\/50c9697865d01ff2d6201f18aced1111\"},\"headline\":\"Place des Vosges: qu\u00e9 ver y d\u00f3nde comer\",\"datePublished\":\"2022-10-27T13:29:14+00:00\",\"dateModified\":\"2024-04-15T15:20:49+00:00\",\"mainEntityOfPage\":{\"@id\":\"https:\/\/parisconcarlo.com\/es\/place-des-vosges\/\"},\"wordCount\":1154,\"commentCount\":0,\"publisher\":{\"@id\":\"https:\/\/parisconcarlo.com\/es\/#organization\"},\"image\":{\"@id\":\"https:\/\/parisconcarlo.com\/es\/place-des-vosges\/#primaryimage\"},\"thumbnailUrl\":\"https:\/\/parisconcarlo.com\/es\/wp-content\/uploads\/sites\/4\/2023\/01\/place-des-vosges-paris.webp\",\"articleSection\":[\"Qu\u00e9 ver en Par\u00eds\"],\"inLanguage\":\"es\"},{\"@type\":\"WebPage\",\"@id\":\"https:\/\/parisconcarlo.com\/es\/place-des-vosges\/\",\"url\":\"https:\/\/parisconcarlo.com\/es\/place-des-vosges\/\",\"name\":\"Place des Vosges en el Marais, Par\u00eds: qu\u00e9 ver y d\u00f3nde comer\",\"isPartOf\":{\"@id\":\"https:\/\/parisconcarlo.com\/es\/#website\"},\"primaryImageOfPage\":{\"@id\":\"https:\/\/parisconcarlo.com\/es\/place-des-vosges\/#primaryimage\"},\"image\":{\"@id\":\"https:\/\/parisconcarlo.com\/es\/place-des-vosges\/#primaryimage\"},\"thumbnailUrl\":\"https:\/\/parisconcarlo.com\/es\/wp-content\/uploads\/sites\/4\/2023\/01\/place-des-vosges-paris.webp\",\"datePublished\":\"2022-10-27T13:29:14+00:00\",\"dateModified\":\"2024-04-15T15:20:49+00:00\",\"description\":\"Gu\u00eda para visitar la Place des Vosges y sus alrededores: historia, arquitectura, compras, informaci\u00f3n sobre c\u00f3mo llegar a la zona.\",\"breadcrumb\":{\"@id\":\"https:\/\/parisconcarlo.com\/es\/place-des-vosges\/#breadcrumb\"},\"inLanguage\":\"es\",\"potentialAction\":[{\"@type\":\"ReadAction\",\"target\":[\"https:\/\/parisconcarlo.com\/es\/place-des-vosges\/\"]}]},{\"@type\":\"ImageObject\",\"inLanguage\":\"es\",\"@id\":\"https:\/\/parisconcarlo.com\/es\/place-des-vosges\/#primaryimage\",\"url\":\"https:\/\/parisconcarlo.com\/es\/wp-content\/uploads\/sites\/4\/2023\/01\/place-des-vosges-paris.webp\",\"contentUrl\":\"https:\/\/parisconcarlo.com\/es\/wp-content\/uploads\/sites\/4\/2023\/01\/place-des-vosges-paris.webp\",\"width\":900,\"height\":600,\"caption\":\"Visitar Place des Vosges, Par\u00eds\"},{\"@type\":\"BreadcrumbList\",\"@id\":\"https:\/\/parisconcarlo.com\/es\/place-des-vosges\/#breadcrumb\",\"itemListElement\":[{\"@type\":\"ListItem\",\"position\":1,\"name\":\"Home\",\"item\":\"https:\/\/parisconcarlo.com\/es\/\"},{\"@type\":\"ListItem\",\"position\":2,\"name\":\"Qu\u00e9 ver en Par\u00eds\",\"item\":\"https:\/\/parisconcarlo.com\/es\/que-ver-en-paris\/\"},{\"@type\":\"ListItem\",\"position\":3,\"name\":\"Place des Vosges: qu\u00e9 ver y d\u00f3nde comer\"}]},{\"@type\":\"WebSite\",\"@id\":\"https:\/\/parisconcarlo.com\/es\/#website\",\"url\":\"https:\/\/parisconcarlo.com\/es\/\",\"name\":\"Paris con Carlo\",\"description\":\"\",\"publisher\":{\"@id\":\"https:\/\/parisconcarlo.com\/es\/#organization\"},\"potentialAction\":[{\"@type\":\"SearchAction\",\"target\":{\"@type\":\"EntryPoint\",\"urlTemplate\":\"https:\/\/parisconcarlo.com\/es\/?s={search_term_string}\"},\"query-input\":{\"@type\":\"PropertyValueSpecification\",\"valueRequired\":true,\"valueName\":\"search_term_string\"}}],\"inLanguage\":\"es\"},{\"@type\":\"Organization\",\"@id\":\"https:\/\/parisconcarlo.com\/es\/#organization\",\"name\":\"Paris con Carlo\",\"url\":\"https:\/\/parisconcarlo.com\/es\/\",\"logo\":{\"@type\":\"ImageObject\",\"inLanguage\":\"es\",\"@id\":\"https:\/\/parisconcarlo.com\/es\/#\/schema\/logo\/image\/\",\"url\":\"https:\/\/parisconcarlo.com\/es\/wp-content\/uploads\/sites\/4\/2024\/03\/logo-parisconcarlo-horizontal-live-3.jpg\",\"contentUrl\":\"https:\/\/parisconcarlo.com\/es\/wp-content\/uploads\/sites\/4\/2024\/03\/logo-parisconcarlo-horizontal-live-3.jpg\",\"width\":700,\"height\":214,\"caption\":\"Paris con Carlo\"},\"image\":{\"@id\":\"https:\/\/parisconcarlo.com\/es\/#\/schema\/logo\/image\/\"}},{\"@type\":\"Person\",\"@id\":\"https:\/\/parisconcarlo.com\/es\/#\/schema\/person\/50c9697865d01ff2d6201f18aced1111\",\"name\":\"Carlo Galici\",\"image\":{\"@type\":\"ImageObject\",\"inLanguage\":\"es\",\"@id\":\"https:\/\/parisconcarlo.com\/es\/#\/schema\/person\/image\/\",\"url\":\"https:\/\/secure.gravatar.com\/avatar\/06ec8e24b85ce32c8ceb183bc6c1b1ebff541395ffd1a8389c806e4b78969839?s=96&d=mm&r=g\",\"contentUrl\":\"https:\/\/secure.gravatar.com\/avatar\/06ec8e24b85ce32c8ceb183bc6c1b1ebff541395ffd1a8389c806e4b78969839?s=96&d=mm&r=g\",\"caption\":\"Carlo Galici\"},\"url\":\"https:\/\/parisconcarlo.com\/es\/author\/carlogalici\/\"}]}<\/script>\n<!-- \/ Yoast SEO plugin. -->","yoast_head_json":{"title":"Place des Vosges en el Marais, Par\u00eds: qu\u00e9 ver y d\u00f3nde comer","description":"Gu\u00eda para visitar la Place des Vosges y sus alrededores: historia, arquitectura, compras, informaci\u00f3n sobre c\u00f3mo llegar a la zona.","robots":{"index":"index","follow":"follow","max-snippet":"max-snippet:-1","max-image-preview":"max-image-preview:large","max-video-preview":"max-video-preview:-1"},"canonical":"https:\/\/parisconcarlo.com\/es\/place-des-vosges\/","og_locale":"es_ES","og_type":"article","og_title":"Place des Vosges en el Marais, Par\u00eds: qu\u00e9 ver y d\u00f3nde comer","og_description":"Gu\u00eda para visitar la Place des Vosges y sus alrededores: historia, arquitectura, compras, informaci\u00f3n sobre c\u00f3mo llegar a la zona.","og_url":"https:\/\/parisconcarlo.com\/es\/place-des-vosges\/","og_site_name":"Paris con Carlo","article_published_time":"2022-10-27T13:29:14+00:00","article_modified_time":"2024-04-15T15:20:49+00:00","og_image":[{"width":623,"height":188,"url":"https:\/\/parisconcarlo.com\/es\/wp-content\/uploads\/sites\/4\/2022\/10\/logo-viajes-a-paris.jpeg","type":"image\/jpeg"}],"author":"Carlo Galici","twitter_card":"summary_large_image","twitter_image":"https:\/\/parisconcarlo.com\/es\/wp-content\/uploads\/sites\/4\/2022\/10\/logo-viajes-a-paris.jpeg","twitter_misc":{"Escrito por":"Carlo Galici","Tiempo de lectura":"16 minutos"},"schema":{"@context":"https:\/\/schema.org","@graph":[{"@type":"Article","@id":"https:\/\/parisconcarlo.com\/es\/place-des-vosges\/#article","isPartOf":{"@id":"https:\/\/parisconcarlo.com\/es\/place-des-vosges\/"},"author":{"name":"Carlo Galici","@id":"https:\/\/parisconcarlo.com\/es\/#\/schema\/person\/50c9697865d01ff2d6201f18aced1111"},"headline":"Place des Vosges: qu\u00e9 ver y d\u00f3nde comer","datePublished":"2022-10-27T13:29:14+00:00","dateModified":"2024-04-15T15:20:49+00:00","mainEntityOfPage":{"@id":"https:\/\/parisconcarlo.com\/es\/place-des-vosges\/"},"wordCount":1154,"commentCount":0,"publisher":{"@id":"https:\/\/parisconcarlo.com\/es\/#organization"},"image":{"@id":"https:\/\/parisconcarlo.com\/es\/place-des-vosges\/#primaryimage"},"thumbnailUrl":"https:\/\/parisconcarlo.com\/es\/wp-content\/uploads\/sites\/4\/2023\/01\/place-des-vosges-paris.webp","articleSection":["Qu\u00e9 ver en Par\u00eds"],"inLanguage":"es"},{"@type":"WebPage","@id":"https:\/\/parisconcarlo.com\/es\/place-des-vosges\/","url":"https:\/\/parisconcarlo.com\/es\/place-des-vosges\/","name":"Place des Vosges en el Marais, Par\u00eds: qu\u00e9 ver y d\u00f3nde comer","isPartOf":{"@id":"https:\/\/parisconcarlo.com\/es\/#website"},"primaryImageOfPage":{"@id":"https:\/\/parisconcarlo.com\/es\/place-des-vosges\/#primaryimage"},"image":{"@id":"https:\/\/parisconcarlo.com\/es\/place-des-vosges\/#primaryimage"},"thumbnailUrl":"https:\/\/parisconcarlo.com\/es\/wp-content\/uploads\/sites\/4\/2023\/01\/place-des-vosges-paris.webp","datePublished":"2022-10-27T13:29:14+00:00","dateModified":"2024-04-15T15:20:49+00:00","description":"Gu\u00eda para visitar la Place des Vosges y sus alrededores: historia, arquitectura, compras, informaci\u00f3n sobre c\u00f3mo llegar a la zona.","breadcrumb":{"@id":"https:\/\/parisconcarlo.com\/es\/place-des-vosges\/#breadcrumb"},"inLanguage":"es","potentialAction":[{"@type":"ReadAction","target":["https:\/\/parisconcarlo.com\/es\/place-des-vosges\/"]}]},{"@type":"ImageObject","inLanguage":"es","@id":"https:\/\/parisconcarlo.com\/es\/place-des-vosges\/#primaryimage","url":"https:\/\/parisconcarlo.com\/es\/wp-content\/uploads\/sites\/4\/2023\/01\/place-des-vosges-paris.webp","contentUrl":"https:\/\/parisconcarlo.com\/es\/wp-content\/uploads\/sites\/4\/2023\/01\/place-des-vosges-paris.webp","width":900,"height":600,"caption":"Visitar Place des Vosges, Par\u00eds"},{"@type":"BreadcrumbList","@id":"https:\/\/parisconcarlo.com\/es\/place-des-vosges\/#breadcrumb","itemListElement":[{"@type":"ListItem","position":1,"name":"Home","item":"https:\/\/parisconcarlo.com\/es\/"},{"@type":"ListItem","position":2,"name":"Qu\u00e9 ver en Par\u00eds","item":"https:\/\/parisconcarlo.com\/es\/que-ver-en-paris\/"},{"@type":"ListItem","position":3,"name":"Place des Vosges: qu\u00e9 ver y d\u00f3nde comer"}]},{"@type":"WebSite","@id":"https:\/\/parisconcarlo.com\/es\/#website","url":"https:\/\/parisconcarlo.com\/es\/","name":"Paris con Carlo","description":"","publisher":{"@id":"https:\/\/parisconcarlo.com\/es\/#organization"},"potentialAction":[{"@type":"SearchAction","target":{"@type":"EntryPoint","urlTemplate":"https:\/\/parisconcarlo.com\/es\/?s={search_term_string}"},"query-input":{"@type":"PropertyValueSpecification","valueRequired":true,"valueName":"search_term_string"}}],"inLanguage":"es"},{"@type":"Organization","@id":"https:\/\/parisconcarlo.com\/es\/#organization","name":"Paris con Carlo","url":"https:\/\/parisconcarlo.com\/es\/","logo":{"@type":"ImageObject","inLanguage":"es","@id":"https:\/\/parisconcarlo.com\/es\/#\/schema\/logo\/image\/","url":"https:\/\/parisconcarlo.com\/es\/wp-content\/uploads\/sites\/4\/2024\/03\/logo-parisconcarlo-horizontal-live-3.jpg","contentUrl":"https:\/\/parisconcarlo.com\/es\/wp-content\/uploads\/sites\/4\/2024\/03\/logo-parisconcarlo-horizontal-live-3.jpg","width":700,"height":214,"caption":"Paris con Carlo"},"image":{"@id":"https:\/\/parisconcarlo.com\/es\/#\/schema\/logo\/image\/"}},{"@type":"Person","@id":"https:\/\/parisconcarlo.com\/es\/#\/schema\/person\/50c9697865d01ff2d6201f18aced1111","name":"Carlo Galici","image":{"@type":"ImageObject","inLanguage":"es","@id":"https:\/\/parisconcarlo.com\/es\/#\/schema\/person\/image\/","url":"https:\/\/secure.gravatar.com\/avatar\/06ec8e24b85ce32c8ceb183bc6c1b1ebff541395ffd1a8389c806e4b78969839?s=96&d=mm&r=g","contentUrl":"https:\/\/secure.gravatar.com\/avatar\/06ec8e24b85ce32c8ceb183bc6c1b1ebff541395ffd1a8389c806e4b78969839?s=96&d=mm&r=g","caption":"Carlo Galici"},"url":"https:\/\/parisconcarlo.com\/es\/author\/carlogalici\/"}]}},"taxonomy_info":{"category":[{"value":15,"label":"Qu\u00e9 ver en Par\u00eds"}]},"featured_image_src_large":["https:\/\/parisconcarlo.com\/es\/wp-content\/uploads\/sites\/4\/2023\/01\/place-des-vosges-paris.webp",900,600,false],"author_info":{"display_name":"Carlo Galici","author_link":"https:\/\/parisconcarlo.com\/es\/author\/carlogalici\/"},"comment_info":"","category_info":[{"term_id":15,"name":"Qu\u00e9 ver en Par\u00eds","slug":"que-ver-en-paris","term_group":0,"term_taxonomy_id":15,"taxonomy":"category","description":"","parent":0,"count":60,"filter":"raw","cat_ID":15,"category_count":60,"category_description":"","cat_name":"Qu\u00e9 ver en Par\u00eds","category_nicename":"que-ver-en-paris","category_parent":0}],"tag_info":false,"_links":{"self":[{"href":"https:\/\/parisconcarlo.com\/es\/wp-json\/wp\/v2\/posts\/142","targetHints":{"allow":["GET"]}}],"collection":[{"href":"https:\/\/parisconcarlo.com\/es\/wp-json\/wp\/v2\/posts"}],"about":[{"href":"https:\/\/parisconcarlo.com\/es\/wp-json\/wp\/v2\/types\/post"}],"author":[{"embeddable":true,"href":"https:\/\/parisconcarlo.com\/es\/wp-json\/wp\/v2\/users\/4"}],"replies":[{"embeddable":true,"href":"https:\/\/parisconcarlo.com\/es\/wp-json\/wp\/v2\/comments?post=142"}],"version-history":[{"count":0,"href":"https:\/\/parisconcarlo.com\/es\/wp-json\/wp\/v2\/posts\/142\/revisions"}],"wp:featuredmedia":[{"embeddable":true,"href":"https:\/\/parisconcarlo.com\/es\/wp-json\/wp\/v2\/media\/1463"}],"wp:attachment":[{"href":"https:\/\/parisconcarlo.com\/es\/wp-json\/wp\/v2\/media?parent=142"}],"wp:term":[{"taxonomy":"category","embeddable":true,"href":"https:\/\/parisconcarlo.com\/es\/wp-json\/wp\/v2\/categories?post=142"},{"taxonomy":"post_tag","embeddable":true,"href":"https:\/\/parisconcarlo.com\/es\/wp-json\/wp\/v2\/tags?post=142"}],"curies":[{"name":"wp","href":"https:\/\/api.w.org\/{rel}","templated":true}]}}