{"id":140,"date":"2022-10-27T15:27:23","date_gmt":"2022-10-27T13:27:23","guid":{"rendered":"https:\/\/parisconcarlo.com\/es\/?page_id=140"},"modified":"2024-04-15T17:20:49","modified_gmt":"2024-04-15T15:20:49","slug":"place-de-la-concorde","status":"publish","type":"post","link":"https:\/\/parisconcarlo.com\/es\/place-de-la-concorde\/","title":{"rendered":"Place de la Concorde en Par\u00eds y el obelisco de Luxor"},"content":{"rendered":"\n<p>La <strong>Place de la Concorde es una magn\u00edfica plaza en Par\u00eds<\/strong>.<\/p>\n\n\n\n<p>La Place de la Concorde es la <strong>plaza m\u00e1s grande de Par\u00eds<\/strong> y conecta los <a href=\"https:\/\/parisconcarlo.com\/es\/campos-eliseos-de-paris\/\">Campos El\u00edseos<\/a> con el Jard\u00edn de las Tuller\u00edas y da directamente al Sena.<\/p>\n\n\n\n<p>Esta plaza se puede <strong>incluir en un itinerario que comienza<\/strong> con una visita al <a href=\"https:\/\/parisconcarlo.com\/es\/museo-del-louvre\/\">Louvre<\/a> y contin\u00faa con el Jardin des Tuileries, a cuya salida se encuentra la Place de la Concorde.<\/p>\n\n\n\n<p>Despu\u00e9s de visitar la plaza, puedes continuar por los Campos El\u00edseos y quiz\u00e1s terminar escalando el <a href=\"https:\/\/parisconcarlo.com\/es\/arco-de-triunfo-de-paris\/\">Arco del Triunfo<\/a>.<\/p>\n\n\n\n<p>En la Plaza tambi\u00e9n se <strong>encuentra la Embajada de los Estados Unidos<\/strong>, la misi\u00f3n extranjera m\u00e1s antigua de los Estados Unidos. Benjamin Franklin tambi\u00e9n hab\u00eda servido aqu\u00ed.<\/p>\n\n\n<style>.kb-table-of-content-nav.kb-table-of-content-id_2f54b1-3c .kb-table-of-content-wrap{padding-top:var(--global-kb-spacing-sm, 1.5rem);padding-right:var(--global-kb-spacing-sm, 1.5rem);padding-bottom:var(--global-kb-spacing-sm, 1.5rem);padding-left:var(--global-kb-spacing-sm, 1.5rem);background-color:#f2d115;}.kb-table-of-content-nav.kb-table-of-content-id_2f54b1-3c .kb-table-of-contents-title-wrap{padding-top:0px;padding-right:0px;padding-bottom:0px;padding-left:0px;}.kb-table-of-content-nav.kb-table-of-content-id_2f54b1-3c .kb-table-of-contents-title{font-weight:regular;font-style:normal;}.kb-table-of-content-nav.kb-table-of-content-id_2f54b1-3c .kb-table-of-content-wrap .kb-table-of-content-list{font-weight:regular;font-style:normal;margin-top:var(--global-kb-spacing-sm, 1.5rem);margin-right:0px;margin-bottom:0px;margin-left:0px;}.kb-table-of-content-nav.kb-table-of-content-id_2f54b1-3c .kb-toggle-icon-style-basiccircle .kb-table-of-contents-icon-trigger:after, .kb-table-of-content-nav.kb-table-of-content-id_2f54b1-3c .kb-toggle-icon-style-basiccircle .kb-table-of-contents-icon-trigger:before, .kb-table-of-content-nav.kb-table-of-content-id_2f54b1-3c .kb-toggle-icon-style-arrowcircle .kb-table-of-contents-icon-trigger:after, .kb-table-of-content-nav.kb-table-of-content-id_2f54b1-3c .kb-toggle-icon-style-arrowcircle .kb-table-of-contents-icon-trigger:before, .kb-table-of-content-nav.kb-table-of-content-id_2f54b1-3c .kb-toggle-icon-style-xclosecircle .kb-table-of-contents-icon-trigger:after, .kb-table-of-content-nav.kb-table-of-content-id_2f54b1-3c .kb-toggle-icon-style-xclosecircle .kb-table-of-contents-icon-trigger:before{background-color:#f2d115;}<\/style>\n\n\n<h2 class=\"wp-block-heading\">Breve historia de la Place de la Concorde: la guillotina<\/h2>\n\n\n\n<p>Dise\u00f1ada por el arquitecto Jacques-Ange Gabriel en 1763 para celebrar la gloria del todopoderoso rey Luis XV de Francia, la <strong>Place de la Concorde fue testigo de la decapitaci\u00f3n del rey Luis XVI<\/strong> el 21 de enero de 1793 durante la Revoluci\u00f3n Francesa.<\/p>\n\n\n\n<p>En 1793 en el per\u00edodo denominado Reinado del Terror, la <strong>plaza hab\u00eda cambiado su nombre de Plaza Luis XV, a Plaza de la Revoluci\u00f3n<\/strong> durante el per\u00edodo de la Revoluci\u00f3n Francesa y la estatua de Luis XV hab\u00eda sido sustituida por la guillotina.<\/p>\n\n\n\n<p>El propio Luis XV hizo construir la plaza y su hijo Luis XVI muri\u00f3 guillotinado en la Place de la Concorde, junto con Mar\u00eda Antonieta y unas 1300 personas m\u00e1s.<\/p>\n\n\n\n<p>En esta misma plaza, el <strong>per\u00edodo de terror termin\u00f3 con la ejecuci\u00f3n de <a href=\"https:\/\/es.wikipedia.org\/wiki\/El_Robespierre_Espa\u00f1ol\" target=\"_blank\" rel=\"noreferrer noopener\">Robespierre<\/a><\/strong>.<\/p>\n\n\n\n<h2 class=\"wp-block-heading\">Qu\u00e9 ver en la Plaza de la Concordia<\/h2>\n\n\n\n<p>En el centro de la plaza, se <strong>encuentra el monumento m\u00e1s antiguo de Par\u00eds<\/strong>, el <strong>obelisco de Luxor<\/strong>, que data de hace 3200 a\u00f1os, de las ruinas del templo egipcio de Luxor, Egipto.<\/p>\n\n\n\n<h3 class=\"wp-block-heading\">El obelisco de Luxor<\/h3>\n\n\n\n<p>Tiene 23 metros de altura, pesa m\u00e1s de 220 toneladas y est\u00e1 cubierto de jerogl\u00edficos. El obelisco fue ofrecido en 1829 por Mohammedi Ali, virrey de Egipto, al rey Carlos X de Francia.<\/p>\n\n\n\n<p>Es lo <strong>principal que ver en la Plaza de la Concordia<\/strong>, que se puede considerar el monumento m\u00e1s antiguo de todo Par\u00eds, ya que tiene m\u00e1s de 3.000 a\u00f1os, aunque como se ha dicho, reci\u00e9n lleg\u00f3 a Par\u00eds alrededor de 1830.<\/p>\n\n\n\n<p>El obelisco gemelo a la entrada del Templo del Pil\u00f3n permaneci\u00f3 en Egipto.<\/p>\n\n\n\n<h3 class=\"wp-block-heading\">Jard\u00edn de las Tuller\u00edas<\/h3>\n\n\n<div class=\"wp-block-image\">\n<figure class=\"aligncenter size-full\"><img decoding=\"async\" width=\"900\" height=\"599\" src=\"https:\/\/parisconcarlo.com\/es\/wp-content\/uploads\/sites\/4\/2023\/01\/Jardin-de-las-Tullerias-paris.webp\" alt=\"Jard\u00edn de las Tuller\u00edas, Par\u00eds\" class=\"wp-image-1173\" srcset=\"https:\/\/parisconcarlo.com\/es\/wp-content\/uploads\/sites\/4\/2023\/01\/Jardin-de-las-Tullerias-paris.webp 900w, https:\/\/parisconcarlo.com\/es\/wp-content\/uploads\/sites\/4\/2023\/01\/Jardin-de-las-Tullerias-paris-300x200.webp 300w, https:\/\/parisconcarlo.com\/es\/wp-content\/uploads\/sites\/4\/2023\/01\/Jardin-de-las-Tullerias-paris-768x511.webp 768w\" sizes=\"(max-width: 900px) 100vw, 900px\" \/><figcaption class=\"wp-element-caption\">Jard\u00edn de las Tuller\u00edas, Par\u00eds<\/figcaption><\/figure>\n<\/div>\n\n\n<p>Como dec\u00eda al principio, <strong>los jardines est\u00e1n muy cerca de la Place de la Concorde<\/strong> y son una atracci\u00f3n que no te puedes perder, quiz\u00e1s para comer algo despu\u00e9s de visitar el Museo del Louvre y relajarte.<\/p>\n\n\n\n<p>Dentro del <a href=\"https:\/\/parisconcarlo.com\/es\/jardin-de-las-tullerias\/\">Jardin des Tuileries<\/a> tambi\u00e9n se encuentra el hermoso Museo de l&#8217;Orangerie.<\/p>\n\n\n\n<h3 class=\"wp-block-heading\">Puente de la Concordia<\/h3>\n\n\n\n<p>Como se mencion\u00f3, la <strong>plaza mira directamente al Sena<\/strong> y est\u00e1 unida a la rive gauche (con la margen izquierda) por el <strong>hermoso Ponte de la Concorde, terminado en 1791<\/strong>.<\/p>\n\n\n\n<p>Entre los materiales utilizados para la mamposter\u00eda tambi\u00e9n podemos <strong>encontrar material de la Bastilla<\/strong> que hab\u00eda sido demolida.<\/p>\n\n\n\n<p>En 1930 se ampli\u00f3: de hecho <strong>el puente original ten\u00eda 14 metros<\/strong> de ancho y en la d\u00e9cada de 1930 se ampli\u00f3 hasta los 35 metros actuales.<\/p>\n\n\n\n<p>Su longitud es de 155 metros.<\/p>\n\n\n\n<h3 class=\"wp-block-heading\">La Noria o rueda panoramica de Par\u00eds<\/h3>\n\n\n\n<p>La Place de la Concorde acogi\u00f3 durante muchos a\u00f1os la rueda de la fortuna de Par\u00eds durante el per\u00edodo navide\u00f1o.<\/p>\n\n\n\n<p>En los \u00faltimos a\u00f1os se ha trasladado al cercano Jardin des Tuileries, para dejar a la plaza su papel de monumento hist\u00f3rico.<\/p>\n\n\n\n<h2 class=\"wp-block-heading\">D\u00f3nde est\u00e1 y c\u00f3mo llegar<\/h2>\n\n\n\n<p>Plaza de la Concordia, 75008 Par\u00eds. Hay la estaci\u00f3n de <a href=\"https:\/\/parisconcarlo.com\/es\/metro-en-paris\/\">metro<\/a> justo en la plaza: M1, M8, M12, estaci\u00f3n Concorde.<\/p>\n\n\n\n<h2 class=\"wp-block-heading\">Hotel en la Plaza de la Concordia<\/h2>\n\n\n\n<p>Dormir en la zona de la Place de la Concorde es <strong>tener el hotel en la zona m\u00e1s c\u00e9ntrica de Par\u00eds<\/strong>. Esto tambi\u00e9n significa que los precios de los hoteles no son muy baratos.<\/p>\n\n\n\n<p>Cerca de la Place de la Concorde <strong>est\u00e1 la Rue Saint-Honor\u00e9 donde encontrar\u00e1s boutiques de lujo<\/strong> y por ello en la zona encontrar\u00e1s muchos hoteles de 4 y 5 estrellas, pero tambi\u00e9n hay hoteles m\u00e1s econ\u00f3micos y aptos para los bolsillos de m\u00e1s gente.<\/p>\n\n\n<style>.wp-block-kadence-iconlist.kt-svg-icon-list-items140_f1f03d-38:not(.this-stops-third-party-issues){margin-top:0px;margin-bottom:0px;}.wp-block-kadence-iconlist.kt-svg-icon-list-items140_f1f03d-38 ul.kt-svg-icon-list:not(.this-prevents-issues):not(.this-stops-third-party-issues):not(.tijsloc){margin-top:0px;margin-right:0px;margin-bottom:10px;margin-left:0px;}.wp-block-kadence-iconlist.kt-svg-icon-list-items140_f1f03d-38 ul.kt-svg-icon-list{grid-row-gap:15px;}.wp-block-kadence-iconlist.kt-svg-icon-list-items140_f1f03d-38 ul.kt-svg-icon-list .kt-svg-icon-list-item-wrap .kt-svg-icon-list-single{margin-right:10px;}<\/style>\n<div class=\"wp-block-kadence-iconlist kt-svg-icon-list-items kt-svg-icon-list-items140_f1f03d-38 kt-svg-icon-list-columns-1 alignnone kt-list-icon-aligntop\"><ul class=\"kt-svg-icon-list\"><style>.kt-svg-icon-list-item-140_4a0909-7a .kt-svg-icon-list-single{font-size:20px !important;color:#008000 !important;}.kt-svg-icon-list-item-140_4a0909-7a .kt-svg-icon-list-text mark.kt-highlight{background-color:unset;font-style:normal;color:#f76a0c;-webkit-box-decoration-break:clone;box-decoration-break:clone;padding-top:0px;padding-right:0px;padding-bottom:0px;padding-left:0px;}<\/style>\n<li class=\"wp-block-kadence-listitem kt-svg-icon-list-item-wrap kt-svg-icon-list-item-140_4a0909-7a kt-svg-icon-list-style-default\"><span class=\"kb-svg-icon-wrap kb-svg-icon-fas_bed kt-svg-icon-list-single\"><svg viewBox=\"0 0 640 512\"  fill=\"currentColor\" xmlns=\"http:\/\/www.w3.org\/2000\/svg\"  aria-hidden=\"true\"><path d=\"M176 256c44.11 0 80-35.89 80-80s-35.89-80-80-80-80 35.89-80 80 35.89 80 80 80zm352-128H304c-8.84 0-16 7.16-16 16v144H64V80c0-8.84-7.16-16-16-16H16C7.16 64 0 71.16 0 80v352c0 8.84 7.16 16 16 16h32c8.84 0 16-7.16 16-16v-48h512v48c0 8.84 7.16 16 16 16h32c8.84 0 16-7.16 16-16V240c0-61.86-50.14-112-112-112z\"\/><\/svg><\/span><span class=\"kt-svg-icon-list-text\"><strong><a href=\"https:\/\/www.booking.com\/hotel\/fr\/de-crillon-paris.es.html?aid=1474022;label=concorde\" target=\"_blank\" rel=\"noreferrer noopener sponsored nofollow\">H\u00f4tel de Crillon, A Rosewood Hotel<\/a><\/strong> 5 *: es sin duda el hotel m\u00e1s lujoso de la zona, apto para el bolsillo de unos pocos. Se encuentra al lado de la embajada estadounidense y da directamente a la Place de la Concorde. El costo de la habitaci\u00f3n comienza desde alrededor de \u20ac 1300 por noche.<\/span><\/li>\n\n\n<style>.kt-svg-icon-list-item-140_82dca3-e3 .kt-svg-icon-list-single{font-size:20px !important;color:#008000 !important;}.kt-svg-icon-list-item-140_82dca3-e3 .kt-svg-icon-list-text mark.kt-highlight{background-color:unset;font-style:normal;color:#f76a0c;-webkit-box-decoration-break:clone;box-decoration-break:clone;padding-top:0px;padding-right:0px;padding-bottom:0px;padding-left:0px;}<\/style>\n<li class=\"wp-block-kadence-listitem kt-svg-icon-list-item-wrap kt-svg-icon-list-item-140_82dca3-e3 kt-svg-icon-list-style-default\"><span class=\"kb-svg-icon-wrap kb-svg-icon-fas_bed kt-svg-icon-list-single\"><svg viewBox=\"0 0 640 512\"  fill=\"currentColor\" xmlns=\"http:\/\/www.w3.org\/2000\/svg\"  aria-hidden=\"true\"><path d=\"M176 256c44.11 0 80-35.89 80-80s-35.89-80-80-80-80 35.89-80 80 35.89 80 80 80zm352-128H304c-8.84 0-16 7.16-16 16v144H64V80c0-8.84-7.16-16-16-16H16C7.16 64 0 71.16 0 80v352c0 8.84 7.16 16 16 16h32c8.84 0 16-7.16 16-16v-48h512v48c0 8.84 7.16 16 16 16h32c8.84 0 16-7.16 16-16V240c0-61.86-50.14-112-112-112z\"\/><\/svg><\/span><span class=\"kt-svg-icon-list-text\"><strong><a href=\"https:\/\/www.booking.com\/hotel\/fr\/cambon.es.html?aid=1474022;label=concorde\" target=\"_blank\" rel=\"noreferrer noopener sponsored nofollow\">Hotel Cambon<\/a><\/strong> 4*: precios por noche a partir de 250\u20ac.<\/span><\/li>\n\n\n<style>.kt-svg-icon-list-item-140_f3a7dd-42 .kt-svg-icon-list-single{font-size:20px !important;color:#008000 !important;}.kt-svg-icon-list-item-140_f3a7dd-42 .kt-svg-icon-list-text mark.kt-highlight{background-color:unset;font-style:normal;color:#f76a0c;-webkit-box-decoration-break:clone;box-decoration-break:clone;padding-top:0px;padding-right:0px;padding-bottom:0px;padding-left:0px;}<\/style>\n<li class=\"wp-block-kadence-listitem kt-svg-icon-list-item-wrap kt-svg-icon-list-item-140_f3a7dd-42 kt-svg-icon-list-style-default\"><span class=\"kb-svg-icon-wrap kb-svg-icon-fas_bed kt-svg-icon-list-single\"><svg viewBox=\"0 0 640 512\"  fill=\"currentColor\" xmlns=\"http:\/\/www.w3.org\/2000\/svg\"  aria-hidden=\"true\"><path d=\"M176 256c44.11 0 80-35.89 80-80s-35.89-80-80-80-80 35.89-80 80 35.89 80 80 80zm352-128H304c-8.84 0-16 7.16-16 16v144H64V80c0-8.84-7.16-16-16-16H16C7.16 64 0 71.16 0 80v352c0 8.84 7.16 16 16 16h32c8.84 0 16-7.16 16-16v-48h512v48c0 8.84 7.16 16 16 16h32c8.84 0 16-7.16 16-16V240c0-61.86-50.14-112-112-112z\"\/><\/svg><\/span><span class=\"kt-svg-icon-list-text\"><strong><a href=\"https:\/\/www.booking.com\/hotel\/fr\/melia-vendome-paris.es.html?aid=1474022;label=concorde\" target=\"_blank\" rel=\"noreferrer noopener sponsored nofollow\">Meli\u00e1 Paris Vend\u00f4me<\/a><\/strong> 4*: el hotel est\u00e1 situado frente al Jardin des Tuileries. Precio de la habitaci\u00f3n por noche desde 300\u20ac. <\/span><\/li>\n\n\n<style>.kt-svg-icon-list-item-140_f7c78f-fb .kt-svg-icon-list-single{font-size:20px !important;color:#008000 !important;}.kt-svg-icon-list-item-140_f7c78f-fb .kt-svg-icon-list-text mark.kt-highlight{background-color:unset;font-style:normal;color:#f76a0c;-webkit-box-decoration-break:clone;box-decoration-break:clone;padding-top:0px;padding-right:0px;padding-bottom:0px;padding-left:0px;}<\/style>\n<li class=\"wp-block-kadence-listitem kt-svg-icon-list-item-wrap kt-svg-icon-list-item-140_f7c78f-fb kt-svg-icon-list-style-default\"><span class=\"kb-svg-icon-wrap kb-svg-icon-fas_bed kt-svg-icon-list-single\"><svg viewBox=\"0 0 640 512\"  fill=\"currentColor\" xmlns=\"http:\/\/www.w3.org\/2000\/svg\"  aria-hidden=\"true\"><path d=\"M176 256c44.11 0 80-35.89 80-80s-35.89-80-80-80-80 35.89-80 80 35.89 80 80 80zm352-128H304c-8.84 0-16 7.16-16 16v144H64V80c0-8.84-7.16-16-16-16H16C7.16 64 0 71.16 0 80v352c0 8.84 7.16 16 16 16h32c8.84 0 16-7.16 16-16v-48h512v48c0 8.84 7.16 16 16 16h32c8.84 0 16-7.16 16-16V240c0-61.86-50.14-112-112-112z\"\/><\/svg><\/span><span class=\"kt-svg-icon-list-text\"><strong><a href=\"https:\/\/wwwbooking.com\/hotel\/fr\/hoteldecastiglione.es.html?aid=1474022;label=concorde\" target=\"_blank\" rel=\"noreferrer noopener sponsored nofollow\">Hotel de Castiglione<\/a><\/strong> 4*: ubicado en Rue Du Faubourg Saint Honore, una de las calles m\u00e1s prestigiosas de Par\u00eds. Precio por noche desde 200\u20ac.<\/span><\/li>\n\n\n<style>.kt-svg-icon-list-item-140_099ff5-36 .kt-svg-icon-list-single{font-size:20px !important;color:#008000 !important;}.kt-svg-icon-list-item-140_099ff5-36 .kt-svg-icon-list-text mark.kt-highlight{background-color:unset;font-style:normal;color:#f76a0c;-webkit-box-decoration-break:clone;box-decoration-break:clone;padding-top:0px;padding-right:0px;padding-bottom:0px;padding-left:0px;}<\/style>\n<li class=\"wp-block-kadence-listitem kt-svg-icon-list-item-wrap kt-svg-icon-list-item-140_099ff5-36 kt-svg-icon-list-style-default\"><span class=\"kb-svg-icon-wrap kb-svg-icon-fas_bed kt-svg-icon-list-single\"><svg viewBox=\"0 0 640 512\"  fill=\"currentColor\" xmlns=\"http:\/\/www.w3.org\/2000\/svg\"  aria-hidden=\"true\"><path d=\"M176 256c44.11 0 80-35.89 80-80s-35.89-80-80-80-80 35.89-80 80 35.89 80 80 80zm352-128H304c-8.84 0-16 7.16-16 16v144H64V80c0-8.84-7.16-16-16-16H16C7.16 64 0 71.16 0 80v352c0 8.84 7.16 16 16 16h32c8.84 0 16-7.16 16-16v-48h512v48c0 8.84 7.16 16 16 16h32c8.84 0 16-7.16 16-16V240c0-61.86-50.14-112-112-112z\"\/><\/svg><\/span><span class=\"kt-svg-icon-list-text\"><strong><a href=\"https:\/\/www.booking.com\/hotel\/fr\/alison.es.html?aid=1474022;label=concorde\" target=\"_blank\" rel=\"noreferrer noopener sponsored nofollow\">Hotel Alison<\/a><\/strong> 3*: probablemente el hotel m\u00e1s econ\u00f3mico de la zona.<\/span><\/li>\n<\/ul><\/div>\n\n\n\n<div style=\"height:20px\" aria-hidden=\"true\" class=\"wp-block-spacer\"><\/div>\n\n\n\n<p><a class=\"enlace-amigo\" href=\"https:\/\/parisconcarlo.com\/es\/donde-alojarse-en-paris\/\"><span class=\"cell\">D\u00f3nde alojarse en Par\u00eds <\/span><span class=\"cell\"><span class=\"button\">Leer mas<\/span><\/span><\/a><\/p>\n\n\n\n<h2 class=\"wp-block-heading\">Mapa: qu\u00e9 ver cerca<\/h2>\n\n\n\n","protected":false},"excerpt":{"rendered":"<p>La Place de la Concorde es una magn\u00edfica plaza en Par\u00eds. La Place de la Concorde es la plaza m\u00e1s grande de Par\u00eds y conecta los Campos El\u00edseos con el Jard\u00edn de las Tuller\u00edas y da directamente al Sena. Esta plaza se puede incluir en un itinerario que comienza con una visita al Louvre y&#8230;<\/p>\n","protected":false},"author":4,"featured_media":1845,"comment_status":"open","ping_status":"closed","sticky":false,"template":"","format":"standard","meta":{"_kad_blocks_custom_css":"","_kad_blocks_head_custom_js":"","_kad_blocks_body_custom_js":"","_kad_blocks_footer_custom_js":"","_kad_post_transparent":"","_kad_post_title":"","_kad_post_layout":"","_kad_post_sidebar_id":"","_kad_post_content_style":"","_kad_post_vertical_padding":"","_kad_post_feature":"","_kad_post_feature_position":"","_kad_post_header":false,"_kad_post_footer":false,"_kad_post_classname":"","footnotes":""},"categories":[15],"tags":[],"class_list":["post-140","post","type-post","status-publish","format-standard","has-post-thumbnail","hentry","category-que-ver-en-paris"],"yoast_head":"<!-- This site is optimized with the Yoast SEO plugin v27.1.1 - https:\/\/yoast.com\/product\/yoast-seo-wordpress\/ -->\n<title>Place de la Concorde y el obelisco de Luxor: qu\u00e9 ver, metro<\/title>\n<meta name=\"description\" content=\"En la Place de la Concorde durante la Revoluci\u00f3n Francesa, estaba la guillotina. Descubre la historia y qu\u00e9 ver en la plaza m\u00e1s grande de Par\u00eds.\" \/>\n<meta name=\"robots\" content=\"index, follow, max-snippet:-1, max-image-preview:large, max-video-preview:-1\" \/>\n<link rel=\"canonical\" href=\"https:\/\/parisconcarlo.com\/es\/place-de-la-concorde\/\" \/>\n<meta property=\"og:locale\" content=\"es_ES\" \/>\n<meta property=\"og:type\" content=\"article\" \/>\n<meta property=\"og:title\" content=\"Place de la Concorde y el obelisco de Luxor: qu\u00e9 ver, metro\" \/>\n<meta property=\"og:description\" content=\"En la Place de la Concorde durante la Revoluci\u00f3n Francesa, estaba la guillotina. Descubre la historia y qu\u00e9 ver en la plaza m\u00e1s grande de Par\u00eds.\" \/>\n<meta property=\"og:url\" content=\"https:\/\/parisconcarlo.com\/es\/place-de-la-concorde\/\" \/>\n<meta property=\"og:site_name\" content=\"Paris con Carlo\" \/>\n<meta property=\"article:published_time\" content=\"2022-10-27T13:27:23+00:00\" \/>\n<meta property=\"article:modified_time\" content=\"2024-04-15T15:20:49+00:00\" \/>\n<meta property=\"og:image\" content=\"https:\/\/parisconcarlo.com\/es\/wp-content\/uploads\/sites\/4\/2022\/10\/logo-viajes-a-paris.jpeg\" \/>\n\t<meta property=\"og:image:width\" content=\"623\" \/>\n\t<meta property=\"og:image:height\" content=\"188\" \/>\n\t<meta property=\"og:image:type\" content=\"image\/jpeg\" \/>\n<meta name=\"author\" content=\"Carlo Galici\" \/>\n<meta name=\"twitter:card\" content=\"summary_large_image\" \/>\n<meta name=\"twitter:image\" content=\"https:\/\/parisconcarlo.com\/es\/wp-content\/uploads\/sites\/4\/2022\/10\/logo-viajes-a-paris.jpeg\" \/>\n<meta name=\"twitter:label1\" content=\"Escrito por\" \/>\n\t<meta name=\"twitter:data1\" content=\"Carlo Galici\" \/>\n\t<meta name=\"twitter:label2\" content=\"Tiempo de lectura\" \/>\n\t<meta name=\"twitter:data2\" content=\"5 minutos\" \/>\n<script type=\"application\/ld+json\" class=\"yoast-schema-graph\">{\"@context\":\"https:\/\/schema.org\",\"@graph\":[{\"@type\":\"Article\",\"@id\":\"https:\/\/parisconcarlo.com\/es\/place-de-la-concorde\/#article\",\"isPartOf\":{\"@id\":\"https:\/\/parisconcarlo.com\/es\/place-de-la-concorde\/\"},\"author\":{\"name\":\"Carlo Galici\",\"@id\":\"https:\/\/parisconcarlo.com\/es\/#\/schema\/person\/50c9697865d01ff2d6201f18aced1111\"},\"headline\":\"Place de la Concorde en Par\u00eds y el obelisco de Luxor\",\"datePublished\":\"2022-10-27T13:27:23+00:00\",\"dateModified\":\"2024-04-15T15:20:49+00:00\",\"mainEntityOfPage\":{\"@id\":\"https:\/\/parisconcarlo.com\/es\/place-de-la-concorde\/\"},\"wordCount\":894,\"commentCount\":0,\"publisher\":{\"@id\":\"https:\/\/parisconcarlo.com\/es\/#organization\"},\"image\":{\"@id\":\"https:\/\/parisconcarlo.com\/es\/place-de-la-concorde\/#primaryimage\"},\"thumbnailUrl\":\"https:\/\/parisconcarlo.com\/es\/wp-content\/uploads\/sites\/4\/2023\/03\/Place_de_la_Concorde.jpg-1.webp\",\"articleSection\":[\"Qu\u00e9 ver en Par\u00eds\"],\"inLanguage\":\"es\"},{\"@type\":\"WebPage\",\"@id\":\"https:\/\/parisconcarlo.com\/es\/place-de-la-concorde\/\",\"url\":\"https:\/\/parisconcarlo.com\/es\/place-de-la-concorde\/\",\"name\":\"Place de la Concorde y el obelisco de Luxor: qu\u00e9 ver, metro\",\"isPartOf\":{\"@id\":\"https:\/\/parisconcarlo.com\/es\/#website\"},\"primaryImageOfPage\":{\"@id\":\"https:\/\/parisconcarlo.com\/es\/place-de-la-concorde\/#primaryimage\"},\"image\":{\"@id\":\"https:\/\/parisconcarlo.com\/es\/place-de-la-concorde\/#primaryimage\"},\"thumbnailUrl\":\"https:\/\/parisconcarlo.com\/es\/wp-content\/uploads\/sites\/4\/2023\/03\/Place_de_la_Concorde.jpg-1.webp\",\"datePublished\":\"2022-10-27T13:27:23+00:00\",\"dateModified\":\"2024-04-15T15:20:49+00:00\",\"description\":\"En la Place de la Concorde durante la Revoluci\u00f3n Francesa, estaba la guillotina. Descubre la historia y qu\u00e9 ver en la plaza m\u00e1s grande de Par\u00eds.\",\"breadcrumb\":{\"@id\":\"https:\/\/parisconcarlo.com\/es\/place-de-la-concorde\/#breadcrumb\"},\"inLanguage\":\"es\",\"potentialAction\":[{\"@type\":\"ReadAction\",\"target\":[\"https:\/\/parisconcarlo.com\/es\/place-de-la-concorde\/\"]}]},{\"@type\":\"ImageObject\",\"inLanguage\":\"es\",\"@id\":\"https:\/\/parisconcarlo.com\/es\/place-de-la-concorde\/#primaryimage\",\"url\":\"https:\/\/parisconcarlo.com\/es\/wp-content\/uploads\/sites\/4\/2023\/03\/Place_de_la_Concorde.jpg-1.webp\",\"contentUrl\":\"https:\/\/parisconcarlo.com\/es\/wp-content\/uploads\/sites\/4\/2023\/03\/Place_de_la_Concorde.jpg-1.webp\",\"width\":700,\"height\":525,\"caption\":\"Place de la Concorde, Par\u00eds\"},{\"@type\":\"BreadcrumbList\",\"@id\":\"https:\/\/parisconcarlo.com\/es\/place-de-la-concorde\/#breadcrumb\",\"itemListElement\":[{\"@type\":\"ListItem\",\"position\":1,\"name\":\"Home\",\"item\":\"https:\/\/parisconcarlo.com\/es\/\"},{\"@type\":\"ListItem\",\"position\":2,\"name\":\"Qu\u00e9 ver en Par\u00eds\",\"item\":\"https:\/\/parisconcarlo.com\/es\/que-ver-en-paris\/\"},{\"@type\":\"ListItem\",\"position\":3,\"name\":\"Place de la Concorde en Par\u00eds y el obelisco de Luxor\"}]},{\"@type\":\"WebSite\",\"@id\":\"https:\/\/parisconcarlo.com\/es\/#website\",\"url\":\"https:\/\/parisconcarlo.com\/es\/\",\"name\":\"Paris con Carlo\",\"description\":\"\",\"publisher\":{\"@id\":\"https:\/\/parisconcarlo.com\/es\/#organization\"},\"potentialAction\":[{\"@type\":\"SearchAction\",\"target\":{\"@type\":\"EntryPoint\",\"urlTemplate\":\"https:\/\/parisconcarlo.com\/es\/?s={search_term_string}\"},\"query-input\":{\"@type\":\"PropertyValueSpecification\",\"valueRequired\":true,\"valueName\":\"search_term_string\"}}],\"inLanguage\":\"es\"},{\"@type\":\"Organization\",\"@id\":\"https:\/\/parisconcarlo.com\/es\/#organization\",\"name\":\"Paris con Carlo\",\"url\":\"https:\/\/parisconcarlo.com\/es\/\",\"logo\":{\"@type\":\"ImageObject\",\"inLanguage\":\"es\",\"@id\":\"https:\/\/parisconcarlo.com\/es\/#\/schema\/logo\/image\/\",\"url\":\"https:\/\/parisconcarlo.com\/es\/wp-content\/uploads\/sites\/4\/2024\/03\/logo-parisconcarlo-horizontal-live-3.jpg\",\"contentUrl\":\"https:\/\/parisconcarlo.com\/es\/wp-content\/uploads\/sites\/4\/2024\/03\/logo-parisconcarlo-horizontal-live-3.jpg\",\"width\":700,\"height\":214,\"caption\":\"Paris con Carlo\"},\"image\":{\"@id\":\"https:\/\/parisconcarlo.com\/es\/#\/schema\/logo\/image\/\"}},{\"@type\":\"Person\",\"@id\":\"https:\/\/parisconcarlo.com\/es\/#\/schema\/person\/50c9697865d01ff2d6201f18aced1111\",\"name\":\"Carlo Galici\",\"image\":{\"@type\":\"ImageObject\",\"inLanguage\":\"es\",\"@id\":\"https:\/\/parisconcarlo.com\/es\/#\/schema\/person\/image\/\",\"url\":\"https:\/\/secure.gravatar.com\/avatar\/06ec8e24b85ce32c8ceb183bc6c1b1ebff541395ffd1a8389c806e4b78969839?s=96&d=mm&r=g\",\"contentUrl\":\"https:\/\/secure.gravatar.com\/avatar\/06ec8e24b85ce32c8ceb183bc6c1b1ebff541395ffd1a8389c806e4b78969839?s=96&d=mm&r=g\",\"caption\":\"Carlo Galici\"},\"url\":\"https:\/\/parisconcarlo.com\/es\/author\/carlogalici\/\"}]}<\/script>\n<!-- \/ Yoast SEO plugin. -->","yoast_head_json":{"title":"Place de la Concorde y el obelisco de Luxor: qu\u00e9 ver, metro","description":"En la Place de la Concorde durante la Revoluci\u00f3n Francesa, estaba la guillotina. Descubre la historia y qu\u00e9 ver en la plaza m\u00e1s grande de Par\u00eds.","robots":{"index":"index","follow":"follow","max-snippet":"max-snippet:-1","max-image-preview":"max-image-preview:large","max-video-preview":"max-video-preview:-1"},"canonical":"https:\/\/parisconcarlo.com\/es\/place-de-la-concorde\/","og_locale":"es_ES","og_type":"article","og_title":"Place de la Concorde y el obelisco de Luxor: qu\u00e9 ver, metro","og_description":"En la Place de la Concorde durante la Revoluci\u00f3n Francesa, estaba la guillotina. Descubre la historia y qu\u00e9 ver en la plaza m\u00e1s grande de Par\u00eds.","og_url":"https:\/\/parisconcarlo.com\/es\/place-de-la-concorde\/","og_site_name":"Paris con Carlo","article_published_time":"2022-10-27T13:27:23+00:00","article_modified_time":"2024-04-15T15:20:49+00:00","og_image":[{"width":623,"height":188,"url":"https:\/\/parisconcarlo.com\/es\/wp-content\/uploads\/sites\/4\/2022\/10\/logo-viajes-a-paris.jpeg","type":"image\/jpeg"}],"author":"Carlo Galici","twitter_card":"summary_large_image","twitter_image":"https:\/\/parisconcarlo.com\/es\/wp-content\/uploads\/sites\/4\/2022\/10\/logo-viajes-a-paris.jpeg","twitter_misc":{"Escrito por":"Carlo Galici","Tiempo de lectura":"5 minutos"},"schema":{"@context":"https:\/\/schema.org","@graph":[{"@type":"Article","@id":"https:\/\/parisconcarlo.com\/es\/place-de-la-concorde\/#article","isPartOf":{"@id":"https:\/\/parisconcarlo.com\/es\/place-de-la-concorde\/"},"author":{"name":"Carlo Galici","@id":"https:\/\/parisconcarlo.com\/es\/#\/schema\/person\/50c9697865d01ff2d6201f18aced1111"},"headline":"Place de la Concorde en Par\u00eds y el obelisco de Luxor","datePublished":"2022-10-27T13:27:23+00:00","dateModified":"2024-04-15T15:20:49+00:00","mainEntityOfPage":{"@id":"https:\/\/parisconcarlo.com\/es\/place-de-la-concorde\/"},"wordCount":894,"commentCount":0,"publisher":{"@id":"https:\/\/parisconcarlo.com\/es\/#organization"},"image":{"@id":"https:\/\/parisconcarlo.com\/es\/place-de-la-concorde\/#primaryimage"},"thumbnailUrl":"https:\/\/parisconcarlo.com\/es\/wp-content\/uploads\/sites\/4\/2023\/03\/Place_de_la_Concorde.jpg-1.webp","articleSection":["Qu\u00e9 ver en Par\u00eds"],"inLanguage":"es"},{"@type":"WebPage","@id":"https:\/\/parisconcarlo.com\/es\/place-de-la-concorde\/","url":"https:\/\/parisconcarlo.com\/es\/place-de-la-concorde\/","name":"Place de la Concorde y el obelisco de Luxor: qu\u00e9 ver, metro","isPartOf":{"@id":"https:\/\/parisconcarlo.com\/es\/#website"},"primaryImageOfPage":{"@id":"https:\/\/parisconcarlo.com\/es\/place-de-la-concorde\/#primaryimage"},"image":{"@id":"https:\/\/parisconcarlo.com\/es\/place-de-la-concorde\/#primaryimage"},"thumbnailUrl":"https:\/\/parisconcarlo.com\/es\/wp-content\/uploads\/sites\/4\/2023\/03\/Place_de_la_Concorde.jpg-1.webp","datePublished":"2022-10-27T13:27:23+00:00","dateModified":"2024-04-15T15:20:49+00:00","description":"En la Place de la Concorde durante la Revoluci\u00f3n Francesa, estaba la guillotina. Descubre la historia y qu\u00e9 ver en la plaza m\u00e1s grande de Par\u00eds.","breadcrumb":{"@id":"https:\/\/parisconcarlo.com\/es\/place-de-la-concorde\/#breadcrumb"},"inLanguage":"es","potentialAction":[{"@type":"ReadAction","target":["https:\/\/parisconcarlo.com\/es\/place-de-la-concorde\/"]}]},{"@type":"ImageObject","inLanguage":"es","@id":"https:\/\/parisconcarlo.com\/es\/place-de-la-concorde\/#primaryimage","url":"https:\/\/parisconcarlo.com\/es\/wp-content\/uploads\/sites\/4\/2023\/03\/Place_de_la_Concorde.jpg-1.webp","contentUrl":"https:\/\/parisconcarlo.com\/es\/wp-content\/uploads\/sites\/4\/2023\/03\/Place_de_la_Concorde.jpg-1.webp","width":700,"height":525,"caption":"Place de la Concorde, Par\u00eds"},{"@type":"BreadcrumbList","@id":"https:\/\/parisconcarlo.com\/es\/place-de-la-concorde\/#breadcrumb","itemListElement":[{"@type":"ListItem","position":1,"name":"Home","item":"https:\/\/parisconcarlo.com\/es\/"},{"@type":"ListItem","position":2,"name":"Qu\u00e9 ver en Par\u00eds","item":"https:\/\/parisconcarlo.com\/es\/que-ver-en-paris\/"},{"@type":"ListItem","position":3,"name":"Place de la Concorde en Par\u00eds y el obelisco de Luxor"}]},{"@type":"WebSite","@id":"https:\/\/parisconcarlo.com\/es\/#website","url":"https:\/\/parisconcarlo.com\/es\/","name":"Paris con Carlo","description":"","publisher":{"@id":"https:\/\/parisconcarlo.com\/es\/#organization"},"potentialAction":[{"@type":"SearchAction","target":{"@type":"EntryPoint","urlTemplate":"https:\/\/parisconcarlo.com\/es\/?s={search_term_string}"},"query-input":{"@type":"PropertyValueSpecification","valueRequired":true,"valueName":"search_term_string"}}],"inLanguage":"es"},{"@type":"Organization","@id":"https:\/\/parisconcarlo.com\/es\/#organization","name":"Paris con Carlo","url":"https:\/\/parisconcarlo.com\/es\/","logo":{"@type":"ImageObject","inLanguage":"es","@id":"https:\/\/parisconcarlo.com\/es\/#\/schema\/logo\/image\/","url":"https:\/\/parisconcarlo.com\/es\/wp-content\/uploads\/sites\/4\/2024\/03\/logo-parisconcarlo-horizontal-live-3.jpg","contentUrl":"https:\/\/parisconcarlo.com\/es\/wp-content\/uploads\/sites\/4\/2024\/03\/logo-parisconcarlo-horizontal-live-3.jpg","width":700,"height":214,"caption":"Paris con Carlo"},"image":{"@id":"https:\/\/parisconcarlo.com\/es\/#\/schema\/logo\/image\/"}},{"@type":"Person","@id":"https:\/\/parisconcarlo.com\/es\/#\/schema\/person\/50c9697865d01ff2d6201f18aced1111","name":"Carlo Galici","image":{"@type":"ImageObject","inLanguage":"es","@id":"https:\/\/parisconcarlo.com\/es\/#\/schema\/person\/image\/","url":"https:\/\/secure.gravatar.com\/avatar\/06ec8e24b85ce32c8ceb183bc6c1b1ebff541395ffd1a8389c806e4b78969839?s=96&d=mm&r=g","contentUrl":"https:\/\/secure.gravatar.com\/avatar\/06ec8e24b85ce32c8ceb183bc6c1b1ebff541395ffd1a8389c806e4b78969839?s=96&d=mm&r=g","caption":"Carlo Galici"},"url":"https:\/\/parisconcarlo.com\/es\/author\/carlogalici\/"}]}},"taxonomy_info":{"category":[{"value":15,"label":"Qu\u00e9 ver en Par\u00eds"}]},"featured_image_src_large":["https:\/\/parisconcarlo.com\/es\/wp-content\/uploads\/sites\/4\/2023\/03\/Place_de_la_Concorde.jpg-1.webp",700,525,false],"author_info":{"display_name":"Carlo Galici","author_link":"https:\/\/parisconcarlo.com\/es\/author\/carlogalici\/"},"comment_info":"","category_info":[{"term_id":15,"name":"Qu\u00e9 ver en Par\u00eds","slug":"que-ver-en-paris","term_group":0,"term_taxonomy_id":15,"taxonomy":"category","description":"","parent":0,"count":60,"filter":"raw","cat_ID":15,"category_count":60,"category_description":"","cat_name":"Qu\u00e9 ver en Par\u00eds","category_nicename":"que-ver-en-paris","category_parent":0}],"tag_info":false,"_links":{"self":[{"href":"https:\/\/parisconcarlo.com\/es\/wp-json\/wp\/v2\/posts\/140","targetHints":{"allow":["GET"]}}],"collection":[{"href":"https:\/\/parisconcarlo.com\/es\/wp-json\/wp\/v2\/posts"}],"about":[{"href":"https:\/\/parisconcarlo.com\/es\/wp-json\/wp\/v2\/types\/post"}],"author":[{"embeddable":true,"href":"https:\/\/parisconcarlo.com\/es\/wp-json\/wp\/v2\/users\/4"}],"replies":[{"embeddable":true,"href":"https:\/\/parisconcarlo.com\/es\/wp-json\/wp\/v2\/comments?post=140"}],"version-history":[{"count":0,"href":"https:\/\/parisconcarlo.com\/es\/wp-json\/wp\/v2\/posts\/140\/revisions"}],"wp:featuredmedia":[{"embeddable":true,"href":"https:\/\/parisconcarlo.com\/es\/wp-json\/wp\/v2\/media\/1845"}],"wp:attachment":[{"href":"https:\/\/parisconcarlo.com\/es\/wp-json\/wp\/v2\/media?parent=140"}],"wp:term":[{"taxonomy":"category","embeddable":true,"href":"https:\/\/parisconcarlo.com\/es\/wp-json\/wp\/v2\/categories?post=140"},{"taxonomy":"post_tag","embeddable":true,"href":"https:\/\/parisconcarlo.com\/es\/wp-json\/wp\/v2\/tags?post=140"}],"curies":[{"name":"wp","href":"https:\/\/api.w.org\/{rel}","templated":true}]}}