{"id":131,"date":"2022-10-27T15:21:16","date_gmt":"2022-10-27T13:21:16","guid":{"rendered":"https:\/\/parisconcarlo.com\/es\/?page_id=131"},"modified":"2024-04-15T17:20:49","modified_gmt":"2024-04-15T15:20:49","slug":"palacio-del-eliseo","status":"publish","type":"post","link":"https:\/\/parisconcarlo.com\/es\/palacio-del-eliseo\/","title":{"rendered":"Palacio del El\u00edseo: qu\u00e9 es, para qu\u00e9 sirve, c\u00f3mo visitarlo"},"content":{"rendered":"\n<p>\u00a1Eliseo es igual a Par\u00eds!<\/p>\n\n\n\n<p>Averig\u00fcemos m\u00e1s sobre la <strong>fascinante residencia oficial del Presidente de la Rep\u00fablica Francesa.<\/strong><\/p>\n\n\n<style>.kb-table-of-content-nav.kb-table-of-content-id_2f54b1-3c .kb-table-of-content-wrap{padding-top:var(--global-kb-spacing-sm, 1.5rem);padding-right:var(--global-kb-spacing-sm, 1.5rem);padding-bottom:var(--global-kb-spacing-sm, 1.5rem);padding-left:var(--global-kb-spacing-sm, 1.5rem);background-color:#f2d115;}.kb-table-of-content-nav.kb-table-of-content-id_2f54b1-3c .kb-table-of-contents-title-wrap{padding-top:0px;padding-right:0px;padding-bottom:0px;padding-left:0px;}.kb-table-of-content-nav.kb-table-of-content-id_2f54b1-3c .kb-table-of-contents-title{font-weight:regular;font-style:normal;}.kb-table-of-content-nav.kb-table-of-content-id_2f54b1-3c .kb-table-of-content-wrap .kb-table-of-content-list{font-weight:regular;font-style:normal;margin-top:var(--global-kb-spacing-sm, 1.5rem);margin-right:0px;margin-bottom:0px;margin-left:0px;}.kb-table-of-content-nav.kb-table-of-content-id_2f54b1-3c .kb-toggle-icon-style-basiccircle .kb-table-of-contents-icon-trigger:after, .kb-table-of-content-nav.kb-table-of-content-id_2f54b1-3c .kb-toggle-icon-style-basiccircle .kb-table-of-contents-icon-trigger:before, .kb-table-of-content-nav.kb-table-of-content-id_2f54b1-3c .kb-toggle-icon-style-arrowcircle .kb-table-of-contents-icon-trigger:after, .kb-table-of-content-nav.kb-table-of-content-id_2f54b1-3c .kb-toggle-icon-style-arrowcircle .kb-table-of-contents-icon-trigger:before, .kb-table-of-content-nav.kb-table-of-content-id_2f54b1-3c .kb-toggle-icon-style-xclosecircle .kb-table-of-contents-icon-trigger:after, .kb-table-of-content-nav.kb-table-of-content-id_2f54b1-3c .kb-toggle-icon-style-xclosecircle .kb-table-of-contents-icon-trigger:before{background-color:#f2d115;}<\/style>\n\n\n<h2 class=\"wp-block-heading\">\u00bfQu\u00e9 es el Palacio del El\u00edseo?<\/h2>\n\n\n\n<p>El <strong>Palais de l&#8217;\u00c9lys\u00e9e<\/strong> (en franc\u00e9s) es una mansi\u00f3n de estilo rococ\u00f3, construida en la primera mitad del siglo XVIII por el Conde de Evreux y que <strong>perteneci\u00f3 a la famosa Madame de Pompadour<\/strong> y otros ilustres personajes.<\/p>\n\n\n\n<p>El edificio fue concebido en el estilo cl\u00e1sico franc\u00e9s de l&#8217;H\u00f4tel particulier, que comprende un palacio en varios pisos con un cour d&#8217;honneur en el frente y, en la parte posterior, los jardines, que todav\u00eda hoy est\u00e1n embellecidos por arcadas, cascadas, fuentes , laberintos y una cueva dorada.<\/p>\n\n\n\n<h2 class=\"wp-block-heading\">D\u00f3nde est\u00e1 y c\u00f3mo llegar<\/h2>\n\n\n\n<p>En el octavo distrito de Par\u00eds, en la margen derecha del Sena, en el <strong>barrio de Saint-Honor\u00e9, cerca de los Campos El\u00edseos<\/strong>.<\/p>\n\n\n\n<p>Direcci\u00f3n: 55 rue du Faubourg-Saint-Honor\u00e9.<\/p>\n\n\n\n<p><strong>Paradas de <a href=\"https:\/\/parisconcarlo.com\/es\/metro-en-paris\/\">metro<\/a> m\u00e1s cercanas:<\/strong><\/p>\n\n\n\n<ul class=\"wp-block-list\">\n<li>Champs-Elys\u00e9es \u2013 Clemenceau (l\u00edneas 1 y 13)<\/li>\n\n\n\n<li>Miromesnil (l\u00edneas 9 y 13)<br><\/li>\n<\/ul>\n\n\n\n<h2 class=\"wp-block-heading\">\u00bfEs posible visitar el El\u00edseo?<\/h2>\n\n\n\n<p>Normalmente no, <strong>pero con la excepci\u00f3n de los \u00abd\u00edas del patrimonio\u00bb<\/strong> (&#8216;journ\u00e9es du patrimoine&#8217;), durante los cuales es posible visitar lugares de otro modo inaccesibles.<\/p>\n\n\n\n<p>Estas jornadas fueron establecidas en 1984 por el Ministerio de Cultura y Comunicaci\u00f3n, y se <strong>celebran todos los a\u00f1os el tercer fin de semana de septiembre<\/strong>.<\/p>\n\n\n\n<p>En cualquier caso, dado que el El\u00edseo es un conjunto espl\u00e9ndido, tambi\u00e9n te dar\u00e1 cierta satisfacci\u00f3n admirarlo y fotografiarlo desde el exterior.<\/p>\n\n\n\n<h2 class=\"wp-block-heading\">Qu\u00e9 ver por dentro del El\u00edseo<\/h2>\n\n\n<div class=\"wp-block-image\">\n<figure class=\"aligncenter size-full\"><img decoding=\"async\" width=\"700\" height=\"465\" src=\"https:\/\/parisconcarlo.com\/es\/wp-content\/uploads\/sites\/4\/2023\/01\/Salon-pompadour-palacio-eliseo-paris.webp\" alt=\"El salon Pompadour en el Palacio del El\u00edseo, Par\u00eds\" class=\"wp-image-1413\" srcset=\"https:\/\/parisconcarlo.com\/es\/wp-content\/uploads\/sites\/4\/2023\/01\/Salon-pompadour-palacio-eliseo-paris.webp 700w, https:\/\/parisconcarlo.com\/es\/wp-content\/uploads\/sites\/4\/2023\/01\/Salon-pompadour-palacio-eliseo-paris-300x199.webp 300w\" sizes=\"(max-width: 700px) 100vw, 700px\" \/><figcaption class=\"wp-element-caption\">El salon Pompadour en el Palacio del El\u00edseo, Par\u00eds<\/figcaption><\/figure>\n<\/div>\n\n\n<p>El palacio incluye 365 habitaciones (90 de las cuales son subterr\u00e1neas).<\/p>\n\n\n\n<p>Estas son las habitaciones m\u00e1s refinadas y significativas:<\/p>\n\n\n<style>.wp-block-kadence-iconlist.kt-svg-icon-list-items_17f030-a3:not(.this-stops-third-party-issues){margin-top:0px;margin-bottom:0px;}.wp-block-kadence-iconlist.kt-svg-icon-list-items_17f030-a3 ul.kt-svg-icon-list:not(.this-prevents-issues):not(.this-stops-third-party-issues):not(.tijsloc){margin-top:0px;margin-right:0px;margin-bottom:var(--global-kb-spacing-sm, 1.5rem);margin-left:0px;}.wp-block-kadence-iconlist.kt-svg-icon-list-items_17f030-a3 ul.kt-svg-icon-list{grid-row-gap:20px;}.wp-block-kadence-iconlist.kt-svg-icon-list-items_17f030-a3 ul.kt-svg-icon-list .kt-svg-icon-list-item-wrap .kt-svg-icon-list-single{margin-right:10px;}.kt-svg-icon-list-items_17f030-a3 ul.kt-svg-icon-list .kt-svg-icon-list-level-0 .kt-svg-icon-list-single svg{font-size:20px;}.kt-svg-icon-list-items_17f030-a3 ul.kt-svg-icon-list .kt-svg-icon-list-level-1 .kt-svg-icon-list-single svg{font-size:20px;}.kt-svg-icon-list-items_17f030-a3 ul.kt-svg-icon-list .kt-svg-icon-list-level-2 .kt-svg-icon-list-single svg{font-size:20px;}.kt-svg-icon-list-items_17f030-a3 ul.kt-svg-icon-list .kt-svg-icon-list-level-3 .kt-svg-icon-list-single svg{font-size:20px;}.kt-svg-icon-list-items_17f030-a3 ul.kt-svg-icon-list .kt-svg-icon-list-level-4 .kt-svg-icon-list-single svg{font-size:20px;}.kt-svg-icon-list-items_17f030-a3 ul.kt-svg-icon-list .kt-svg-icon-list-level-5 .kt-svg-icon-list-single svg{font-size:20px;}.kt-svg-icon-list-items_17f030-a3 ul.kt-svg-icon-list .kt-svg-icon-list-level-6 .kt-svg-icon-list-single svg{font-size:20px;}.kt-svg-icon-list-items_17f030-a3 ul.kt-svg-icon-list .kt-svg-icon-list-level-7 .kt-svg-icon-list-single svg{font-size:20px;}.kt-svg-icon-list-items_17f030-a3 ul.kt-svg-icon-list .kt-svg-icon-list-level-8 .kt-svg-icon-list-single svg{font-size:20px;}.kt-svg-icon-list-items_17f030-a3 ul.kt-svg-icon-list .kt-svg-icon-list-level-9 .kt-svg-icon-list-single svg{font-size:20px;}<\/style>\n<div class=\"wp-block-kadence-iconlist kt-svg-icon-list-items kt-svg-icon-list-items_17f030-a3 kt-svg-icon-list-columns-1 alignnone kt-list-icon-aligntop\"><ul class=\"kt-svg-icon-list\"><li class=\"kt-svg-icon-list-style-default kt-svg-icon-list-item-wrap kt-svg-icon-list-item-0 kt-svg-icon-list-level-0\"><div style=\"display:inline-flex;justify-content:center;align-items:center;color:#008000\" class=\"kt-svg-icon-list-single kt-svg-icon-list-single-fas_arrow-alt-circle-right\"><svg style=\"display:inline-block;vertical-align:middle\" viewBox=\"0 0 512 512\" height=\"20\" width=\"20\" fill=\"currentColor\" xmlns=\"http:\/\/www.w3.org\/2000\/svg\" aria-hidden=\"true\"><path d=\"M256 8c137 0 248 111 248 248S393 504 256 504 8 393 8 256 119 8 256 8zM140 300h116v70.9c0 10.7 13 16.1 20.5 8.5l114.3-114.9c4.7-4.7 4.7-12.2 0-16.9l-114.3-115c-7.6-7.6-20.5-2.2-20.5 8.5V212H140c-6.6 0-12 5.4-12 12v64c0 6.6 5.4 12 12 12z\"><\/path><\/svg><\/div><span class=\"kt-svg-icon-list-text\">El \u00ab<strong>Vestibule d&#8217;honneur<\/strong>\u00bb donde el Presidente recibe a los jefes de estado de las naciones extranjeras, y donde se encuentra una escultura con 200 cortinas de m\u00e1rmol blanco y bronce.<\/span><\/li><li class=\"kt-svg-icon-list-style-default kt-svg-icon-list-item-wrap kt-svg-icon-list-item-1 kt-svg-icon-list-level-0\"><div style=\"display:inline-flex;justify-content:center;align-items:center;color:#008000\" class=\"kt-svg-icon-list-single kt-svg-icon-list-single-fas_arrow-alt-circle-right\"><svg style=\"display:inline-block;vertical-align:middle\" viewBox=\"0 0 512 512\" height=\"20\" width=\"20\" fill=\"currentColor\" xmlns=\"http:\/\/www.w3.org\/2000\/svg\" aria-hidden=\"true\"><path d=\"M256 8c137 0 248 111 248 248S393 504 256 504 8 393 8 256 119 8 256 8zM140 300h116v70.9c0 10.7 13 16.1 20.5 8.5l114.3-114.9c4.7-4.7 4.7-12.2 0-16.9l-114.3-115c-7.6-7.6-20.5-2.2-20.5 8.5V212H140c-6.6 0-12 5.4-12 12v64c0 6.6 5.4 12 12 12z\"><\/path><\/svg><\/div><span class=\"kt-svg-icon-list-text\">La sala donde los invitados esperan a ser recibidos, Le <strong>Salon des tapisseries<\/strong>, que toma su nombre de sus particulares cortinas, que representan la historia de Scipio.<\/span><\/li><li class=\"kt-svg-icon-list-style-default kt-svg-icon-list-item-wrap kt-svg-icon-list-item-2 kt-svg-icon-list-level-0\"><div style=\"display:inline-flex;justify-content:center;align-items:center;color:#008000\" class=\"kt-svg-icon-list-single kt-svg-icon-list-single-fas_arrow-alt-circle-right\"><svg style=\"display:inline-block;vertical-align:middle\" viewBox=\"0 0 512 512\" height=\"20\" width=\"20\" fill=\"currentColor\" xmlns=\"http:\/\/www.w3.org\/2000\/svg\" aria-hidden=\"true\"><path d=\"M256 8c137 0 248 111 248 248S393 504 256 504 8 393 8 256 119 8 256 8zM140 300h116v70.9c0 10.7 13 16.1 20.5 8.5l114.3-114.9c4.7-4.7 4.7-12.2 0-16.9l-114.3-115c-7.6-7.6-20.5-2.2-20.5 8.5V212H140c-6.6 0-12 5.4-12 12v64c0 6.6 5.4 12 12 12z\"><\/path><\/svg><\/div><span class=\"kt-svg-icon-list-text\">Le <strong>Salon Murat<\/strong>, con una gran mesa, donde tiene lugar el Consejo de Ministros.<\/span><\/li><li class=\"kt-svg-icon-list-style-default kt-svg-icon-list-item-wrap kt-svg-icon-list-item-3 kt-svg-icon-list-level-0\"><div style=\"display:inline-flex;justify-content:center;align-items:center;color:#008000\" class=\"kt-svg-icon-list-single kt-svg-icon-list-single-fas_arrow-alt-circle-right\"><svg style=\"display:inline-block;vertical-align:middle\" viewBox=\"0 0 512 512\" height=\"20\" width=\"20\" fill=\"currentColor\" xmlns=\"http:\/\/www.w3.org\/2000\/svg\" aria-hidden=\"true\"><path d=\"M256 8c137 0 248 111 248 248S393 504 256 504 8 393 8 256 119 8 256 8zM140 300h116v70.9c0 10.7 13 16.1 20.5 8.5l114.3-114.9c4.7-4.7 4.7-12.2 0-16.9l-114.3-115c-7.6-7.6-20.5-2.2-20.5 8.5V212H140c-6.6 0-12 5.4-12 12v64c0 6.6 5.4 12 12 12z\"><\/path><\/svg><\/div><span class=\"kt-svg-icon-list-text\">Le <strong>Salon Napol\u00e9on III<\/strong>, un espacio destinado a recepciones oficiales, especialmente con socios europeos.<\/span><\/li><li class=\"kt-svg-icon-list-style-default kt-svg-icon-list-item-wrap kt-svg-icon-list-item-4 kt-svg-icon-list-level-0\"><div style=\"display:inline-flex;justify-content:center;align-items:center;color:#008000\" class=\"kt-svg-icon-list-single kt-svg-icon-list-single-fas_arrow-alt-circle-right\"><svg style=\"display:inline-block;vertical-align:middle\" viewBox=\"0 0 512 512\" height=\"20\" width=\"20\" fill=\"currentColor\" xmlns=\"http:\/\/www.w3.org\/2000\/svg\" aria-hidden=\"true\"><path d=\"M256 8c137 0 248 111 248 248S393 504 256 504 8 393 8 256 119 8 256 8zM140 300h116v70.9c0 10.7 13 16.1 20.5 8.5l114.3-114.9c4.7-4.7 4.7-12.2 0-16.9l-114.3-115c-7.6-7.6-20.5-2.2-20.5 8.5V212H140c-6.6 0-12 5.4-12 12v64c0 6.6 5.4 12 12 12z\"><\/path><\/svg><\/div><span class=\"kt-svg-icon-list-text\">El <strong>Palacio Municipal<\/strong>, donde se lleva a cabo la ceremonia de toma de posesi\u00f3n del Presidente de la Rep\u00fablica y donde tambi\u00e9n se realizan las ruedas de prensa oficiales.<\/span><\/li><li class=\"kt-svg-icon-list-style-default kt-svg-icon-list-item-wrap kt-svg-icon-list-item-5 kt-svg-icon-list-level-0\"><div style=\"display:inline-flex;justify-content:center;align-items:center;color:#008000\" class=\"kt-svg-icon-list-single kt-svg-icon-list-single-fas_arrow-alt-circle-right\"><svg style=\"display:inline-block;vertical-align:middle\" viewBox=\"0 0 512 512\" height=\"20\" width=\"20\" fill=\"currentColor\" xmlns=\"http:\/\/www.w3.org\/2000\/svg\" aria-hidden=\"true\"><path d=\"M256 8c137 0 248 111 248 248S393 504 256 504 8 393 8 256 119 8 256 8zM140 300h116v70.9c0 10.7 13 16.1 20.5 8.5l114.3-114.9c4.7-4.7 4.7-12.2 0-16.9l-114.3-115c-7.6-7.6-20.5-2.2-20.5 8.5V212H140c-6.6 0-12 5.4-12 12v64c0 6.6 5.4 12 12 12z\"><\/path><\/svg><\/div><span class=\"kt-svg-icon-list-text\">El <strong>estudio del presidente, Le Salon dor\u00e9<\/strong>, que contiene los tapices y muebles m\u00e1s valiosos.<\/span><\/li><li class=\"kt-svg-icon-list-style-default kt-svg-icon-list-item-wrap kt-svg-icon-list-item-6 kt-svg-icon-list-level-0\"><div style=\"display:inline-flex;justify-content:center;align-items:center;color:#008000\" class=\"kt-svg-icon-list-single kt-svg-icon-list-single-fas_arrow-alt-circle-right\"><svg style=\"display:inline-block;vertical-align:middle\" viewBox=\"0 0 512 512\" height=\"20\" width=\"20\" fill=\"currentColor\" xmlns=\"http:\/\/www.w3.org\/2000\/svg\" aria-hidden=\"true\"><path d=\"M256 8c137 0 248 111 248 248S393 504 256 504 8 393 8 256 119 8 256 8zM140 300h116v70.9c0 10.7 13 16.1 20.5 8.5l114.3-114.9c4.7-4.7 4.7-12.2 0-16.9l-114.3-115c-7.6-7.6-20.5-2.2-20.5 8.5V212H140c-6.6 0-12 5.4-12 12v64c0 6.6 5.4 12 12 12z\"><\/path><\/svg><\/div><span class=\"kt-svg-icon-list-text\">Le <strong>Salon Cl\u00e9op\u00e2tre<\/strong>, una sala que toma su nombre del encuentro entre Antonio y Cleopatra, representado en una pared.<\/span><\/li><li class=\"kt-svg-icon-list-style-default kt-svg-icon-list-item-wrap kt-svg-icon-list-item-7 kt-svg-icon-list-level-0\"><div style=\"display:inline-flex;justify-content:center;align-items:center;color:#008000\" class=\"kt-svg-icon-list-single kt-svg-icon-list-single-fas_arrow-alt-circle-right\"><svg style=\"display:inline-block;vertical-align:middle\" viewBox=\"0 0 512 512\" height=\"20\" width=\"20\" fill=\"currentColor\" xmlns=\"http:\/\/www.w3.org\/2000\/svg\" aria-hidden=\"true\"><path d=\"M256 8c137 0 248 111 248 248S393 504 256 504 8 393 8 256 119 8 256 8zM140 300h116v70.9c0 10.7 13 16.1 20.5 8.5l114.3-114.9c4.7-4.7 4.7-12.2 0-16.9l-114.3-115c-7.6-7.6-20.5-2.2-20.5 8.5V212H140c-6.6 0-12 5.4-12 12v64c0 6.6 5.4 12 12 12z\"><\/path><\/svg><\/div><span class=\"kt-svg-icon-list-text\">Le <strong>Salon Pompadour<\/strong>, una sala que fue utilizada por la marquesa para reuniones representativas, mientras que los embajadores fueron recibidos en Le Salon des ambassadeurs<\/span><\/li><li class=\"kt-svg-icon-list-style-default kt-svg-icon-list-item-wrap kt-svg-icon-list-item-8 kt-svg-icon-list-level-0\"><div style=\"display:inline-flex;justify-content:center;align-items:center;color:#008000\" class=\"kt-svg-icon-list-single kt-svg-icon-list-single-fas_arrow-alt-circle-right\"><svg style=\"display:inline-block;vertical-align:middle\" viewBox=\"0 0 512 512\" height=\"20\" width=\"20\" fill=\"currentColor\" xmlns=\"http:\/\/www.w3.org\/2000\/svg\" aria-hidden=\"true\"><path d=\"M256 8c137 0 248 111 248 248S393 504 256 504 8 393 8 256 119 8 256 8zM140 300h116v70.9c0 10.7 13 16.1 20.5 8.5l114.3-114.9c4.7-4.7 4.7-12.2 0-16.9l-114.3-115c-7.6-7.6-20.5-2.2-20.5 8.5V212H140c-6.6 0-12 5.4-12 12v64c0 6.6 5.4 12 12 12z\"><\/path><\/svg><\/div><span class=\"kt-svg-icon-list-text\">El <strong>Salon des portraits<\/strong>, donde se pueden encontrar los retratos de numerosos soberanos de Europa desde la \u00e9poca de Napole\u00f3n.<\/span><\/li><li class=\"kt-svg-icon-list-style-default kt-svg-icon-list-item-wrap kt-svg-icon-list-item-9 kt-svg-icon-list-level-0\"><div style=\"display:inline-flex;justify-content:center;align-items:center;color:#008000\" class=\"kt-svg-icon-list-single kt-svg-icon-list-single-fas_arrow-alt-circle-right\"><svg style=\"display:inline-block;vertical-align:middle\" viewBox=\"0 0 512 512\" height=\"20\" width=\"20\" fill=\"currentColor\" xmlns=\"http:\/\/www.w3.org\/2000\/svg\" aria-hidden=\"true\"><path d=\"M256 8c137 0 248 111 248 248S393 504 256 504 8 393 8 256 119 8 256 8zM140 300h116v70.9c0 10.7 13 16.1 20.5 8.5l114.3-114.9c4.7-4.7 4.7-12.2 0-16.9l-114.3-115c-7.6-7.6-20.5-2.2-20.5 8.5V212H140c-6.6 0-12 5.4-12 12v64c0 6.6 5.4 12 12 12z\"><\/path><\/svg><\/div><span class=\"kt-svg-icon-list-text\">Le <strong>Salon des Aides-de-Camp<\/strong>, donde se guardan muchos muebles de la \u00e9poca de Luis XV.<\/span><\/li><\/ul><\/div>\n\n\n\n<div style=\"height:20px\" aria-hidden=\"true\" class=\"wp-block-spacer\"><\/div>\n\n\n\n<p>Tambi\u00e9n destaca el <strong>Jardin d&#8217;hiver<\/strong>, construido en 1881, que alberga todo tipo de plantas e incluye una galer\u00eda acristalada con estructura met\u00e1lica.<\/p>\n\n\n\n<h2 class=\"wp-block-heading\">Qu\u00e9 ver cerca del El\u00edseo<\/h2>\n\n\n<div class=\"wp-block-image\">\n<figure class=\"aligncenter size-full\"><img decoding=\"async\" width=\"700\" height=\"525\" src=\"https:\/\/parisconcarlo.com\/es\/wp-content\/uploads\/sites\/4\/2023\/01\/Place_de_la_Concorde-paris.webp\" alt=\"Place de la Concorde, Par\u00eds\" class=\"wp-image-1412\" srcset=\"https:\/\/parisconcarlo.com\/es\/wp-content\/uploads\/sites\/4\/2023\/01\/Place_de_la_Concorde-paris.webp 700w, https:\/\/parisconcarlo.com\/es\/wp-content\/uploads\/sites\/4\/2023\/01\/Place_de_la_Concorde-paris-300x225.webp 300w\" sizes=\"(max-width: 700px) 100vw, 700px\" \/><figcaption class=\"wp-element-caption\">Place de la Concorde, Par\u00eds<\/figcaption><\/figure>\n<\/div>\n\n\n<p>El edificio est\u00e1 ubicado en una posici\u00f3n verdaderamente feliz y estrat\u00e9gica.<\/p>\n\n\n\n<p>Muchas atracciones cercanas:<\/p>\n\n\n<style>.wp-block-kadence-iconlist.kt-svg-icon-list-items_c10ac4-80:not(.this-stops-third-party-issues){margin-top:0px;margin-bottom:0px;}.wp-block-kadence-iconlist.kt-svg-icon-list-items_c10ac4-80 ul.kt-svg-icon-list:not(.this-prevents-issues):not(.this-stops-third-party-issues):not(.tijsloc){margin-top:0px;margin-right:0px;margin-bottom:var(--global-kb-spacing-sm, 1.5rem);margin-left:0px;}.wp-block-kadence-iconlist.kt-svg-icon-list-items_c10ac4-80 ul.kt-svg-icon-list{grid-row-gap:15px;}.wp-block-kadence-iconlist.kt-svg-icon-list-items_c10ac4-80 ul.kt-svg-icon-list .kt-svg-icon-list-item-wrap .kt-svg-icon-list-single{margin-right:10px;}.kt-svg-icon-list-items_c10ac4-80 ul.kt-svg-icon-list .kt-svg-icon-list-level-0 .kt-svg-icon-list-single svg{font-size:20px;}.kt-svg-icon-list-items_c10ac4-80 ul.kt-svg-icon-list .kt-svg-icon-list-level-1 .kt-svg-icon-list-single svg{font-size:20px;}.kt-svg-icon-list-items_c10ac4-80 ul.kt-svg-icon-list .kt-svg-icon-list-level-2 .kt-svg-icon-list-single svg{font-size:20px;}.kt-svg-icon-list-items_c10ac4-80 ul.kt-svg-icon-list .kt-svg-icon-list-level-3 .kt-svg-icon-list-single svg{font-size:20px;}.kt-svg-icon-list-items_c10ac4-80 ul.kt-svg-icon-list .kt-svg-icon-list-level-4 .kt-svg-icon-list-single svg{font-size:20px;}.kt-svg-icon-list-items_c10ac4-80 ul.kt-svg-icon-list .kt-svg-icon-list-level-5 .kt-svg-icon-list-single svg{font-size:20px;}.kt-svg-icon-list-items_c10ac4-80 ul.kt-svg-icon-list .kt-svg-icon-list-level-6 .kt-svg-icon-list-single svg{font-size:20px;}<\/style>\n<div class=\"wp-block-kadence-iconlist kt-svg-icon-list-items kt-svg-icon-list-items_c10ac4-80 kt-svg-icon-list-columns-1 alignnone kt-list-icon-aligntop\"><ul class=\"kt-svg-icon-list\"><li class=\"kt-svg-icon-list-style-default kt-svg-icon-list-item-wrap kt-svg-icon-list-item-0 kt-svg-icon-list-level-0\"><div style=\"display:inline-flex;justify-content:center;align-items:center;color:#008000\" class=\"kt-svg-icon-list-single kt-svg-icon-list-single-fas_arrow-alt-circle-right\"><svg style=\"display:inline-block;vertical-align:middle\" viewBox=\"0 0 512 512\" height=\"20\" width=\"20\" fill=\"currentColor\" xmlns=\"http:\/\/www.w3.org\/2000\/svg\" aria-hidden=\"true\"><path d=\"M256 8c137 0 248 111 248 248S393 504 256 504 8 393 8 256 119 8 256 8zM140 300h116v70.9c0 10.7 13 16.1 20.5 8.5l114.3-114.9c4.7-4.7 4.7-12.2 0-16.9l-114.3-115c-7.6-7.6-20.5-2.2-20.5 8.5V212H140c-6.6 0-12 5.4-12 12v64c0 6.6 5.4 12 12 12z\"><\/path><\/svg><\/div><span class=\"kt-svg-icon-list-text\">La <strong>avenida de los <a href=\"https:\/\/parisconcarlo.com\/es\/campos-eliseos-de-paris\/\">Campos El\u00edseos<\/a><\/strong>, la larga avenida entre las m\u00e1s famosas de Europa y del mundo. La parte norte del jard\u00edn Elysee da al bulevar.<\/span><\/li><li class=\"kt-svg-icon-list-style-default kt-svg-icon-list-item-wrap kt-svg-icon-list-item-1 kt-svg-icon-list-level-0\"><div style=\"display:inline-flex;justify-content:center;align-items:center;color:#008000\" class=\"kt-svg-icon-list-single kt-svg-icon-list-single-fas_arrow-alt-circle-right\"><svg style=\"display:inline-block;vertical-align:middle\" viewBox=\"0 0 512 512\" height=\"20\" width=\"20\" fill=\"currentColor\" xmlns=\"http:\/\/www.w3.org\/2000\/svg\" aria-hidden=\"true\"><path d=\"M256 8c137 0 248 111 248 248S393 504 256 504 8 393 8 256 119 8 256 8zM140 300h116v70.9c0 10.7 13 16.1 20.5 8.5l114.3-114.9c4.7-4.7 4.7-12.2 0-16.9l-114.3-115c-7.6-7.6-20.5-2.2-20.5 8.5V212H140c-6.6 0-12 5.4-12 12v64c0 6.6 5.4 12 12 12z\"><\/path><\/svg><\/div><span class=\"kt-svg-icon-list-text\">La <strong>majestuosa <a href=\"https:\/\/parisconcarlo.com\/es\/place-de-la-concorde\/\">Plaza de la Concordia<\/a><\/strong> con el obelisco egipcio, que destaca entre los Campos El\u00edseos y los Jardines de las Tuller\u00edas.<\/span><\/li><li class=\"kt-svg-icon-list-style-default kt-svg-icon-list-item-wrap kt-svg-icon-list-item-2 kt-svg-icon-list-level-0\"><div style=\"display:inline-flex;justify-content:center;align-items:center;color:#008000\" class=\"kt-svg-icon-list-single kt-svg-icon-list-single-fas_arrow-alt-circle-right\"><svg style=\"display:inline-block;vertical-align:middle\" viewBox=\"0 0 512 512\" height=\"20\" width=\"20\" fill=\"currentColor\" xmlns=\"http:\/\/www.w3.org\/2000\/svg\" aria-hidden=\"true\"><path d=\"M256 8c137 0 248 111 248 248S393 504 256 504 8 393 8 256 119 8 256 8zM140 300h116v70.9c0 10.7 13 16.1 20.5 8.5l114.3-114.9c4.7-4.7 4.7-12.2 0-16.9l-114.3-115c-7.6-7.6-20.5-2.2-20.5 8.5V212H140c-6.6 0-12 5.4-12 12v64c0 6.6 5.4 12 12 12z\"><\/path><\/svg><\/div><span class=\"kt-svg-icon-list-text\">La <strong><a href=\"http:\/\/www.saintaugustin.net\" target=\"_blank\" rel=\"noreferrer noopener\">Iglesia de San Agust\u00edn<\/a><\/strong>, una de las m\u00e1s grandes de Par\u00eds (\u00a1100 metros de largo y 80 metros de alto!), construida entre 1860 y 1871 en el antiguo barrio popular de Petite Pologne, que hoy toma el nombre de Place Saint-Augustin.<\/span><\/li><li class=\"kt-svg-icon-list-style-default kt-svg-icon-list-item-wrap kt-svg-icon-list-item-3 kt-svg-icon-list-level-0\"><div style=\"display:inline-flex;justify-content:center;align-items:center;color:#008000\" class=\"kt-svg-icon-list-single kt-svg-icon-list-single-fas_arrow-alt-circle-right\"><svg style=\"display:inline-block;vertical-align:middle\" viewBox=\"0 0 512 512\" height=\"20\" width=\"20\" fill=\"currentColor\" xmlns=\"http:\/\/www.w3.org\/2000\/svg\" aria-hidden=\"true\"><path d=\"M256 8c137 0 248 111 248 248S393 504 256 504 8 393 8 256 119 8 256 8zM140 300h116v70.9c0 10.7 13 16.1 20.5 8.5l114.3-114.9c4.7-4.7 4.7-12.2 0-16.9l-114.3-115c-7.6-7.6-20.5-2.2-20.5 8.5V212H140c-6.6 0-12 5.4-12 12v64c0 6.6 5.4 12 12 12z\"><\/path><\/svg><\/div><span class=\"kt-svg-icon-list-text\">El <strong><a href=\"https:\/\/parisconcarlo.com\/es\/museo-de-la-orangerie\/\">Museo de L&#8217;Orangerie<\/a><\/strong>, la muy famosa galer\u00eda de arte impresionista y postimpresionista, que est\u00e1 a un kil\u00f3metro del El\u00edseo.<\/span><\/li><li class=\"kt-svg-icon-list-style-default kt-svg-icon-list-item-wrap kt-svg-icon-list-item-4 kt-svg-icon-list-level-0\"><div style=\"display:inline-flex;justify-content:center;align-items:center;color:#008000\" class=\"kt-svg-icon-list-single kt-svg-icon-list-single-fas_arrow-alt-circle-right\"><svg style=\"display:inline-block;vertical-align:middle\" viewBox=\"0 0 512 512\" height=\"20\" width=\"20\" fill=\"currentColor\" xmlns=\"http:\/\/www.w3.org\/2000\/svg\" aria-hidden=\"true\"><path d=\"M256 8c137 0 248 111 248 248S393 504 256 504 8 393 8 256 119 8 256 8zM140 300h116v70.9c0 10.7 13 16.1 20.5 8.5l114.3-114.9c4.7-4.7 4.7-12.2 0-16.9l-114.3-115c-7.6-7.6-20.5-2.2-20.5 8.5V212H140c-6.6 0-12 5.4-12 12v64c0 6.6 5.4 12 12 12z\"><\/path><\/svg><\/div><span class=\"kt-svg-icon-list-text\">El <strong><a href=\"https:\/\/www.musee-jacquemart-andre.com\" target=\"_blank\" rel=\"noreferrer noopener\">Museo Jacquemart \u2013 Andr\u00e9<\/a><\/strong>, que alberga la colecci\u00f3n de arte reunida por los esposos Edouard Andr\u00e9 y N\u00e9lie Jacquemart, entre 1864 y 1912, est\u00e1 ubicado en un edificio particular de aspecto principesco que data del siglo XIX.<\/span><\/li><li class=\"kt-svg-icon-list-style-default kt-svg-icon-list-item-wrap kt-svg-icon-list-item-5 kt-svg-icon-list-level-0\"><div style=\"display:inline-flex;justify-content:center;align-items:center;color:#008000\" class=\"kt-svg-icon-list-single kt-svg-icon-list-single-fas_arrow-alt-circle-right\"><svg style=\"display:inline-block;vertical-align:middle\" viewBox=\"0 0 512 512\" height=\"20\" width=\"20\" fill=\"currentColor\" xmlns=\"http:\/\/www.w3.org\/2000\/svg\" aria-hidden=\"true\"><path d=\"M256 8c137 0 248 111 248 248S393 504 256 504 8 393 8 256 119 8 256 8zM140 300h116v70.9c0 10.7 13 16.1 20.5 8.5l114.3-114.9c4.7-4.7 4.7-12.2 0-16.9l-114.3-115c-7.6-7.6-20.5-2.2-20.5 8.5V212H140c-6.6 0-12 5.4-12 12v64c0 6.6 5.4 12 12 12z\"><\/path><\/svg><\/div><span class=\"kt-svg-icon-list-text\">El <a href=\"https:\/\/parisconcarlo.com\/es\/grand-palais\/\">Grand Palais<\/a>, con su hermosa c\u00fapula de cristal y su \u00abgemelo\u00bb, el <a href=\"https:\/\/parisconcarlo.com\/es\/le-petit-palais\/\">Petit Palais<\/a> que est\u00e1 enfrente.<\/span><\/li><li class=\"kt-svg-icon-list-style-default kt-svg-icon-list-item-wrap kt-svg-icon-list-item-6 kt-svg-icon-list-level-0\"><div style=\"display:inline-flex;justify-content:center;align-items:center;color:#008000\" class=\"kt-svg-icon-list-single kt-svg-icon-list-single-fas_arrow-alt-circle-right\"><svg style=\"display:inline-block;vertical-align:middle\" viewBox=\"0 0 512 512\" height=\"20\" width=\"20\" fill=\"currentColor\" xmlns=\"http:\/\/www.w3.org\/2000\/svg\" aria-hidden=\"true\"><path d=\"M256 8c137 0 248 111 248 248S393 504 256 504 8 393 8 256 119 8 256 8zM140 300h116v70.9c0 10.7 13 16.1 20.5 8.5l114.3-114.9c4.7-4.7 4.7-12.2 0-16.9l-114.3-115c-7.6-7.6-20.5-2.2-20.5 8.5V212H140c-6.6 0-12 5.4-12 12v64c0 6.6 5.4 12 12 12z\"><\/path><\/svg><\/div><span class=\"kt-svg-icon-list-text\">El <strong>Puente Alejandro III<\/strong>, de estilo Art Nouveau y construido en 1900 con motivo de la Exposici\u00f3n Universal. Se dice que es <strong>el m\u00e1s hermoso de los puentes del Sena<\/strong>, siendo el m\u00e1s rico en decoraciones (esculturas aleg\u00f3ricas coronadas por caballos dorados).<\/span><\/li><\/ul><\/div>\n\n\n\n<div style=\"height:20px\" aria-hidden=\"true\" class=\"wp-block-spacer\"><\/div>\n\n\n\n<h2 class=\"wp-block-heading\">Un poco de historia sobre el edificio: qui\u00e9n lo quer\u00eda<\/h2>\n\n\n\n<p>La <strong>construcci\u00f3n se encarg\u00f3 en 1718<\/strong>, y los costes de construcci\u00f3n del El\u00edseo fueron tan altos que en la primera fase solo se construy\u00f3 la planta baja.<\/p>\n\n\n\n<p>El <strong>rey Luis XV de Francia compr\u00f3 el palacio en 1753<\/strong> y se lo entreg\u00f3 (regalo de compromiso, \u00bfverdad?) a su favorita, Madame de Pompadour, la marquesa responsable de la renovaci\u00f3n y transformaci\u00f3n del palacio en un grandioso complejo.<\/p>\n\n\n\n<p>De hecho, encarg\u00f3 a los mejores artistas y arquitectos, que crearon magn\u00edficos frescos y tapices para embellecer el palacio, y para los suntuosos candelabros eligi\u00f3 puros cristales de Bohemia (souvenirs t\u00edpicos de Praga, a\u00fan hoy).<\/p>\n\n\n\n<p>A la <strong>muerte de la marquesa<\/strong> (por desgracia, con solo 42 a\u00f1os), el rey asign\u00f3 el palacio a los embajadores y la mayor\u00eda de las obras de arte y muebles se vendieron.<\/p>\n\n\n\n<p>En <strong>1773 el banquero Nicolas Beaujon compr\u00f3 el Elys\u00e9e<\/strong>, y en 1783 el complejo pas\u00f3 a manos de la duquesa Batilde de Borb\u00f3n-Orl\u00e9ans, que fue de hecho la \u00faltima propietaria. No en vano, antes de ser conocido como Elys\u00e9e, el palacio se <strong>llam\u00f3 Hotel de Boubon<\/strong>, en honor a su \u00faltimo habitante.<\/p>\n\n\n\n<p><strong>Tras convertirse en propiedad p\u00fablica durante la Revoluci\u00f3n Francesa<\/strong>, el palacio fue habitado primero por Carolina Bonaparte y luego por la emperatriz Josefina de Beauharnais. Y justo en el Palacio del El\u00edseo, <strong>Napole\u00f3n firm\u00f3 el acta de abdicaci\u00f3n en 1815<\/strong>, tras la derrota de Waterloo.<\/p>\n\n\n\n<p><strong>El primer presidente que fij\u00f3 su residencia en el El\u00edseo fue Mac Mahon, en 1874<\/strong>: desde entonces, el El\u00edseo se ha convertido en un lugar simb\u00f3lico de la Rep\u00fablica Francesa, y lo sigue siendo.<\/p>\n\n\n\n<h2 class=\"wp-block-heading\">Mapa: qu\u00e9 ver cerca<\/h2>\n\n\n\n","protected":false},"excerpt":{"rendered":"<p>\u00a1Eliseo es igual a Par\u00eds! Averig\u00fcemos m\u00e1s sobre la fascinante residencia oficial del Presidente de la Rep\u00fablica Francesa. \u00bfQu\u00e9 es el Palacio del El\u00edseo? El Palais de l&#8217;\u00c9lys\u00e9e (en franc\u00e9s) es una mansi\u00f3n de estilo rococ\u00f3, construida en la primera mitad del siglo XVIII por el Conde de Evreux y que perteneci\u00f3 a la famosa&#8230;<\/p>\n","protected":false},"author":4,"featured_media":1414,"comment_status":"open","ping_status":"closed","sticky":false,"template":"","format":"standard","meta":{"_kad_blocks_custom_css":"","_kad_blocks_head_custom_js":"","_kad_blocks_body_custom_js":"","_kad_blocks_footer_custom_js":"","_kad_post_transparent":"","_kad_post_title":"","_kad_post_layout":"","_kad_post_sidebar_id":"","_kad_post_content_style":"","_kad_post_vertical_padding":"","_kad_post_feature":"","_kad_post_feature_position":"","_kad_post_header":false,"_kad_post_footer":false,"_kad_post_classname":"","footnotes":""},"categories":[15],"tags":[],"class_list":["post-131","post","type-post","status-publish","format-standard","has-post-thumbnail","hentry","category-que-ver-en-paris"],"yoast_head":"<!-- This site is optimized with the Yoast SEO plugin v27.1.1 - https:\/\/yoast.com\/product\/yoast-seo-wordpress\/ -->\n<title>Palacio del El\u00edseo Par\u00eds: qu\u00e9 es, c\u00f3mo visitarlo, d\u00f3nde est\u00e1<\/title>\n<meta name=\"description\" content=\"El Palacio del El\u00edseo en la Rue Faubourg Saint Honor\u00e9 es la residencia del Presidente de la Rep\u00fablica Francesa. Solo se puede visitar en contadas ocasiones.\" \/>\n<meta name=\"robots\" content=\"index, follow, max-snippet:-1, max-image-preview:large, max-video-preview:-1\" \/>\n<link rel=\"canonical\" href=\"https:\/\/parisconcarlo.com\/es\/palacio-del-eliseo\/\" \/>\n<meta property=\"og:locale\" content=\"es_ES\" \/>\n<meta property=\"og:type\" content=\"article\" \/>\n<meta property=\"og:title\" content=\"Palacio del El\u00edseo Par\u00eds: qu\u00e9 es, c\u00f3mo visitarlo, d\u00f3nde est\u00e1\" \/>\n<meta property=\"og:description\" content=\"El Palacio del El\u00edseo en la Rue Faubourg Saint Honor\u00e9 es la residencia del Presidente de la Rep\u00fablica Francesa. Solo se puede visitar en contadas ocasiones.\" \/>\n<meta property=\"og:url\" content=\"https:\/\/parisconcarlo.com\/es\/palacio-del-eliseo\/\" \/>\n<meta property=\"og:site_name\" content=\"Paris con Carlo\" \/>\n<meta property=\"article:published_time\" content=\"2022-10-27T13:21:16+00:00\" \/>\n<meta property=\"article:modified_time\" content=\"2024-04-15T15:20:49+00:00\" \/>\n<meta property=\"og:image\" content=\"https:\/\/parisconcarlo.com\/es\/wp-content\/uploads\/sites\/4\/2022\/10\/logo-viajes-a-paris.jpeg\" \/>\n\t<meta property=\"og:image:width\" content=\"623\" \/>\n\t<meta property=\"og:image:height\" content=\"188\" \/>\n\t<meta property=\"og:image:type\" content=\"image\/jpeg\" \/>\n<meta name=\"author\" content=\"Carlo Galici\" \/>\n<meta name=\"twitter:card\" content=\"summary_large_image\" \/>\n<meta name=\"twitter:image\" content=\"https:\/\/parisconcarlo.com\/es\/wp-content\/uploads\/sites\/4\/2022\/10\/logo-viajes-a-paris.jpeg\" \/>\n<meta name=\"twitter:label1\" content=\"Escrito por\" \/>\n\t<meta name=\"twitter:data1\" content=\"Carlo Galici\" \/>\n\t<meta name=\"twitter:label2\" content=\"Tiempo de lectura\" \/>\n\t<meta name=\"twitter:data2\" content=\"26 minutos\" \/>\n<script type=\"application\/ld+json\" class=\"yoast-schema-graph\">{\"@context\":\"https:\/\/schema.org\",\"@graph\":[{\"@type\":\"Article\",\"@id\":\"https:\/\/parisconcarlo.com\/es\/palacio-del-eliseo\/#article\",\"isPartOf\":{\"@id\":\"https:\/\/parisconcarlo.com\/es\/palacio-del-eliseo\/\"},\"author\":{\"name\":\"Carlo Galici\",\"@id\":\"https:\/\/parisconcarlo.com\/es\/#\/schema\/person\/50c9697865d01ff2d6201f18aced1111\"},\"headline\":\"Palacio del El\u00edseo: qu\u00e9 es, para qu\u00e9 sirve, c\u00f3mo visitarlo\",\"datePublished\":\"2022-10-27T13:21:16+00:00\",\"dateModified\":\"2024-04-15T15:20:49+00:00\",\"mainEntityOfPage\":{\"@id\":\"https:\/\/parisconcarlo.com\/es\/palacio-del-eliseo\/\"},\"wordCount\":1094,\"commentCount\":0,\"publisher\":{\"@id\":\"https:\/\/parisconcarlo.com\/es\/#organization\"},\"image\":{\"@id\":\"https:\/\/parisconcarlo.com\/es\/palacio-del-eliseo\/#primaryimage\"},\"thumbnailUrl\":\"https:\/\/parisconcarlo.com\/es\/wp-content\/uploads\/sites\/4\/2023\/01\/palacio-eliseo-paris.webp\",\"articleSection\":[\"Qu\u00e9 ver en Par\u00eds\"],\"inLanguage\":\"es\"},{\"@type\":\"WebPage\",\"@id\":\"https:\/\/parisconcarlo.com\/es\/palacio-del-eliseo\/\",\"url\":\"https:\/\/parisconcarlo.com\/es\/palacio-del-eliseo\/\",\"name\":\"Palacio del El\u00edseo Par\u00eds: qu\u00e9 es, c\u00f3mo visitarlo, d\u00f3nde est\u00e1\",\"isPartOf\":{\"@id\":\"https:\/\/parisconcarlo.com\/es\/#website\"},\"primaryImageOfPage\":{\"@id\":\"https:\/\/parisconcarlo.com\/es\/palacio-del-eliseo\/#primaryimage\"},\"image\":{\"@id\":\"https:\/\/parisconcarlo.com\/es\/palacio-del-eliseo\/#primaryimage\"},\"thumbnailUrl\":\"https:\/\/parisconcarlo.com\/es\/wp-content\/uploads\/sites\/4\/2023\/01\/palacio-eliseo-paris.webp\",\"datePublished\":\"2022-10-27T13:21:16+00:00\",\"dateModified\":\"2024-04-15T15:20:49+00:00\",\"description\":\"El Palacio del El\u00edseo en la Rue Faubourg Saint Honor\u00e9 es la residencia del Presidente de la Rep\u00fablica Francesa. Solo se puede visitar en contadas ocasiones.\",\"breadcrumb\":{\"@id\":\"https:\/\/parisconcarlo.com\/es\/palacio-del-eliseo\/#breadcrumb\"},\"inLanguage\":\"es\",\"potentialAction\":[{\"@type\":\"ReadAction\",\"target\":[\"https:\/\/parisconcarlo.com\/es\/palacio-del-eliseo\/\"]}]},{\"@type\":\"ImageObject\",\"inLanguage\":\"es\",\"@id\":\"https:\/\/parisconcarlo.com\/es\/palacio-del-eliseo\/#primaryimage\",\"url\":\"https:\/\/parisconcarlo.com\/es\/wp-content\/uploads\/sites\/4\/2023\/01\/palacio-eliseo-paris.webp\",\"contentUrl\":\"https:\/\/parisconcarlo.com\/es\/wp-content\/uploads\/sites\/4\/2023\/01\/palacio-eliseo-paris.webp\",\"width\":750,\"height\":563,\"caption\":\"Palacio del El\u00edseo de Par\u00eds\"},{\"@type\":\"BreadcrumbList\",\"@id\":\"https:\/\/parisconcarlo.com\/es\/palacio-del-eliseo\/#breadcrumb\",\"itemListElement\":[{\"@type\":\"ListItem\",\"position\":1,\"name\":\"Home\",\"item\":\"https:\/\/parisconcarlo.com\/es\/\"},{\"@type\":\"ListItem\",\"position\":2,\"name\":\"Qu\u00e9 ver en Par\u00eds\",\"item\":\"https:\/\/parisconcarlo.com\/es\/que-ver-en-paris\/\"},{\"@type\":\"ListItem\",\"position\":3,\"name\":\"Palacio del El\u00edseo: qu\u00e9 es, para qu\u00e9 sirve, c\u00f3mo visitarlo\"}]},{\"@type\":\"WebSite\",\"@id\":\"https:\/\/parisconcarlo.com\/es\/#website\",\"url\":\"https:\/\/parisconcarlo.com\/es\/\",\"name\":\"Paris con Carlo\",\"description\":\"\",\"publisher\":{\"@id\":\"https:\/\/parisconcarlo.com\/es\/#organization\"},\"potentialAction\":[{\"@type\":\"SearchAction\",\"target\":{\"@type\":\"EntryPoint\",\"urlTemplate\":\"https:\/\/parisconcarlo.com\/es\/?s={search_term_string}\"},\"query-input\":{\"@type\":\"PropertyValueSpecification\",\"valueRequired\":true,\"valueName\":\"search_term_string\"}}],\"inLanguage\":\"es\"},{\"@type\":\"Organization\",\"@id\":\"https:\/\/parisconcarlo.com\/es\/#organization\",\"name\":\"Paris con Carlo\",\"url\":\"https:\/\/parisconcarlo.com\/es\/\",\"logo\":{\"@type\":\"ImageObject\",\"inLanguage\":\"es\",\"@id\":\"https:\/\/parisconcarlo.com\/es\/#\/schema\/logo\/image\/\",\"url\":\"https:\/\/parisconcarlo.com\/es\/wp-content\/uploads\/sites\/4\/2024\/03\/logo-parisconcarlo-horizontal-live-3.jpg\",\"contentUrl\":\"https:\/\/parisconcarlo.com\/es\/wp-content\/uploads\/sites\/4\/2024\/03\/logo-parisconcarlo-horizontal-live-3.jpg\",\"width\":700,\"height\":214,\"caption\":\"Paris con Carlo\"},\"image\":{\"@id\":\"https:\/\/parisconcarlo.com\/es\/#\/schema\/logo\/image\/\"}},{\"@type\":\"Person\",\"@id\":\"https:\/\/parisconcarlo.com\/es\/#\/schema\/person\/50c9697865d01ff2d6201f18aced1111\",\"name\":\"Carlo Galici\",\"image\":{\"@type\":\"ImageObject\",\"inLanguage\":\"es\",\"@id\":\"https:\/\/parisconcarlo.com\/es\/#\/schema\/person\/image\/\",\"url\":\"https:\/\/secure.gravatar.com\/avatar\/06ec8e24b85ce32c8ceb183bc6c1b1ebff541395ffd1a8389c806e4b78969839?s=96&d=mm&r=g\",\"contentUrl\":\"https:\/\/secure.gravatar.com\/avatar\/06ec8e24b85ce32c8ceb183bc6c1b1ebff541395ffd1a8389c806e4b78969839?s=96&d=mm&r=g\",\"caption\":\"Carlo Galici\"},\"url\":\"https:\/\/parisconcarlo.com\/es\/author\/carlogalici\/\"}]}<\/script>\n<!-- \/ Yoast SEO plugin. -->","yoast_head_json":{"title":"Palacio del El\u00edseo Par\u00eds: qu\u00e9 es, c\u00f3mo visitarlo, d\u00f3nde est\u00e1","description":"El Palacio del El\u00edseo en la Rue Faubourg Saint Honor\u00e9 es la residencia del Presidente de la Rep\u00fablica Francesa. Solo se puede visitar en contadas ocasiones.","robots":{"index":"index","follow":"follow","max-snippet":"max-snippet:-1","max-image-preview":"max-image-preview:large","max-video-preview":"max-video-preview:-1"},"canonical":"https:\/\/parisconcarlo.com\/es\/palacio-del-eliseo\/","og_locale":"es_ES","og_type":"article","og_title":"Palacio del El\u00edseo Par\u00eds: qu\u00e9 es, c\u00f3mo visitarlo, d\u00f3nde est\u00e1","og_description":"El Palacio del El\u00edseo en la Rue Faubourg Saint Honor\u00e9 es la residencia del Presidente de la Rep\u00fablica Francesa. Solo se puede visitar en contadas ocasiones.","og_url":"https:\/\/parisconcarlo.com\/es\/palacio-del-eliseo\/","og_site_name":"Paris con Carlo","article_published_time":"2022-10-27T13:21:16+00:00","article_modified_time":"2024-04-15T15:20:49+00:00","og_image":[{"width":623,"height":188,"url":"https:\/\/parisconcarlo.com\/es\/wp-content\/uploads\/sites\/4\/2022\/10\/logo-viajes-a-paris.jpeg","type":"image\/jpeg"}],"author":"Carlo Galici","twitter_card":"summary_large_image","twitter_image":"https:\/\/parisconcarlo.com\/es\/wp-content\/uploads\/sites\/4\/2022\/10\/logo-viajes-a-paris.jpeg","twitter_misc":{"Escrito por":"Carlo Galici","Tiempo de lectura":"26 minutos"},"schema":{"@context":"https:\/\/schema.org","@graph":[{"@type":"Article","@id":"https:\/\/parisconcarlo.com\/es\/palacio-del-eliseo\/#article","isPartOf":{"@id":"https:\/\/parisconcarlo.com\/es\/palacio-del-eliseo\/"},"author":{"name":"Carlo Galici","@id":"https:\/\/parisconcarlo.com\/es\/#\/schema\/person\/50c9697865d01ff2d6201f18aced1111"},"headline":"Palacio del El\u00edseo: qu\u00e9 es, para qu\u00e9 sirve, c\u00f3mo visitarlo","datePublished":"2022-10-27T13:21:16+00:00","dateModified":"2024-04-15T15:20:49+00:00","mainEntityOfPage":{"@id":"https:\/\/parisconcarlo.com\/es\/palacio-del-eliseo\/"},"wordCount":1094,"commentCount":0,"publisher":{"@id":"https:\/\/parisconcarlo.com\/es\/#organization"},"image":{"@id":"https:\/\/parisconcarlo.com\/es\/palacio-del-eliseo\/#primaryimage"},"thumbnailUrl":"https:\/\/parisconcarlo.com\/es\/wp-content\/uploads\/sites\/4\/2023\/01\/palacio-eliseo-paris.webp","articleSection":["Qu\u00e9 ver en Par\u00eds"],"inLanguage":"es"},{"@type":"WebPage","@id":"https:\/\/parisconcarlo.com\/es\/palacio-del-eliseo\/","url":"https:\/\/parisconcarlo.com\/es\/palacio-del-eliseo\/","name":"Palacio del El\u00edseo Par\u00eds: qu\u00e9 es, c\u00f3mo visitarlo, d\u00f3nde est\u00e1","isPartOf":{"@id":"https:\/\/parisconcarlo.com\/es\/#website"},"primaryImageOfPage":{"@id":"https:\/\/parisconcarlo.com\/es\/palacio-del-eliseo\/#primaryimage"},"image":{"@id":"https:\/\/parisconcarlo.com\/es\/palacio-del-eliseo\/#primaryimage"},"thumbnailUrl":"https:\/\/parisconcarlo.com\/es\/wp-content\/uploads\/sites\/4\/2023\/01\/palacio-eliseo-paris.webp","datePublished":"2022-10-27T13:21:16+00:00","dateModified":"2024-04-15T15:20:49+00:00","description":"El Palacio del El\u00edseo en la Rue Faubourg Saint Honor\u00e9 es la residencia del Presidente de la Rep\u00fablica Francesa. Solo se puede visitar en contadas ocasiones.","breadcrumb":{"@id":"https:\/\/parisconcarlo.com\/es\/palacio-del-eliseo\/#breadcrumb"},"inLanguage":"es","potentialAction":[{"@type":"ReadAction","target":["https:\/\/parisconcarlo.com\/es\/palacio-del-eliseo\/"]}]},{"@type":"ImageObject","inLanguage":"es","@id":"https:\/\/parisconcarlo.com\/es\/palacio-del-eliseo\/#primaryimage","url":"https:\/\/parisconcarlo.com\/es\/wp-content\/uploads\/sites\/4\/2023\/01\/palacio-eliseo-paris.webp","contentUrl":"https:\/\/parisconcarlo.com\/es\/wp-content\/uploads\/sites\/4\/2023\/01\/palacio-eliseo-paris.webp","width":750,"height":563,"caption":"Palacio del El\u00edseo de Par\u00eds"},{"@type":"BreadcrumbList","@id":"https:\/\/parisconcarlo.com\/es\/palacio-del-eliseo\/#breadcrumb","itemListElement":[{"@type":"ListItem","position":1,"name":"Home","item":"https:\/\/parisconcarlo.com\/es\/"},{"@type":"ListItem","position":2,"name":"Qu\u00e9 ver en Par\u00eds","item":"https:\/\/parisconcarlo.com\/es\/que-ver-en-paris\/"},{"@type":"ListItem","position":3,"name":"Palacio del El\u00edseo: qu\u00e9 es, para qu\u00e9 sirve, c\u00f3mo visitarlo"}]},{"@type":"WebSite","@id":"https:\/\/parisconcarlo.com\/es\/#website","url":"https:\/\/parisconcarlo.com\/es\/","name":"Paris con Carlo","description":"","publisher":{"@id":"https:\/\/parisconcarlo.com\/es\/#organization"},"potentialAction":[{"@type":"SearchAction","target":{"@type":"EntryPoint","urlTemplate":"https:\/\/parisconcarlo.com\/es\/?s={search_term_string}"},"query-input":{"@type":"PropertyValueSpecification","valueRequired":true,"valueName":"search_term_string"}}],"inLanguage":"es"},{"@type":"Organization","@id":"https:\/\/parisconcarlo.com\/es\/#organization","name":"Paris con Carlo","url":"https:\/\/parisconcarlo.com\/es\/","logo":{"@type":"ImageObject","inLanguage":"es","@id":"https:\/\/parisconcarlo.com\/es\/#\/schema\/logo\/image\/","url":"https:\/\/parisconcarlo.com\/es\/wp-content\/uploads\/sites\/4\/2024\/03\/logo-parisconcarlo-horizontal-live-3.jpg","contentUrl":"https:\/\/parisconcarlo.com\/es\/wp-content\/uploads\/sites\/4\/2024\/03\/logo-parisconcarlo-horizontal-live-3.jpg","width":700,"height":214,"caption":"Paris con Carlo"},"image":{"@id":"https:\/\/parisconcarlo.com\/es\/#\/schema\/logo\/image\/"}},{"@type":"Person","@id":"https:\/\/parisconcarlo.com\/es\/#\/schema\/person\/50c9697865d01ff2d6201f18aced1111","name":"Carlo Galici","image":{"@type":"ImageObject","inLanguage":"es","@id":"https:\/\/parisconcarlo.com\/es\/#\/schema\/person\/image\/","url":"https:\/\/secure.gravatar.com\/avatar\/06ec8e24b85ce32c8ceb183bc6c1b1ebff541395ffd1a8389c806e4b78969839?s=96&d=mm&r=g","contentUrl":"https:\/\/secure.gravatar.com\/avatar\/06ec8e24b85ce32c8ceb183bc6c1b1ebff541395ffd1a8389c806e4b78969839?s=96&d=mm&r=g","caption":"Carlo Galici"},"url":"https:\/\/parisconcarlo.com\/es\/author\/carlogalici\/"}]}},"taxonomy_info":{"category":[{"value":15,"label":"Qu\u00e9 ver en Par\u00eds"}]},"featured_image_src_large":["https:\/\/parisconcarlo.com\/es\/wp-content\/uploads\/sites\/4\/2023\/01\/palacio-eliseo-paris.webp",750,563,false],"author_info":{"display_name":"Carlo Galici","author_link":"https:\/\/parisconcarlo.com\/es\/author\/carlogalici\/"},"comment_info":"","category_info":[{"term_id":15,"name":"Qu\u00e9 ver en Par\u00eds","slug":"que-ver-en-paris","term_group":0,"term_taxonomy_id":15,"taxonomy":"category","description":"","parent":0,"count":60,"filter":"raw","cat_ID":15,"category_count":60,"category_description":"","cat_name":"Qu\u00e9 ver en Par\u00eds","category_nicename":"que-ver-en-paris","category_parent":0}],"tag_info":false,"_links":{"self":[{"href":"https:\/\/parisconcarlo.com\/es\/wp-json\/wp\/v2\/posts\/131","targetHints":{"allow":["GET"]}}],"collection":[{"href":"https:\/\/parisconcarlo.com\/es\/wp-json\/wp\/v2\/posts"}],"about":[{"href":"https:\/\/parisconcarlo.com\/es\/wp-json\/wp\/v2\/types\/post"}],"author":[{"embeddable":true,"href":"https:\/\/parisconcarlo.com\/es\/wp-json\/wp\/v2\/users\/4"}],"replies":[{"embeddable":true,"href":"https:\/\/parisconcarlo.com\/es\/wp-json\/wp\/v2\/comments?post=131"}],"version-history":[{"count":0,"href":"https:\/\/parisconcarlo.com\/es\/wp-json\/wp\/v2\/posts\/131\/revisions"}],"wp:featuredmedia":[{"embeddable":true,"href":"https:\/\/parisconcarlo.com\/es\/wp-json\/wp\/v2\/media\/1414"}],"wp:attachment":[{"href":"https:\/\/parisconcarlo.com\/es\/wp-json\/wp\/v2\/media?parent=131"}],"wp:term":[{"taxonomy":"category","embeddable":true,"href":"https:\/\/parisconcarlo.com\/es\/wp-json\/wp\/v2\/categories?post=131"},{"taxonomy":"post_tag","embeddable":true,"href":"https:\/\/parisconcarlo.com\/es\/wp-json\/wp\/v2\/tags?post=131"}],"curies":[{"name":"wp","href":"https:\/\/api.w.org\/{rel}","templated":true}]}}