{"id":124,"date":"2022-10-27T15:16:51","date_gmt":"2022-10-27T13:16:51","guid":{"rendered":"https:\/\/parisconcarlo.com\/es\/?page_id=124"},"modified":"2024-04-15T17:20:50","modified_gmt":"2024-04-15T15:20:50","slug":"museo-de-montmartre","status":"publish","type":"post","link":"https:\/\/parisconcarlo.com\/es\/museo-de-montmartre\/","title":{"rendered":"Museo de Montmartre: entradas, qu\u00e9 ver y c\u00f3mo llegar"},"content":{"rendered":"\n<p>Entre los diversos <strong>museos de Par\u00eds<\/strong>, el <strong>Museo de Montmartre<\/strong> es sin duda uno de los m\u00e1s particulares: a diferencia, por ejemplo, del <a href=\"https:\/\/parisconcarlo.com\/es\/museo-de-orsay\/\">Orsay<\/a>, que contiene obras de artistas que han vivido en Montmartre -y la lista ser\u00eda muy larga-, el <strong>Museo de Montmartre no se limita a coleccionar pinturas<\/strong>, pero trata de explicar el entorno en el que vivieron estos artistas.<\/p>\n\n\n\n<p>No es una tarea sencilla, <strong>pero el Museo lo logra muy bien<\/strong>, sin duda ofreciendo una experiencia diferente a sus visitantes.<\/p>\n\n\n\n<p>La <strong>estructura del Museo incluye la Maison Bel Air<\/strong>, uno de los edificios m\u00e1s antiguos de Montmartre, donde vivieron algunos de los artistas m\u00e1s importantes del impresionismo y del siglo XX: su invitado <strong>m\u00e1s famoso fue sin duda Renoir<\/strong>, que pint\u00f3 aqu\u00ed <strong>Le Bal du Moulin de La Galette<\/strong> en 1876.<\/p>\n\n\n\n<p>El estudio del artista ha sido cuidadosamente recompuesto, utilizando materiales originales. Otras salas del Museo est\u00e1n dedicadas a explicar el ambiente bohemio de Montmartre a finales del siglo XIX.<\/p>\n\n\n<div class=\"wp-block-image\">\n<figure class=\"aligncenter size-full\"><img decoding=\"async\" width=\"900\" height=\"671\" src=\"https:\/\/parisconcarlo.com\/es\/wp-content\/uploads\/sites\/4\/2023\/01\/cuadro-Pierre-Auguste_Renoir_Le_Moulin_de_la_Galette.jpg\" alt=\"El cuadro de Renoir &quot;Le bal du Moulin de la Galette&quot;\" class=\"wp-image-1241\" srcset=\"https:\/\/parisconcarlo.com\/es\/wp-content\/uploads\/sites\/4\/2023\/01\/cuadro-Pierre-Auguste_Renoir_Le_Moulin_de_la_Galette.jpg 900w, https:\/\/parisconcarlo.com\/es\/wp-content\/uploads\/sites\/4\/2023\/01\/cuadro-Pierre-Auguste_Renoir_Le_Moulin_de_la_Galette-300x224.jpg 300w, https:\/\/parisconcarlo.com\/es\/wp-content\/uploads\/sites\/4\/2023\/01\/cuadro-Pierre-Auguste_Renoir_Le_Moulin_de_la_Galette-768x573.jpg 768w\" sizes=\"(max-width: 900px) 100vw, 900px\" \/><figcaption class=\"wp-element-caption\">El cuadro de Renoir \u00abLe bal du Moulin de la Galette\u00bb<\/figcaption><\/figure>\n<\/div>\n\n<style>.kb-table-of-content-nav.kb-table-of-content-id_2f54b1-3c .kb-table-of-content-wrap{padding-top:var(--global-kb-spacing-sm, 1.5rem);padding-right:var(--global-kb-spacing-sm, 1.5rem);padding-bottom:var(--global-kb-spacing-sm, 1.5rem);padding-left:var(--global-kb-spacing-sm, 1.5rem);background-color:#f2d115;}.kb-table-of-content-nav.kb-table-of-content-id_2f54b1-3c .kb-table-of-contents-title-wrap{padding-top:0px;padding-right:0px;padding-bottom:0px;padding-left:0px;}.kb-table-of-content-nav.kb-table-of-content-id_2f54b1-3c .kb-table-of-contents-title{font-weight:regular;font-style:normal;}.kb-table-of-content-nav.kb-table-of-content-id_2f54b1-3c .kb-table-of-content-wrap .kb-table-of-content-list{font-weight:regular;font-style:normal;margin-top:var(--global-kb-spacing-sm, 1.5rem);margin-right:0px;margin-bottom:0px;margin-left:0px;}.kb-table-of-content-nav.kb-table-of-content-id_2f54b1-3c .kb-toggle-icon-style-basiccircle .kb-table-of-contents-icon-trigger:after, .kb-table-of-content-nav.kb-table-of-content-id_2f54b1-3c .kb-toggle-icon-style-basiccircle .kb-table-of-contents-icon-trigger:before, .kb-table-of-content-nav.kb-table-of-content-id_2f54b1-3c .kb-toggle-icon-style-arrowcircle .kb-table-of-contents-icon-trigger:after, .kb-table-of-content-nav.kb-table-of-content-id_2f54b1-3c .kb-toggle-icon-style-arrowcircle .kb-table-of-contents-icon-trigger:before, .kb-table-of-content-nav.kb-table-of-content-id_2f54b1-3c .kb-toggle-icon-style-xclosecircle .kb-table-of-contents-icon-trigger:after, .kb-table-of-content-nav.kb-table-of-content-id_2f54b1-3c .kb-toggle-icon-style-xclosecircle .kb-table-of-contents-icon-trigger:before{background-color:#f2d115;}<\/style>\n\n\n<h2 class=\"wp-block-heading\">La colecci\u00f3n del Museo de Montmartre<\/h2>\n\n\n\n<p>El <strong>Museo recoge pinturas, fotograf\u00edas y manuscritos que describen la historia de <a href=\"https:\/\/parisconcarlo.com\/es\/montmartre\/\">Montmartre<\/a><\/strong>: entre los autores podemos encontrar a Steinlen, Valadon, Utrillo, uno de los pocos pintores nacidos en Montmartre y Toulouse -Lautrec, uno de sus grandes noct\u00e1mbulos.<\/p>\n\n\n\n<p>De hecho, Suzanne Valadon y Maurice Utrillo, su hijo, se alojaron en el edificio, al igual que Renoir unos a\u00f1os antes: el atelier se prestaba bien al trabajo pict\u00f3rico, siendo muy luminoso.<\/p>\n\n\n\n<p><strong>Una de las peculiaridades del Museo es la reconstrucci\u00f3n de las salas de finales del siglo XIX<\/strong>: el apartamento-taller de Renoir fue reconstruido a partir de fotograf\u00edas de la \u00e9poca, y parte del mobiliario es, de hecho, original.<\/p>\n\n\n\n<p>Otras salas est\u00e1n dedicadas a diferentes temas, como la fiesta y el baile.<\/p>\n\n\n\n<h2 class=\"wp-block-heading\">Los Jardines y el Caf\u00e9 Renoir<\/h2>\n\n\n<div class=\"wp-block-image\">\n<figure class=\"aligncenter size-full\"><img decoding=\"async\" width=\"750\" height=\"501\" src=\"https:\/\/parisconcarlo.com\/es\/wp-content\/uploads\/sites\/4\/2023\/01\/jardines-museo-montmartre-paris.webp\" alt=\"Los Jardines Renoir en el Museo Montmartre, Par\u00eds\" class=\"wp-image-1303\" srcset=\"https:\/\/parisconcarlo.com\/es\/wp-content\/uploads\/sites\/4\/2023\/01\/jardines-museo-montmartre-paris.webp 750w, https:\/\/parisconcarlo.com\/es\/wp-content\/uploads\/sites\/4\/2023\/01\/jardines-museo-montmartre-paris-300x200.webp 300w\" sizes=\"(max-width: 750px) 100vw, 750px\" \/><figcaption class=\"wp-element-caption\">Los Jardines Renoir en el Museo Montmartre, Par\u00eds<\/figcaption><\/figure>\n<\/div>\n\n\n<p>Los <strong>Jardines de Renoir<\/strong> son visibles desde el Museo: reconstruidos seg\u00fan las pinturas del pintor, ofrecen un espacio peque\u00f1o pero muy bien dise\u00f1ado, que incluye un encantador caf\u00e9 decorado al estilo de finales del siglo XIX, donde es posible disfrutar de un poco de paz lejos de el turista de multitudes.<\/p>\n\n\n\n<p>Evita el vino de la casa. La cafeter\u00eda abre desde el martes hasta el domingo.<\/p>\n\n\n\n<h2 class=\"wp-block-heading\">Exposiciones temporales<\/h2>\n\n\n\n<p>El Museo organiza una exposici\u00f3n al a\u00f1o, <strong>analizando de cerca un aspecto particular del arte relacionado<\/strong> con el distrito parisino. Las exposiciones siempre est\u00e1n bien curadas, por lo que vale la pena asistir.<\/p>\n\n\n\n<h2 class=\"wp-block-heading\">Informaci\u00f3n pr\u00e1ctica para visitar el museo<\/h2>\n\n\n\n<p>La duraci\u00f3n de la visita con la audiogu\u00eda -en espa\u00f1ol- es de una hora y media aproximadamente. El museo es parcialmente accesible para minusv\u00e1lidos y se puede acceder sin dificultad a la secci\u00f3n de exposiciones temporales.<\/p>\n\n\n\n<h3 class=\"wp-block-heading\">C\u00f3mo llegar al Museo de Montmartre<\/h3>\n\n\n\n<p>El Museo de Montmartre est\u00e1 ubicado en 12 Rue Cortot, no lejos de la <a href=\"https:\/\/parisconcarlo.com\/es\/place-du-tertre\/\">Place du Tertre<\/a>.<\/p>\n\n\n\n<p>Las estaciones de <a href=\"https:\/\/parisconcarlo.com\/es\/metro-en-paris\/\">metro<\/a> m\u00e1s cercanas son Lamarck-Caulaincourt y Abbesses, ambas de la l\u00ednea 12, y Anvers, de la l\u00ednea 2. <\/p>\n\n\n\n<p>Desde Anvers puedes tomar el funicular hasta la cima de la colina de Montmartre, donde se encuentra la bas\u00edlica del Sacr\u00e9-Coeur.<\/p>\n\n\n\n<h3 class=\"wp-block-heading\">Horario de apertura del museo y los jardines<\/h3>\n\n\n\n<p>El Museo abre todos los d\u00edas desde las 10 hasta las 19 (7 pm).<\/p>\n\n\n\n<p>La cafeter\u00eda est\u00e1 abierta de martes a domingo desde las 11:30 hasta las 18:00 (6 pm).<\/p>\n\n\n\n<p><strong>La visita del Museo tiene una duraci\u00f3n aproximada de 1h30m<\/strong>.<\/p>\n\n\n\n<h2 class=\"wp-block-heading\">Compra de entradas para el Museo de Montmartre<\/h2>\n\n\n\n<div data-gyg-href=\"https:\/\/widget.getyourguide.com\/default\/availability.frame\" data-gyg-tour-id=\"390148\" data-gyg-locale-code=\"es-ES\" data-gyg-currency=\"EUR\" data-gyg-widget=\"availability\" data-gyg-theme=\"light\" data-gyg-variant=\"horizontal\" data-gyg-partner-id=\"EXCD7A5\" data-gyg-placement=\"content-middle\" data-gyg-cmp=\"paom3-museomontmartre\"><\/div>\n\n\n\n<div style=\"height:20px\" aria-hidden=\"true\" class=\"wp-block-spacer\"><\/div>\n\n\n\n<p><strong>El precio de la entrada para el Museo de Montmartre y los Jardines de Renoir es<\/strong>:<\/p>\n\n\n\n<ul class=\"wp-block-list\">\n<li>15\u20ac para mayores de 18 a\u00f1os;<\/li>\n\n\n\n<li>10 \u20ac para estudiantes de 18 a 25 a\u00f1os (con documento)<\/li>\n\n\n\n<li>8 \u20ac para ni\u00f1os de 10 a 17 a\u00f1os;<\/li>\n\n\n\n<li>Gratis hasta 9 a\u00f1os.<\/li>\n<\/ul>\n\n\n\n<p>La audiogu\u00eda est\u00e1 incluida en el precio de la entrada.<\/p>\n\n\n\n<p>Tambi\u00e9n <strong>puedes entrar solo en el Caf\u00e9 y los Jardins Renoir<\/strong>: la entrada cuesta 5\u20ac.<\/p>\n\n\n\n<h2 class=\"wp-block-heading\">Mapa: qu\u00e9 ver cerca<\/h2>\n\n\n\n","protected":false},"excerpt":{"rendered":"<p>Entre los diversos museos de Par\u00eds, el Museo de Montmartre es sin duda uno de los m\u00e1s particulares: a diferencia, por ejemplo, del Orsay, que contiene obras de artistas que han vivido en Montmartre -y la lista ser\u00eda muy larga-, el Museo de Montmartre no se limita a coleccionar pinturas, pero trata de explicar el&#8230;<\/p>\n","protected":false},"author":4,"featured_media":1304,"comment_status":"open","ping_status":"closed","sticky":false,"template":"","format":"standard","meta":{"_kad_blocks_custom_css":"","_kad_blocks_head_custom_js":"","_kad_blocks_body_custom_js":"","_kad_blocks_footer_custom_js":"","_kad_post_transparent":"","_kad_post_title":"","_kad_post_layout":"","_kad_post_sidebar_id":"","_kad_post_content_style":"","_kad_post_vertical_padding":"","_kad_post_feature":"","_kad_post_feature_position":"","_kad_post_header":false,"_kad_post_footer":false,"_kad_post_classname":"","footnotes":""},"categories":[15],"tags":[],"class_list":["post-124","post","type-post","status-publish","format-standard","has-post-thumbnail","hentry","category-que-ver-en-paris"],"yoast_head":"<!-- This site is optimized with the Yoast SEO plugin v27.1.1 - https:\/\/yoast.com\/product\/yoast-seo-wordpress\/ -->\n<title>Museo de Montmartre: entradas, c\u00f3mo llegar, qu\u00e9 ver<\/title>\n<meta name=\"description\" content=\"\u00bfC\u00f3mo viv\u00edan los pintores en Montmartre? La respuesta a esta pregunta se puede encontrar en este museo de Par\u00eds. Lee c\u00f3mo llegar y qu\u00e9 ver\" \/>\n<meta name=\"robots\" content=\"index, follow, max-snippet:-1, max-image-preview:large, max-video-preview:-1\" \/>\n<link rel=\"canonical\" href=\"https:\/\/parisconcarlo.com\/es\/museo-de-montmartre\/\" \/>\n<meta property=\"og:locale\" content=\"es_ES\" \/>\n<meta property=\"og:type\" content=\"article\" \/>\n<meta property=\"og:title\" content=\"Museo de Montmartre: entradas, c\u00f3mo llegar, qu\u00e9 ver\" \/>\n<meta property=\"og:description\" content=\"\u00bfC\u00f3mo viv\u00edan los pintores en Montmartre? La respuesta a esta pregunta se puede encontrar en este museo de Par\u00eds. Lee c\u00f3mo llegar y qu\u00e9 ver\" \/>\n<meta property=\"og:url\" content=\"https:\/\/parisconcarlo.com\/es\/museo-de-montmartre\/\" \/>\n<meta property=\"og:site_name\" content=\"Paris con Carlo\" \/>\n<meta property=\"article:published_time\" content=\"2022-10-27T13:16:51+00:00\" \/>\n<meta property=\"article:modified_time\" content=\"2024-04-15T15:20:50+00:00\" \/>\n<meta property=\"og:image\" content=\"https:\/\/parisconcarlo.com\/es\/wp-content\/uploads\/sites\/4\/2022\/10\/logo-viajes-a-paris.jpeg\" \/>\n\t<meta property=\"og:image:width\" content=\"623\" \/>\n\t<meta property=\"og:image:height\" content=\"188\" \/>\n\t<meta property=\"og:image:type\" content=\"image\/jpeg\" \/>\n<meta name=\"author\" content=\"Carlo Galici\" \/>\n<meta name=\"twitter:card\" content=\"summary_large_image\" \/>\n<meta name=\"twitter:image\" content=\"https:\/\/parisconcarlo.com\/es\/wp-content\/uploads\/sites\/4\/2022\/10\/logo-viajes-a-paris.jpeg\" \/>\n<meta name=\"twitter:label1\" content=\"Escrito por\" \/>\n\t<meta name=\"twitter:data1\" content=\"Carlo Galici\" \/>\n\t<meta name=\"twitter:label2\" content=\"Tiempo de lectura\" \/>\n\t<meta name=\"twitter:data2\" content=\"14 minutos\" \/>\n<script type=\"application\/ld+json\" class=\"yoast-schema-graph\">{\"@context\":\"https:\/\/schema.org\",\"@graph\":[{\"@type\":\"Article\",\"@id\":\"https:\/\/parisconcarlo.com\/es\/museo-de-montmartre\/#article\",\"isPartOf\":{\"@id\":\"https:\/\/parisconcarlo.com\/es\/museo-de-montmartre\/\"},\"author\":{\"name\":\"Carlo Galici\",\"@id\":\"https:\/\/parisconcarlo.com\/es\/#\/schema\/person\/50c9697865d01ff2d6201f18aced1111\"},\"headline\":\"Museo de Montmartre: entradas, qu\u00e9 ver y c\u00f3mo llegar\",\"datePublished\":\"2022-10-27T13:16:51+00:00\",\"dateModified\":\"2024-04-15T15:20:50+00:00\",\"mainEntityOfPage\":{\"@id\":\"https:\/\/parisconcarlo.com\/es\/museo-de-montmartre\/\"},\"wordCount\":689,\"commentCount\":0,\"publisher\":{\"@id\":\"https:\/\/parisconcarlo.com\/es\/#organization\"},\"image\":{\"@id\":\"https:\/\/parisconcarlo.com\/es\/museo-de-montmartre\/#primaryimage\"},\"thumbnailUrl\":\"https:\/\/parisconcarlo.com\/es\/wp-content\/uploads\/sites\/4\/2023\/01\/museo-montmartre-paris.webp\",\"articleSection\":[\"Qu\u00e9 ver en Par\u00eds\"],\"inLanguage\":\"es\"},{\"@type\":\"WebPage\",\"@id\":\"https:\/\/parisconcarlo.com\/es\/museo-de-montmartre\/\",\"url\":\"https:\/\/parisconcarlo.com\/es\/museo-de-montmartre\/\",\"name\":\"Museo de Montmartre: entradas, c\u00f3mo llegar, qu\u00e9 ver\",\"isPartOf\":{\"@id\":\"https:\/\/parisconcarlo.com\/es\/#website\"},\"primaryImageOfPage\":{\"@id\":\"https:\/\/parisconcarlo.com\/es\/museo-de-montmartre\/#primaryimage\"},\"image\":{\"@id\":\"https:\/\/parisconcarlo.com\/es\/museo-de-montmartre\/#primaryimage\"},\"thumbnailUrl\":\"https:\/\/parisconcarlo.com\/es\/wp-content\/uploads\/sites\/4\/2023\/01\/museo-montmartre-paris.webp\",\"datePublished\":\"2022-10-27T13:16:51+00:00\",\"dateModified\":\"2024-04-15T15:20:50+00:00\",\"description\":\"\u00bfC\u00f3mo viv\u00edan los pintores en Montmartre? La respuesta a esta pregunta se puede encontrar en este museo de Par\u00eds. Lee c\u00f3mo llegar y qu\u00e9 ver\",\"breadcrumb\":{\"@id\":\"https:\/\/parisconcarlo.com\/es\/museo-de-montmartre\/#breadcrumb\"},\"inLanguage\":\"es\",\"potentialAction\":[{\"@type\":\"ReadAction\",\"target\":[\"https:\/\/parisconcarlo.com\/es\/museo-de-montmartre\/\"]}]},{\"@type\":\"ImageObject\",\"inLanguage\":\"es\",\"@id\":\"https:\/\/parisconcarlo.com\/es\/museo-de-montmartre\/#primaryimage\",\"url\":\"https:\/\/parisconcarlo.com\/es\/wp-content\/uploads\/sites\/4\/2023\/01\/museo-montmartre-paris.webp\",\"contentUrl\":\"https:\/\/parisconcarlo.com\/es\/wp-content\/uploads\/sites\/4\/2023\/01\/museo-montmartre-paris.webp\",\"width\":900,\"height\":600,\"caption\":\"El Museo de Montmartre, Par\u00eds\"},{\"@type\":\"BreadcrumbList\",\"@id\":\"https:\/\/parisconcarlo.com\/es\/museo-de-montmartre\/#breadcrumb\",\"itemListElement\":[{\"@type\":\"ListItem\",\"position\":1,\"name\":\"Home\",\"item\":\"https:\/\/parisconcarlo.com\/es\/\"},{\"@type\":\"ListItem\",\"position\":2,\"name\":\"Qu\u00e9 ver en Par\u00eds\",\"item\":\"https:\/\/parisconcarlo.com\/es\/que-ver-en-paris\/\"},{\"@type\":\"ListItem\",\"position\":3,\"name\":\"Museo de Montmartre: entradas, qu\u00e9 ver y c\u00f3mo llegar\"}]},{\"@type\":\"WebSite\",\"@id\":\"https:\/\/parisconcarlo.com\/es\/#website\",\"url\":\"https:\/\/parisconcarlo.com\/es\/\",\"name\":\"Paris con Carlo\",\"description\":\"\",\"publisher\":{\"@id\":\"https:\/\/parisconcarlo.com\/es\/#organization\"},\"potentialAction\":[{\"@type\":\"SearchAction\",\"target\":{\"@type\":\"EntryPoint\",\"urlTemplate\":\"https:\/\/parisconcarlo.com\/es\/?s={search_term_string}\"},\"query-input\":{\"@type\":\"PropertyValueSpecification\",\"valueRequired\":true,\"valueName\":\"search_term_string\"}}],\"inLanguage\":\"es\"},{\"@type\":\"Organization\",\"@id\":\"https:\/\/parisconcarlo.com\/es\/#organization\",\"name\":\"Paris con Carlo\",\"url\":\"https:\/\/parisconcarlo.com\/es\/\",\"logo\":{\"@type\":\"ImageObject\",\"inLanguage\":\"es\",\"@id\":\"https:\/\/parisconcarlo.com\/es\/#\/schema\/logo\/image\/\",\"url\":\"https:\/\/parisconcarlo.com\/es\/wp-content\/uploads\/sites\/4\/2024\/03\/logo-parisconcarlo-horizontal-live-3.jpg\",\"contentUrl\":\"https:\/\/parisconcarlo.com\/es\/wp-content\/uploads\/sites\/4\/2024\/03\/logo-parisconcarlo-horizontal-live-3.jpg\",\"width\":700,\"height\":214,\"caption\":\"Paris con Carlo\"},\"image\":{\"@id\":\"https:\/\/parisconcarlo.com\/es\/#\/schema\/logo\/image\/\"}},{\"@type\":\"Person\",\"@id\":\"https:\/\/parisconcarlo.com\/es\/#\/schema\/person\/50c9697865d01ff2d6201f18aced1111\",\"name\":\"Carlo Galici\",\"image\":{\"@type\":\"ImageObject\",\"inLanguage\":\"es\",\"@id\":\"https:\/\/parisconcarlo.com\/es\/#\/schema\/person\/image\/\",\"url\":\"https:\/\/secure.gravatar.com\/avatar\/06ec8e24b85ce32c8ceb183bc6c1b1ebff541395ffd1a8389c806e4b78969839?s=96&d=mm&r=g\",\"contentUrl\":\"https:\/\/secure.gravatar.com\/avatar\/06ec8e24b85ce32c8ceb183bc6c1b1ebff541395ffd1a8389c806e4b78969839?s=96&d=mm&r=g\",\"caption\":\"Carlo Galici\"},\"url\":\"https:\/\/parisconcarlo.com\/es\/author\/carlogalici\/\"}]}<\/script>\n<!-- \/ Yoast SEO plugin. -->","yoast_head_json":{"title":"Museo de Montmartre: entradas, c\u00f3mo llegar, qu\u00e9 ver","description":"\u00bfC\u00f3mo viv\u00edan los pintores en Montmartre? La respuesta a esta pregunta se puede encontrar en este museo de Par\u00eds. Lee c\u00f3mo llegar y qu\u00e9 ver","robots":{"index":"index","follow":"follow","max-snippet":"max-snippet:-1","max-image-preview":"max-image-preview:large","max-video-preview":"max-video-preview:-1"},"canonical":"https:\/\/parisconcarlo.com\/es\/museo-de-montmartre\/","og_locale":"es_ES","og_type":"article","og_title":"Museo de Montmartre: entradas, c\u00f3mo llegar, qu\u00e9 ver","og_description":"\u00bfC\u00f3mo viv\u00edan los pintores en Montmartre? La respuesta a esta pregunta se puede encontrar en este museo de Par\u00eds. Lee c\u00f3mo llegar y qu\u00e9 ver","og_url":"https:\/\/parisconcarlo.com\/es\/museo-de-montmartre\/","og_site_name":"Paris con Carlo","article_published_time":"2022-10-27T13:16:51+00:00","article_modified_time":"2024-04-15T15:20:50+00:00","og_image":[{"width":623,"height":188,"url":"https:\/\/parisconcarlo.com\/es\/wp-content\/uploads\/sites\/4\/2022\/10\/logo-viajes-a-paris.jpeg","type":"image\/jpeg"}],"author":"Carlo Galici","twitter_card":"summary_large_image","twitter_image":"https:\/\/parisconcarlo.com\/es\/wp-content\/uploads\/sites\/4\/2022\/10\/logo-viajes-a-paris.jpeg","twitter_misc":{"Escrito por":"Carlo Galici","Tiempo de lectura":"14 minutos"},"schema":{"@context":"https:\/\/schema.org","@graph":[{"@type":"Article","@id":"https:\/\/parisconcarlo.com\/es\/museo-de-montmartre\/#article","isPartOf":{"@id":"https:\/\/parisconcarlo.com\/es\/museo-de-montmartre\/"},"author":{"name":"Carlo Galici","@id":"https:\/\/parisconcarlo.com\/es\/#\/schema\/person\/50c9697865d01ff2d6201f18aced1111"},"headline":"Museo de Montmartre: entradas, qu\u00e9 ver y c\u00f3mo llegar","datePublished":"2022-10-27T13:16:51+00:00","dateModified":"2024-04-15T15:20:50+00:00","mainEntityOfPage":{"@id":"https:\/\/parisconcarlo.com\/es\/museo-de-montmartre\/"},"wordCount":689,"commentCount":0,"publisher":{"@id":"https:\/\/parisconcarlo.com\/es\/#organization"},"image":{"@id":"https:\/\/parisconcarlo.com\/es\/museo-de-montmartre\/#primaryimage"},"thumbnailUrl":"https:\/\/parisconcarlo.com\/es\/wp-content\/uploads\/sites\/4\/2023\/01\/museo-montmartre-paris.webp","articleSection":["Qu\u00e9 ver en Par\u00eds"],"inLanguage":"es"},{"@type":"WebPage","@id":"https:\/\/parisconcarlo.com\/es\/museo-de-montmartre\/","url":"https:\/\/parisconcarlo.com\/es\/museo-de-montmartre\/","name":"Museo de Montmartre: entradas, c\u00f3mo llegar, qu\u00e9 ver","isPartOf":{"@id":"https:\/\/parisconcarlo.com\/es\/#website"},"primaryImageOfPage":{"@id":"https:\/\/parisconcarlo.com\/es\/museo-de-montmartre\/#primaryimage"},"image":{"@id":"https:\/\/parisconcarlo.com\/es\/museo-de-montmartre\/#primaryimage"},"thumbnailUrl":"https:\/\/parisconcarlo.com\/es\/wp-content\/uploads\/sites\/4\/2023\/01\/museo-montmartre-paris.webp","datePublished":"2022-10-27T13:16:51+00:00","dateModified":"2024-04-15T15:20:50+00:00","description":"\u00bfC\u00f3mo viv\u00edan los pintores en Montmartre? La respuesta a esta pregunta se puede encontrar en este museo de Par\u00eds. Lee c\u00f3mo llegar y qu\u00e9 ver","breadcrumb":{"@id":"https:\/\/parisconcarlo.com\/es\/museo-de-montmartre\/#breadcrumb"},"inLanguage":"es","potentialAction":[{"@type":"ReadAction","target":["https:\/\/parisconcarlo.com\/es\/museo-de-montmartre\/"]}]},{"@type":"ImageObject","inLanguage":"es","@id":"https:\/\/parisconcarlo.com\/es\/museo-de-montmartre\/#primaryimage","url":"https:\/\/parisconcarlo.com\/es\/wp-content\/uploads\/sites\/4\/2023\/01\/museo-montmartre-paris.webp","contentUrl":"https:\/\/parisconcarlo.com\/es\/wp-content\/uploads\/sites\/4\/2023\/01\/museo-montmartre-paris.webp","width":900,"height":600,"caption":"El Museo de Montmartre, Par\u00eds"},{"@type":"BreadcrumbList","@id":"https:\/\/parisconcarlo.com\/es\/museo-de-montmartre\/#breadcrumb","itemListElement":[{"@type":"ListItem","position":1,"name":"Home","item":"https:\/\/parisconcarlo.com\/es\/"},{"@type":"ListItem","position":2,"name":"Qu\u00e9 ver en Par\u00eds","item":"https:\/\/parisconcarlo.com\/es\/que-ver-en-paris\/"},{"@type":"ListItem","position":3,"name":"Museo de Montmartre: entradas, qu\u00e9 ver y c\u00f3mo llegar"}]},{"@type":"WebSite","@id":"https:\/\/parisconcarlo.com\/es\/#website","url":"https:\/\/parisconcarlo.com\/es\/","name":"Paris con Carlo","description":"","publisher":{"@id":"https:\/\/parisconcarlo.com\/es\/#organization"},"potentialAction":[{"@type":"SearchAction","target":{"@type":"EntryPoint","urlTemplate":"https:\/\/parisconcarlo.com\/es\/?s={search_term_string}"},"query-input":{"@type":"PropertyValueSpecification","valueRequired":true,"valueName":"search_term_string"}}],"inLanguage":"es"},{"@type":"Organization","@id":"https:\/\/parisconcarlo.com\/es\/#organization","name":"Paris con Carlo","url":"https:\/\/parisconcarlo.com\/es\/","logo":{"@type":"ImageObject","inLanguage":"es","@id":"https:\/\/parisconcarlo.com\/es\/#\/schema\/logo\/image\/","url":"https:\/\/parisconcarlo.com\/es\/wp-content\/uploads\/sites\/4\/2024\/03\/logo-parisconcarlo-horizontal-live-3.jpg","contentUrl":"https:\/\/parisconcarlo.com\/es\/wp-content\/uploads\/sites\/4\/2024\/03\/logo-parisconcarlo-horizontal-live-3.jpg","width":700,"height":214,"caption":"Paris con Carlo"},"image":{"@id":"https:\/\/parisconcarlo.com\/es\/#\/schema\/logo\/image\/"}},{"@type":"Person","@id":"https:\/\/parisconcarlo.com\/es\/#\/schema\/person\/50c9697865d01ff2d6201f18aced1111","name":"Carlo Galici","image":{"@type":"ImageObject","inLanguage":"es","@id":"https:\/\/parisconcarlo.com\/es\/#\/schema\/person\/image\/","url":"https:\/\/secure.gravatar.com\/avatar\/06ec8e24b85ce32c8ceb183bc6c1b1ebff541395ffd1a8389c806e4b78969839?s=96&d=mm&r=g","contentUrl":"https:\/\/secure.gravatar.com\/avatar\/06ec8e24b85ce32c8ceb183bc6c1b1ebff541395ffd1a8389c806e4b78969839?s=96&d=mm&r=g","caption":"Carlo Galici"},"url":"https:\/\/parisconcarlo.com\/es\/author\/carlogalici\/"}]}},"taxonomy_info":{"category":[{"value":15,"label":"Qu\u00e9 ver en Par\u00eds"}]},"featured_image_src_large":["https:\/\/parisconcarlo.com\/es\/wp-content\/uploads\/sites\/4\/2023\/01\/museo-montmartre-paris.webp",900,600,false],"author_info":{"display_name":"Carlo Galici","author_link":"https:\/\/parisconcarlo.com\/es\/author\/carlogalici\/"},"comment_info":"","category_info":[{"term_id":15,"name":"Qu\u00e9 ver en Par\u00eds","slug":"que-ver-en-paris","term_group":0,"term_taxonomy_id":15,"taxonomy":"category","description":"","parent":0,"count":60,"filter":"raw","cat_ID":15,"category_count":60,"category_description":"","cat_name":"Qu\u00e9 ver en Par\u00eds","category_nicename":"que-ver-en-paris","category_parent":0}],"tag_info":false,"_links":{"self":[{"href":"https:\/\/parisconcarlo.com\/es\/wp-json\/wp\/v2\/posts\/124","targetHints":{"allow":["GET"]}}],"collection":[{"href":"https:\/\/parisconcarlo.com\/es\/wp-json\/wp\/v2\/posts"}],"about":[{"href":"https:\/\/parisconcarlo.com\/es\/wp-json\/wp\/v2\/types\/post"}],"author":[{"embeddable":true,"href":"https:\/\/parisconcarlo.com\/es\/wp-json\/wp\/v2\/users\/4"}],"replies":[{"embeddable":true,"href":"https:\/\/parisconcarlo.com\/es\/wp-json\/wp\/v2\/comments?post=124"}],"version-history":[{"count":0,"href":"https:\/\/parisconcarlo.com\/es\/wp-json\/wp\/v2\/posts\/124\/revisions"}],"wp:featuredmedia":[{"embeddable":true,"href":"https:\/\/parisconcarlo.com\/es\/wp-json\/wp\/v2\/media\/1304"}],"wp:attachment":[{"href":"https:\/\/parisconcarlo.com\/es\/wp-json\/wp\/v2\/media?parent=124"}],"wp:term":[{"taxonomy":"category","embeddable":true,"href":"https:\/\/parisconcarlo.com\/es\/wp-json\/wp\/v2\/categories?post=124"},{"taxonomy":"post_tag","embeddable":true,"href":"https:\/\/parisconcarlo.com\/es\/wp-json\/wp\/v2\/tags?post=124"}],"curies":[{"name":"wp","href":"https:\/\/api.w.org\/{rel}","templated":true}]}}