{"id":115,"date":"2022-10-27T15:08:04","date_gmt":"2022-10-27T13:08:04","guid":{"rendered":"https:\/\/parisconcarlo.com\/es\/?page_id=115"},"modified":"2024-04-15T17:20:50","modified_gmt":"2024-04-15T15:20:50","slug":"museo-de-la-orangerie","status":"publish","type":"post","link":"https:\/\/parisconcarlo.com\/es\/museo-de-la-orangerie\/","title":{"rendered":"Museo de la Orangerie: la galer\u00eda impresionista de Monet"},"content":{"rendered":"<style>.kb-table-of-content-nav.kb-table-of-content-id_2f54b1-3c .kb-table-of-content-wrap{padding-top:var(--global-kb-spacing-sm, 1.5rem);padding-right:var(--global-kb-spacing-sm, 1.5rem);padding-bottom:var(--global-kb-spacing-sm, 1.5rem);padding-left:var(--global-kb-spacing-sm, 1.5rem);background-color:#f2d115;}.kb-table-of-content-nav.kb-table-of-content-id_2f54b1-3c .kb-table-of-contents-title-wrap{padding-top:0px;padding-right:0px;padding-bottom:0px;padding-left:0px;}.kb-table-of-content-nav.kb-table-of-content-id_2f54b1-3c .kb-table-of-contents-title{font-weight:regular;font-style:normal;}.kb-table-of-content-nav.kb-table-of-content-id_2f54b1-3c .kb-table-of-content-wrap .kb-table-of-content-list{font-weight:regular;font-style:normal;margin-top:var(--global-kb-spacing-sm, 1.5rem);margin-right:0px;margin-bottom:0px;margin-left:0px;}.kb-table-of-content-nav.kb-table-of-content-id_2f54b1-3c .kb-toggle-icon-style-basiccircle .kb-table-of-contents-icon-trigger:after, .kb-table-of-content-nav.kb-table-of-content-id_2f54b1-3c .kb-toggle-icon-style-basiccircle .kb-table-of-contents-icon-trigger:before, .kb-table-of-content-nav.kb-table-of-content-id_2f54b1-3c .kb-toggle-icon-style-arrowcircle .kb-table-of-contents-icon-trigger:after, .kb-table-of-content-nav.kb-table-of-content-id_2f54b1-3c .kb-toggle-icon-style-arrowcircle .kb-table-of-contents-icon-trigger:before, .kb-table-of-content-nav.kb-table-of-content-id_2f54b1-3c .kb-toggle-icon-style-xclosecircle .kb-table-of-contents-icon-trigger:after, .kb-table-of-content-nav.kb-table-of-content-id_2f54b1-3c .kb-toggle-icon-style-xclosecircle .kb-table-of-contents-icon-trigger:before{background-color:#f2d115;}<\/style>\n\n\n<h2 class=\"wp-block-heading\">Qu\u00e9 ver en el museo de la Orangerie<\/h2>\n\n\n\n<p>Situada en el <a href=\"https:\/\/parisconcarlo.com\/es\/jardin-de-las-tullerias\/\">jard\u00edn de las Tuller\u00edas<\/a>, m\u00e1s que un museo es una galer\u00eda de arte impresionista y postimpresionista que exhibe dos colecciones:<\/p>\n\n\n<style>.wp-block-kadence-iconlist.kt-svg-icon-list-items_7f544f-42:not(.this-stops-third-party-issues){margin-top:0px;margin-bottom:0px;}.wp-block-kadence-iconlist.kt-svg-icon-list-items_7f544f-42 ul.kt-svg-icon-list:not(.this-prevents-issues):not(.this-stops-third-party-issues):not(.tijsloc){margin-top:0px;margin-right:0px;margin-bottom:var(--global-kb-spacing-sm, 1.5rem);margin-left:0px;}.wp-block-kadence-iconlist.kt-svg-icon-list-items_7f544f-42 ul.kt-svg-icon-list{grid-row-gap:15px;}.wp-block-kadence-iconlist.kt-svg-icon-list-items_7f544f-42 ul.kt-svg-icon-list .kt-svg-icon-list-item-wrap .kt-svg-icon-list-single{margin-right:10px;}.kt-svg-icon-list-items_7f544f-42 ul.kt-svg-icon-list .kt-svg-icon-list-level-0 .kt-svg-icon-list-single svg{font-size:20px;}.kt-svg-icon-list-items_7f544f-42 ul.kt-svg-icon-list .kt-svg-icon-list-level-1 .kt-svg-icon-list-single svg{font-size:20px;}<\/style>\n<div class=\"wp-block-kadence-iconlist kt-svg-icon-list-items kt-svg-icon-list-items_7f544f-42 kt-svg-icon-list-columns-1 alignnone kt-list-icon-aligntop\"><ul class=\"kt-svg-icon-list\"><li class=\"kt-svg-icon-list-style-default kt-svg-icon-list-item-wrap kt-svg-icon-list-item-0 kt-svg-icon-list-level-0\"><div style=\"display:inline-flex;justify-content:center;align-items:center;color:#008000\" class=\"kt-svg-icon-list-single kt-svg-icon-list-single-fas_arrow-alt-circle-right\"><svg style=\"display:inline-block;vertical-align:middle\" viewBox=\"0 0 512 512\" height=\"20\" width=\"20\" fill=\"currentColor\" xmlns=\"http:\/\/www.w3.org\/2000\/svg\" aria-hidden=\"true\"><path d=\"M256 8c137 0 248 111 248 248S393 504 256 504 8 393 8 256 119 8 256 8zM140 300h116v70.9c0 10.7 13 16.1 20.5 8.5l114.3-114.9c4.7-4.7 4.7-12.2 0-16.9l-114.3-115c-7.6-7.6-20.5-2.2-20.5 8.5V212H140c-6.6 0-12 5.4-12 12v64c0 6.6 5.4 12 12 12z\"><\/path><\/svg><\/div><span class=\"kt-svg-icon-list-text\">una selecci\u00f3n de la famosa <strong>serie de pinturas \u00abNen\u00fafares\u00bb de Claude Monet<\/strong>, realizada en su jard\u00edn de Givenchy (Normand\u00eda)<\/span><\/li><li class=\"kt-svg-icon-list-style-default kt-svg-icon-list-item-wrap kt-svg-icon-list-item-1 kt-svg-icon-list-level-0\"><div style=\"display:inline-flex;justify-content:center;align-items:center;color:#008000\" class=\"kt-svg-icon-list-single kt-svg-icon-list-single-fas_arrow-alt-circle-right\"><svg style=\"display:inline-block;vertical-align:middle\" viewBox=\"0 0 512 512\" height=\"20\" width=\"20\" fill=\"currentColor\" xmlns=\"http:\/\/www.w3.org\/2000\/svg\" aria-hidden=\"true\"><path d=\"M256 8c137 0 248 111 248 248S393 504 256 504 8 393 8 256 119 8 256 8zM140 300h116v70.9c0 10.7 13 16.1 20.5 8.5l114.3-114.9c4.7-4.7 4.7-12.2 0-16.9l-114.3-115c-7.6-7.6-20.5-2.2-20.5 8.5V212H140c-6.6 0-12 5.4-12 12v64c0 6.6 5.4 12 12 12z\"><\/path><\/svg><\/div><span class=\"kt-svg-icon-list-text\">la <strong>colecci\u00f3n Walter-Guillame<\/strong> sobre obras de las primeras d\u00e9cadas del siglo XX.<\/span><\/li><\/ul><\/div>\n\n\n\n<div style=\"height:20px\" aria-hidden=\"true\" class=\"wp-block-spacer\"><\/div>\n\n\n\n<p>El lugar elegido para <strong>la galer\u00eda es un invernadero del siglo XIX<\/strong> (tambi\u00e9n llamado jard\u00edn de invierno, es decir, el espacio destinado a la conservaci\u00f3n de los c\u00edtricos en la \u00e9poca m\u00e1s fr\u00eda del a\u00f1o).<\/p>\n\n\n\n<p>Con el tiempo ya hab\u00eda perdido su vocaci\u00f3n y, tras haber sido un espacio multifuncional, el invernadero de naranjos <strong>fue elegido por el propio Claude Monet<\/strong> para albergar sus obras sobre los nen\u00fafares.<\/p>\n\n\n\n<p>El <strong>museo se abri\u00f3 al p\u00fablico en 1927<\/strong> (Monet llevaba muerto unos meses), atrayendo poco inter\u00e9s (el foco en ese momento estaba en las obras de arte de vanguardia); desde 1965 alberga la colecci\u00f3n Walter-Guillame.<\/p>\n\n\n\n<p>El museo estuvo cerrado de 1999 a 2006 por restauraci\u00f3n, el museo hoy se ve as\u00ed:<\/p>\n\n\n<style>.wp-block-kadence-iconlist.kt-svg-icon-list-items_f85717-5f:not(.this-stops-third-party-issues){margin-top:0px;margin-bottom:0px;}.wp-block-kadence-iconlist.kt-svg-icon-list-items_f85717-5f ul.kt-svg-icon-list:not(.this-prevents-issues):not(.this-stops-third-party-issues):not(.tijsloc){margin-top:0px;margin-right:0px;margin-bottom:var(--global-kb-spacing-sm, 1.5rem);margin-left:0px;}.wp-block-kadence-iconlist.kt-svg-icon-list-items_f85717-5f ul.kt-svg-icon-list{grid-row-gap:15px;}.wp-block-kadence-iconlist.kt-svg-icon-list-items_f85717-5f ul.kt-svg-icon-list .kt-svg-icon-list-item-wrap .kt-svg-icon-list-single{margin-right:10px;}.kt-svg-icon-list-items_f85717-5f ul.kt-svg-icon-list .kt-svg-icon-list-level-0 .kt-svg-icon-list-single svg{font-size:20px;}.kt-svg-icon-list-items_f85717-5f ul.kt-svg-icon-list .kt-svg-icon-list-level-1 .kt-svg-icon-list-single svg{font-size:20px;}<\/style>\n<div class=\"wp-block-kadence-iconlist kt-svg-icon-list-items kt-svg-icon-list-items_f85717-5f kt-svg-icon-list-columns-1 alignnone kt-list-icon-aligntop\"><ul class=\"kt-svg-icon-list\"><li class=\"kt-svg-icon-list-style-default kt-svg-icon-list-item-wrap kt-svg-icon-list-item-0 kt-svg-icon-list-level-0\"><div style=\"display:inline-flex;justify-content:center;align-items:center;color:#008000\" class=\"kt-svg-icon-list-single kt-svg-icon-list-single-fas_external-link-square-alt\"><svg style=\"display:inline-block;vertical-align:middle\" viewBox=\"0 0 448 512\" height=\"20\" width=\"20\" fill=\"currentColor\" xmlns=\"http:\/\/www.w3.org\/2000\/svg\" aria-hidden=\"true\"><path d=\"M448 80v352c0 26.51-21.49 48-48 48H48c-26.51 0-48-21.49-48-48V80c0-26.51 21.49-48 48-48h352c26.51 0 48 21.49 48 48zm-88 16H248.029c-21.313 0-32.08 25.861-16.971 40.971l31.984 31.987L67.515 364.485c-4.686 4.686-4.686 12.284 0 16.971l31.029 31.029c4.687 4.686 12.285 4.686 16.971 0l195.526-195.526 31.988 31.991C358.058 263.977 384 253.425 384 231.979V120c0-13.255-10.745-24-24-24z\"><\/path><\/svg><\/div><span class=\"kt-svg-icon-list-text\"><strong>en la planta baja<\/strong>: exposici\u00f3n de 12 de las 250 obras del ciclo \u00ab<strong>Los nen\u00fafares<\/strong>\u00bb de Claude Monet; la concepci\u00f3n espacial es la deseada por el propio artista quien imagin\u00f3 la galer\u00eda como un lugar destinado a la contemplaci\u00f3n de la naturaleza y dominado por la quietud, alejado del frenes\u00ed de la ciudad. Los dos espacios que albergan los lienzos (de unos 2\u00d717 metros) son ovalados y reflejan la idea de Monet de crear una obra unitaria;<\/span><\/li><li class=\"kt-svg-icon-list-style-default kt-svg-icon-list-item-wrap kt-svg-icon-list-item-1 kt-svg-icon-list-level-0\"><div style=\"display:inline-flex;justify-content:center;align-items:center;color:#008000\" class=\"kt-svg-icon-list-single kt-svg-icon-list-single-fas_external-link-square-alt\"><svg style=\"display:inline-block;vertical-align:middle\" viewBox=\"0 0 448 512\" height=\"20\" width=\"20\" fill=\"currentColor\" xmlns=\"http:\/\/www.w3.org\/2000\/svg\" aria-hidden=\"true\"><path d=\"M448 80v352c0 26.51-21.49 48-48 48H48c-26.51 0-48-21.49-48-48V80c0-26.51 21.49-48 48-48h352c26.51 0 48 21.49 48 48zm-88 16H248.029c-21.313 0-32.08 25.861-16.971 40.971l31.984 31.987L67.515 364.485c-4.686 4.686-4.686 12.284 0 16.971l31.029 31.029c4.687 4.686 12.285 4.686 16.971 0l195.526-195.526 31.988 31.991C358.058 263.977 384 253.425 384 231.979V120c0-13.255-10.745-24-24-24z\"><\/path><\/svg><\/div><span class=\"kt-svg-icon-list-text\"><strong>en el piso 2<\/strong>: <strong>obras de la colecci\u00f3n Walter-Guillame<\/strong>. El galerista Paul Guillame fue una figura clave en el panorama art\u00edstico de las primeras d\u00e9cadas del siglo XX, su proyecto de crear una variada colecci\u00f3n para donar al Estado se complet\u00f3 con su esposa, despu\u00e9s de la muerte de Guillaume. La colecci\u00f3n presenta obras ecl\u00e9cticas, impresionistas y clasicistas modernas.<\/span><\/li><\/ul><\/div>\n\n\n\n<div style=\"height:20px\" aria-hidden=\"true\" class=\"wp-block-spacer\"><\/div>\n\n\n<div class=\"wp-block-image\">\n<figure class=\"aligncenter size-full\"><img decoding=\"async\" width=\"600\" height=\"400\" src=\"https:\/\/parisconcarlo.com\/es\/wp-content\/uploads\/sites\/4\/2023\/01\/museo-orangerie-monet-paris.webp\" alt=\"Una pintura de Monet en el Museo Orangerie de Par\u00eds\" class=\"wp-image-1298\" srcset=\"https:\/\/parisconcarlo.com\/es\/wp-content\/uploads\/sites\/4\/2023\/01\/museo-orangerie-monet-paris.webp 600w, https:\/\/parisconcarlo.com\/es\/wp-content\/uploads\/sites\/4\/2023\/01\/museo-orangerie-monet-paris-300x200.webp 300w\" sizes=\"(max-width: 600px) 100vw, 600px\" \/><figcaption class=\"wp-element-caption\">Una pintura de Monet en el Museo Orangerie de Par\u00eds<\/figcaption><\/figure>\n<\/div>\n\n\n<p>Partimos de las obras de artistas establecidos, cuyo canon art\u00edstico no fue cuestionado (Renoir y Cezanne), pasamos a Rousseau, Modigliani, Laurencin primero y luego Matisse (autores que rechazan las convenciones art\u00edsticas, para abrazar nuevas formas), para llegar a las obras de Picasso y Derain (artista del que Guillame fue su mayor valedor, presente con 28 obras), con la vuelta al orden en el que priman las l\u00edneas sobre los colores.<\/p>\n\n\n\n<p>Las atormentadas obras de Utrillo y Soutine (la colecci\u00f3n m\u00e1s rica de Europa) cierran la exposici\u00f3n.<\/p>\n\n\n\n<h3 class=\"wp-block-heading\">En detalle, las habitaciones est\u00e1n organizadas de la siguiente manera.<\/h3>\n\n\n\n<ul class=\"wp-block-list\">\n<li>espacio 6: habitaci\u00f3n de Paul Guillame;<\/li>\n\n\n\n<li>espacio 7: reproducci\u00f3n de interiores;<\/li>\n\n\n\n<li>espacio 8: <strong>Renoir<\/strong> (incluyendo \u00abBa\u00f1ista de pelo largo\u00bb, \u00abGabrielle y Jean\u00bb, \u00abClaude Renoir disfrazado de payaso\u00bb)<\/li>\n\n\n\n<li>espacio 9 y 10: Cezanne (incluyendo \u00abRetrato de Madame Cezanne\u00bb, \u00ab\u00c1rboles y casas\u00bb, \u00abDesayuno sobre la hierba\u00bb);<\/li>\n\n\n\n<li>espacio 11: Matisse (incluyendo \u00abLas tres hermanas\u00bb, \u00abOdalisca con pantalones grises\u00bb), Picasso (incluyendo \u00abLos adolescentes\u00bb, \u00abGran naturaleza muerta\u00bb);<\/li>\n\n\n\n<li>espacio 12: Modigliani (incluido el retrato del propio Paul Guillame), Derain, Laurencin (incluido \u201cRetrato de Madame Chanel\u201d);<\/li>\n\n\n\n<li>espacio 13: Rousseau (entre los que destacan \u201cEl matrimonio, \u201cEl barco en una tormenta\u201d);<\/li>\n\n\n\n<li>espacio 14 y 15: Utrillo (incluye \u201cNotre Dame\u201d, \u201cMaison Bemot\u201d), Soutine (incluye \u201cPaisaje\u201d, \u201cEl peque\u00f1o pastelero\u201d, \u201cLa liebre\u201d);<\/li>\n\n\n\n<li>espacio 16: exposiciones temporales.<\/li>\n<\/ul>\n\n\n\n<h2 class=\"wp-block-heading\">Info Pr\u00e1cticas y compra de entradas<\/h2>\n\n\n\n<h3 class=\"wp-block-heading\">Tours y entradas<\/h3>\n\n\n\n<p>La entrada completa cuesta 13,50 \u20ac. Las entradas est\u00e1n incluidas en el <a href=\"https:\/\/parisconcarlo.com\/es\/paris-pass-y-paris-museum-pass-cual-conviene\/\">Paris Pass<\/a>.<\/p>\n\n\n\n<div data-gyg-href=\"https:\/\/widget.getyourguide.com\/default\/availability.frame\" data-gyg-tour-id=\"97386\" data-gyg-locale-code=\"es-ES\" data-gyg-currency=\"EUR\" data-gyg-widget=\"availability\" data-gyg-theme=\"light\" data-gyg-variant=\"horizontal\" data-gyg-partner-id=\"EXCD7A5\" data-gyg-placement=\"content-middle\" data-gyg-cmp=\"paom3-orangerie\"><\/div>\n\n\n\n<div style=\"height:20px\" aria-hidden=\"true\" class=\"wp-block-spacer\"><\/div>\n\n\n\n<h2 class=\"wp-block-heading\">Mapa: qu\u00e9 ver cerca<\/h2>\n\n\n\n","protected":false},"excerpt":{"rendered":"<p>Qu\u00e9 ver en el museo de la Orangerie Situada en el jard\u00edn de las Tuller\u00edas, m\u00e1s que un museo es una galer\u00eda de arte impresionista y postimpresionista que exhibe dos colecciones: El lugar elegido para la galer\u00eda es un invernadero del siglo XIX (tambi\u00e9n llamado jard\u00edn de invierno, es decir, el espacio destinado a la&#8230;<\/p>\n","protected":false},"author":4,"featured_media":1299,"comment_status":"open","ping_status":"closed","sticky":false,"template":"","format":"standard","meta":{"_kad_blocks_custom_css":"","_kad_blocks_head_custom_js":"","_kad_blocks_body_custom_js":"","_kad_blocks_footer_custom_js":"","_kad_post_transparent":"","_kad_post_title":"","_kad_post_layout":"","_kad_post_sidebar_id":"","_kad_post_content_style":"","_kad_post_vertical_padding":"","_kad_post_feature":"","_kad_post_feature_position":"","_kad_post_header":false,"_kad_post_footer":false,"_kad_post_classname":"","footnotes":""},"categories":[15],"tags":[],"class_list":["post-115","post","type-post","status-publish","format-standard","has-post-thumbnail","hentry","category-que-ver-en-paris"],"yoast_head":"<!-- This site is optimized with the Yoast SEO plugin v27.1.1 - https:\/\/yoast.com\/product\/yoast-seo-wordpress\/ -->\n<title>Mus\u00e9e de l&#039;Orangerie, Par\u00eds: la galer\u00eda impresionista de Monet<\/title>\n<meta name=\"description\" content=\"El museo de la Orangerie de Par\u00eds con las obras de Monet. Se encuentra en los Jardines de las Tuller\u00edas. Obtenga m\u00e1s informaci\u00f3n sobre los artistas expuestos.\" \/>\n<meta name=\"robots\" content=\"index, follow, max-snippet:-1, max-image-preview:large, max-video-preview:-1\" \/>\n<link rel=\"canonical\" href=\"https:\/\/parisconcarlo.com\/es\/museo-de-la-orangerie\/\" \/>\n<meta property=\"og:locale\" content=\"es_ES\" \/>\n<meta property=\"og:type\" content=\"article\" \/>\n<meta property=\"og:title\" content=\"Mus\u00e9e de l&#039;Orangerie, Par\u00eds: la galer\u00eda impresionista de Monet\" \/>\n<meta property=\"og:description\" content=\"El museo de la Orangerie de Par\u00eds con las obras de Monet. Se encuentra en los Jardines de las Tuller\u00edas. Obtenga m\u00e1s informaci\u00f3n sobre los artistas expuestos.\" \/>\n<meta property=\"og:url\" content=\"https:\/\/parisconcarlo.com\/es\/museo-de-la-orangerie\/\" \/>\n<meta property=\"og:site_name\" content=\"Paris con Carlo\" \/>\n<meta property=\"article:published_time\" content=\"2022-10-27T13:08:04+00:00\" \/>\n<meta property=\"article:modified_time\" content=\"2024-04-15T15:20:50+00:00\" \/>\n<meta property=\"og:image\" content=\"https:\/\/parisconcarlo.com\/es\/wp-content\/uploads\/sites\/4\/2022\/10\/logo-viajes-a-paris.jpeg\" \/>\n\t<meta property=\"og:image:width\" content=\"623\" \/>\n\t<meta property=\"og:image:height\" content=\"188\" \/>\n\t<meta property=\"og:image:type\" content=\"image\/jpeg\" \/>\n<meta name=\"author\" content=\"Carlo Galici\" \/>\n<meta name=\"twitter:card\" content=\"summary_large_image\" \/>\n<meta name=\"twitter:image\" content=\"https:\/\/parisconcarlo.com\/es\/wp-content\/uploads\/sites\/4\/2022\/10\/logo-viajes-a-paris.jpeg\" \/>\n<meta name=\"twitter:label1\" content=\"Escrito por\" \/>\n\t<meta name=\"twitter:data1\" content=\"Carlo Galici\" \/>\n\t<meta name=\"twitter:label2\" content=\"Tiempo de lectura\" \/>\n\t<meta name=\"twitter:data2\" content=\"17 minutos\" \/>\n<script type=\"application\/ld+json\" class=\"yoast-schema-graph\">{\"@context\":\"https:\/\/schema.org\",\"@graph\":[{\"@type\":\"Article\",\"@id\":\"https:\/\/parisconcarlo.com\/es\/museo-de-la-orangerie\/#article\",\"isPartOf\":{\"@id\":\"https:\/\/parisconcarlo.com\/es\/museo-de-la-orangerie\/\"},\"author\":{\"name\":\"Carlo Galici\",\"@id\":\"https:\/\/parisconcarlo.com\/es\/#\/schema\/person\/50c9697865d01ff2d6201f18aced1111\"},\"headline\":\"Museo de la Orangerie: la galer\u00eda impresionista de Monet\",\"datePublished\":\"2022-10-27T13:08:04+00:00\",\"dateModified\":\"2024-04-15T15:20:50+00:00\",\"mainEntityOfPage\":{\"@id\":\"https:\/\/parisconcarlo.com\/es\/museo-de-la-orangerie\/\"},\"wordCount\":604,\"commentCount\":0,\"publisher\":{\"@id\":\"https:\/\/parisconcarlo.com\/es\/#organization\"},\"image\":{\"@id\":\"https:\/\/parisconcarlo.com\/es\/museo-de-la-orangerie\/#primaryimage\"},\"thumbnailUrl\":\"https:\/\/parisconcarlo.com\/es\/wp-content\/uploads\/sites\/4\/2023\/01\/museo-orangerie-paris.webp\",\"articleSection\":[\"Qu\u00e9 ver en Par\u00eds\"],\"inLanguage\":\"es\"},{\"@type\":\"WebPage\",\"@id\":\"https:\/\/parisconcarlo.com\/es\/museo-de-la-orangerie\/\",\"url\":\"https:\/\/parisconcarlo.com\/es\/museo-de-la-orangerie\/\",\"name\":\"Mus\u00e9e de l'Orangerie, Par\u00eds: la galer\u00eda impresionista de Monet\",\"isPartOf\":{\"@id\":\"https:\/\/parisconcarlo.com\/es\/#website\"},\"primaryImageOfPage\":{\"@id\":\"https:\/\/parisconcarlo.com\/es\/museo-de-la-orangerie\/#primaryimage\"},\"image\":{\"@id\":\"https:\/\/parisconcarlo.com\/es\/museo-de-la-orangerie\/#primaryimage\"},\"thumbnailUrl\":\"https:\/\/parisconcarlo.com\/es\/wp-content\/uploads\/sites\/4\/2023\/01\/museo-orangerie-paris.webp\",\"datePublished\":\"2022-10-27T13:08:04+00:00\",\"dateModified\":\"2024-04-15T15:20:50+00:00\",\"description\":\"El museo de la Orangerie de Par\u00eds con las obras de Monet. Se encuentra en los Jardines de las Tuller\u00edas. Obtenga m\u00e1s informaci\u00f3n sobre los artistas expuestos.\",\"breadcrumb\":{\"@id\":\"https:\/\/parisconcarlo.com\/es\/museo-de-la-orangerie\/#breadcrumb\"},\"inLanguage\":\"es\",\"potentialAction\":[{\"@type\":\"ReadAction\",\"target\":[\"https:\/\/parisconcarlo.com\/es\/museo-de-la-orangerie\/\"]}]},{\"@type\":\"ImageObject\",\"inLanguage\":\"es\",\"@id\":\"https:\/\/parisconcarlo.com\/es\/museo-de-la-orangerie\/#primaryimage\",\"url\":\"https:\/\/parisconcarlo.com\/es\/wp-content\/uploads\/sites\/4\/2023\/01\/museo-orangerie-paris.webp\",\"contentUrl\":\"https:\/\/parisconcarlo.com\/es\/wp-content\/uploads\/sites\/4\/2023\/01\/museo-orangerie-paris.webp\",\"width\":900,\"height\":600,\"caption\":\"El Museo de la Orangerie de Par\u00eds es una galeria de arte impresionista\"},{\"@type\":\"BreadcrumbList\",\"@id\":\"https:\/\/parisconcarlo.com\/es\/museo-de-la-orangerie\/#breadcrumb\",\"itemListElement\":[{\"@type\":\"ListItem\",\"position\":1,\"name\":\"Home\",\"item\":\"https:\/\/parisconcarlo.com\/es\/\"},{\"@type\":\"ListItem\",\"position\":2,\"name\":\"Qu\u00e9 ver en Par\u00eds\",\"item\":\"https:\/\/parisconcarlo.com\/es\/que-ver-en-paris\/\"},{\"@type\":\"ListItem\",\"position\":3,\"name\":\"Museo de la Orangerie: la galer\u00eda impresionista de Monet\"}]},{\"@type\":\"WebSite\",\"@id\":\"https:\/\/parisconcarlo.com\/es\/#website\",\"url\":\"https:\/\/parisconcarlo.com\/es\/\",\"name\":\"Paris con Carlo\",\"description\":\"\",\"publisher\":{\"@id\":\"https:\/\/parisconcarlo.com\/es\/#organization\"},\"potentialAction\":[{\"@type\":\"SearchAction\",\"target\":{\"@type\":\"EntryPoint\",\"urlTemplate\":\"https:\/\/parisconcarlo.com\/es\/?s={search_term_string}\"},\"query-input\":{\"@type\":\"PropertyValueSpecification\",\"valueRequired\":true,\"valueName\":\"search_term_string\"}}],\"inLanguage\":\"es\"},{\"@type\":\"Organization\",\"@id\":\"https:\/\/parisconcarlo.com\/es\/#organization\",\"name\":\"Paris con Carlo\",\"url\":\"https:\/\/parisconcarlo.com\/es\/\",\"logo\":{\"@type\":\"ImageObject\",\"inLanguage\":\"es\",\"@id\":\"https:\/\/parisconcarlo.com\/es\/#\/schema\/logo\/image\/\",\"url\":\"https:\/\/parisconcarlo.com\/es\/wp-content\/uploads\/sites\/4\/2024\/03\/logo-parisconcarlo-horizontal-live-3.jpg\",\"contentUrl\":\"https:\/\/parisconcarlo.com\/es\/wp-content\/uploads\/sites\/4\/2024\/03\/logo-parisconcarlo-horizontal-live-3.jpg\",\"width\":700,\"height\":214,\"caption\":\"Paris con Carlo\"},\"image\":{\"@id\":\"https:\/\/parisconcarlo.com\/es\/#\/schema\/logo\/image\/\"}},{\"@type\":\"Person\",\"@id\":\"https:\/\/parisconcarlo.com\/es\/#\/schema\/person\/50c9697865d01ff2d6201f18aced1111\",\"name\":\"Carlo Galici\",\"image\":{\"@type\":\"ImageObject\",\"inLanguage\":\"es\",\"@id\":\"https:\/\/parisconcarlo.com\/es\/#\/schema\/person\/image\/\",\"url\":\"https:\/\/secure.gravatar.com\/avatar\/06ec8e24b85ce32c8ceb183bc6c1b1ebff541395ffd1a8389c806e4b78969839?s=96&d=mm&r=g\",\"contentUrl\":\"https:\/\/secure.gravatar.com\/avatar\/06ec8e24b85ce32c8ceb183bc6c1b1ebff541395ffd1a8389c806e4b78969839?s=96&d=mm&r=g\",\"caption\":\"Carlo Galici\"},\"url\":\"https:\/\/parisconcarlo.com\/es\/author\/carlogalici\/\"}]}<\/script>\n<!-- \/ Yoast SEO plugin. -->","yoast_head_json":{"title":"Mus\u00e9e de l'Orangerie, Par\u00eds: la galer\u00eda impresionista de Monet","description":"El museo de la Orangerie de Par\u00eds con las obras de Monet. Se encuentra en los Jardines de las Tuller\u00edas. Obtenga m\u00e1s informaci\u00f3n sobre los artistas expuestos.","robots":{"index":"index","follow":"follow","max-snippet":"max-snippet:-1","max-image-preview":"max-image-preview:large","max-video-preview":"max-video-preview:-1"},"canonical":"https:\/\/parisconcarlo.com\/es\/museo-de-la-orangerie\/","og_locale":"es_ES","og_type":"article","og_title":"Mus\u00e9e de l'Orangerie, Par\u00eds: la galer\u00eda impresionista de Monet","og_description":"El museo de la Orangerie de Par\u00eds con las obras de Monet. Se encuentra en los Jardines de las Tuller\u00edas. Obtenga m\u00e1s informaci\u00f3n sobre los artistas expuestos.","og_url":"https:\/\/parisconcarlo.com\/es\/museo-de-la-orangerie\/","og_site_name":"Paris con Carlo","article_published_time":"2022-10-27T13:08:04+00:00","article_modified_time":"2024-04-15T15:20:50+00:00","og_image":[{"width":623,"height":188,"url":"https:\/\/parisconcarlo.com\/es\/wp-content\/uploads\/sites\/4\/2022\/10\/logo-viajes-a-paris.jpeg","type":"image\/jpeg"}],"author":"Carlo Galici","twitter_card":"summary_large_image","twitter_image":"https:\/\/parisconcarlo.com\/es\/wp-content\/uploads\/sites\/4\/2022\/10\/logo-viajes-a-paris.jpeg","twitter_misc":{"Escrito por":"Carlo Galici","Tiempo de lectura":"17 minutos"},"schema":{"@context":"https:\/\/schema.org","@graph":[{"@type":"Article","@id":"https:\/\/parisconcarlo.com\/es\/museo-de-la-orangerie\/#article","isPartOf":{"@id":"https:\/\/parisconcarlo.com\/es\/museo-de-la-orangerie\/"},"author":{"name":"Carlo Galici","@id":"https:\/\/parisconcarlo.com\/es\/#\/schema\/person\/50c9697865d01ff2d6201f18aced1111"},"headline":"Museo de la Orangerie: la galer\u00eda impresionista de Monet","datePublished":"2022-10-27T13:08:04+00:00","dateModified":"2024-04-15T15:20:50+00:00","mainEntityOfPage":{"@id":"https:\/\/parisconcarlo.com\/es\/museo-de-la-orangerie\/"},"wordCount":604,"commentCount":0,"publisher":{"@id":"https:\/\/parisconcarlo.com\/es\/#organization"},"image":{"@id":"https:\/\/parisconcarlo.com\/es\/museo-de-la-orangerie\/#primaryimage"},"thumbnailUrl":"https:\/\/parisconcarlo.com\/es\/wp-content\/uploads\/sites\/4\/2023\/01\/museo-orangerie-paris.webp","articleSection":["Qu\u00e9 ver en Par\u00eds"],"inLanguage":"es"},{"@type":"WebPage","@id":"https:\/\/parisconcarlo.com\/es\/museo-de-la-orangerie\/","url":"https:\/\/parisconcarlo.com\/es\/museo-de-la-orangerie\/","name":"Mus\u00e9e de l'Orangerie, Par\u00eds: la galer\u00eda impresionista de Monet","isPartOf":{"@id":"https:\/\/parisconcarlo.com\/es\/#website"},"primaryImageOfPage":{"@id":"https:\/\/parisconcarlo.com\/es\/museo-de-la-orangerie\/#primaryimage"},"image":{"@id":"https:\/\/parisconcarlo.com\/es\/museo-de-la-orangerie\/#primaryimage"},"thumbnailUrl":"https:\/\/parisconcarlo.com\/es\/wp-content\/uploads\/sites\/4\/2023\/01\/museo-orangerie-paris.webp","datePublished":"2022-10-27T13:08:04+00:00","dateModified":"2024-04-15T15:20:50+00:00","description":"El museo de la Orangerie de Par\u00eds con las obras de Monet. Se encuentra en los Jardines de las Tuller\u00edas. Obtenga m\u00e1s informaci\u00f3n sobre los artistas expuestos.","breadcrumb":{"@id":"https:\/\/parisconcarlo.com\/es\/museo-de-la-orangerie\/#breadcrumb"},"inLanguage":"es","potentialAction":[{"@type":"ReadAction","target":["https:\/\/parisconcarlo.com\/es\/museo-de-la-orangerie\/"]}]},{"@type":"ImageObject","inLanguage":"es","@id":"https:\/\/parisconcarlo.com\/es\/museo-de-la-orangerie\/#primaryimage","url":"https:\/\/parisconcarlo.com\/es\/wp-content\/uploads\/sites\/4\/2023\/01\/museo-orangerie-paris.webp","contentUrl":"https:\/\/parisconcarlo.com\/es\/wp-content\/uploads\/sites\/4\/2023\/01\/museo-orangerie-paris.webp","width":900,"height":600,"caption":"El Museo de la Orangerie de Par\u00eds es una galeria de arte impresionista"},{"@type":"BreadcrumbList","@id":"https:\/\/parisconcarlo.com\/es\/museo-de-la-orangerie\/#breadcrumb","itemListElement":[{"@type":"ListItem","position":1,"name":"Home","item":"https:\/\/parisconcarlo.com\/es\/"},{"@type":"ListItem","position":2,"name":"Qu\u00e9 ver en Par\u00eds","item":"https:\/\/parisconcarlo.com\/es\/que-ver-en-paris\/"},{"@type":"ListItem","position":3,"name":"Museo de la Orangerie: la galer\u00eda impresionista de Monet"}]},{"@type":"WebSite","@id":"https:\/\/parisconcarlo.com\/es\/#website","url":"https:\/\/parisconcarlo.com\/es\/","name":"Paris con Carlo","description":"","publisher":{"@id":"https:\/\/parisconcarlo.com\/es\/#organization"},"potentialAction":[{"@type":"SearchAction","target":{"@type":"EntryPoint","urlTemplate":"https:\/\/parisconcarlo.com\/es\/?s={search_term_string}"},"query-input":{"@type":"PropertyValueSpecification","valueRequired":true,"valueName":"search_term_string"}}],"inLanguage":"es"},{"@type":"Organization","@id":"https:\/\/parisconcarlo.com\/es\/#organization","name":"Paris con Carlo","url":"https:\/\/parisconcarlo.com\/es\/","logo":{"@type":"ImageObject","inLanguage":"es","@id":"https:\/\/parisconcarlo.com\/es\/#\/schema\/logo\/image\/","url":"https:\/\/parisconcarlo.com\/es\/wp-content\/uploads\/sites\/4\/2024\/03\/logo-parisconcarlo-horizontal-live-3.jpg","contentUrl":"https:\/\/parisconcarlo.com\/es\/wp-content\/uploads\/sites\/4\/2024\/03\/logo-parisconcarlo-horizontal-live-3.jpg","width":700,"height":214,"caption":"Paris con Carlo"},"image":{"@id":"https:\/\/parisconcarlo.com\/es\/#\/schema\/logo\/image\/"}},{"@type":"Person","@id":"https:\/\/parisconcarlo.com\/es\/#\/schema\/person\/50c9697865d01ff2d6201f18aced1111","name":"Carlo Galici","image":{"@type":"ImageObject","inLanguage":"es","@id":"https:\/\/parisconcarlo.com\/es\/#\/schema\/person\/image\/","url":"https:\/\/secure.gravatar.com\/avatar\/06ec8e24b85ce32c8ceb183bc6c1b1ebff541395ffd1a8389c806e4b78969839?s=96&d=mm&r=g","contentUrl":"https:\/\/secure.gravatar.com\/avatar\/06ec8e24b85ce32c8ceb183bc6c1b1ebff541395ffd1a8389c806e4b78969839?s=96&d=mm&r=g","caption":"Carlo Galici"},"url":"https:\/\/parisconcarlo.com\/es\/author\/carlogalici\/"}]}},"taxonomy_info":{"category":[{"value":15,"label":"Qu\u00e9 ver en Par\u00eds"}]},"featured_image_src_large":["https:\/\/parisconcarlo.com\/es\/wp-content\/uploads\/sites\/4\/2023\/01\/museo-orangerie-paris.webp",900,600,false],"author_info":{"display_name":"Carlo Galici","author_link":"https:\/\/parisconcarlo.com\/es\/author\/carlogalici\/"},"comment_info":"","category_info":[{"term_id":15,"name":"Qu\u00e9 ver en Par\u00eds","slug":"que-ver-en-paris","term_group":0,"term_taxonomy_id":15,"taxonomy":"category","description":"","parent":0,"count":60,"filter":"raw","cat_ID":15,"category_count":60,"category_description":"","cat_name":"Qu\u00e9 ver en Par\u00eds","category_nicename":"que-ver-en-paris","category_parent":0}],"tag_info":false,"_links":{"self":[{"href":"https:\/\/parisconcarlo.com\/es\/wp-json\/wp\/v2\/posts\/115","targetHints":{"allow":["GET"]}}],"collection":[{"href":"https:\/\/parisconcarlo.com\/es\/wp-json\/wp\/v2\/posts"}],"about":[{"href":"https:\/\/parisconcarlo.com\/es\/wp-json\/wp\/v2\/types\/post"}],"author":[{"embeddable":true,"href":"https:\/\/parisconcarlo.com\/es\/wp-json\/wp\/v2\/users\/4"}],"replies":[{"embeddable":true,"href":"https:\/\/parisconcarlo.com\/es\/wp-json\/wp\/v2\/comments?post=115"}],"version-history":[{"count":0,"href":"https:\/\/parisconcarlo.com\/es\/wp-json\/wp\/v2\/posts\/115\/revisions"}],"wp:featuredmedia":[{"embeddable":true,"href":"https:\/\/parisconcarlo.com\/es\/wp-json\/wp\/v2\/media\/1299"}],"wp:attachment":[{"href":"https:\/\/parisconcarlo.com\/es\/wp-json\/wp\/v2\/media?parent=115"}],"wp:term":[{"taxonomy":"category","embeddable":true,"href":"https:\/\/parisconcarlo.com\/es\/wp-json\/wp\/v2\/categories?post=115"},{"taxonomy":"post_tag","embeddable":true,"href":"https:\/\/parisconcarlo.com\/es\/wp-json\/wp\/v2\/tags?post=115"}],"curies":[{"name":"wp","href":"https:\/\/api.w.org\/{rel}","templated":true}]}}