{"id":107,"date":"2022-10-27T12:45:52","date_gmt":"2022-10-27T10:45:52","guid":{"rendered":"https:\/\/parisconcarlo.com\/es\/?page_id=107"},"modified":"2024-04-15T17:20:50","modified_gmt":"2024-04-15T15:20:50","slug":"montparnasse","status":"publish","type":"post","link":"https:\/\/parisconcarlo.com\/es\/montparnasse\/","title":{"rendered":"Montparnasse: qu\u00e9 ver, d\u00f3nde comer, d\u00f3nde alojarse"},"content":{"rendered":"\n<p>Par\u00eds est\u00e1 dividida en 20 distritos administrativos, llamados arrondissement, que no siempre corresponden a barrios, y que est\u00e1n numerados del 1 al 20 en progresi\u00f3n espiral, partiendo del centro geogr\u00e1fico de la ciudad.<\/p>\n\n\n\n<p>La configuraci\u00f3n actual se remonta a 1860, cuando muchas \u00e1reas fuera del \u00e1rea de la ciudad vieja fueron anexadas al municipio de Par\u00eds.<\/p>\n\n\n<style>.kb-table-of-content-nav.kb-table-of-content-id_2f54b1-3c .kb-table-of-content-wrap{padding-top:var(--global-kb-spacing-sm, 1.5rem);padding-right:var(--global-kb-spacing-sm, 1.5rem);padding-bottom:var(--global-kb-spacing-sm, 1.5rem);padding-left:var(--global-kb-spacing-sm, 1.5rem);background-color:#f2d115;}.kb-table-of-content-nav.kb-table-of-content-id_2f54b1-3c .kb-table-of-contents-title-wrap{padding-top:0px;padding-right:0px;padding-bottom:0px;padding-left:0px;}.kb-table-of-content-nav.kb-table-of-content-id_2f54b1-3c .kb-table-of-contents-title{font-weight:regular;font-style:normal;}.kb-table-of-content-nav.kb-table-of-content-id_2f54b1-3c .kb-table-of-content-wrap .kb-table-of-content-list{font-weight:regular;font-style:normal;margin-top:var(--global-kb-spacing-sm, 1.5rem);margin-right:0px;margin-bottom:0px;margin-left:0px;}.kb-table-of-content-nav.kb-table-of-content-id_2f54b1-3c .kb-toggle-icon-style-basiccircle .kb-table-of-contents-icon-trigger:after, .kb-table-of-content-nav.kb-table-of-content-id_2f54b1-3c .kb-toggle-icon-style-basiccircle .kb-table-of-contents-icon-trigger:before, .kb-table-of-content-nav.kb-table-of-content-id_2f54b1-3c .kb-toggle-icon-style-arrowcircle .kb-table-of-contents-icon-trigger:after, .kb-table-of-content-nav.kb-table-of-content-id_2f54b1-3c .kb-toggle-icon-style-arrowcircle .kb-table-of-contents-icon-trigger:before, .kb-table-of-content-nav.kb-table-of-content-id_2f54b1-3c .kb-toggle-icon-style-xclosecircle .kb-table-of-contents-icon-trigger:after, .kb-table-of-content-nav.kb-table-of-content-id_2f54b1-3c .kb-toggle-icon-style-xclosecircle .kb-table-of-contents-icon-trigger:before{background-color:#f2d115;}<\/style>\n\n\n<h2 class=\"wp-block-heading\">\u00bfD\u00f3nde est\u00e1 Montparnasse?<\/h2>\n\n\n\n<p><strong>El distrito de Montparnasse se extiende entre los distritos 6, 14 y 15<\/strong> cubriendo un \u00e1rea que va aproximadamente desde el Boulevard du Montparnasse al norte hasta la plaza Denfert-Rochereau al sur, una plaza estrat\u00e9gica para las conexiones, ya que all\u00ed se encuentra la estaci\u00f3n de autobuses a y del aeropuerto de Orly, as\u00ed como de la estaci\u00f3n de metro. <\/p>\n\n\n\n<p>Montparnasse est\u00e1 cerca de otros barrios y atracciones que vale la pena visitar, como <a href=\"https:\/\/parisconcarlo.com\/es\/saint-germain-des-pres\/\">St. Germain des Pr\u00e9s<\/a> y los Jardines de Luxemburgo.<\/p>\n\n\n\n<h2 class=\"wp-block-heading\">Hechos historicos en breve<\/h2>\n\n\n\n<p>Este distrito est\u00e1 situado en una zona que <strong>en el pasado era puramente rural<\/strong>, dominada por las granjas, tanto que todav\u00eda est\u00e1 presente un molino de viento sin aspas en el <strong>interior del cementerio de Montparnasse<\/strong>.<\/p>\n\n\n\n<h3 class=\"wp-block-heading\">Porque se llama Montparnasse<\/h3>\n\n\n\n<p>A partir del siglo XVI, sin embargo, la zona estuvo sujeta al dep\u00f3sito y descarga de material de desecho de las canteras cercanas hasta el punto de asumir la apariencia de una colina.<\/p>\n\n\n\n<p>En los siglos siguientes la <strong>zona se convirti\u00f3 en destino de estudiantes y pensadores<\/strong> del cercano <a href=\"https:\/\/parisconcarlo.com\/es\/barrio-latino-paris\/\">Barrio Latino<\/a> y en forja de intercambio de ideas, as\u00ed como lugar de encuentro de numerosos artistas y fil\u00f3sofos.<\/p>\n\n\n\n<p>Por eso, <strong>algunos estudiosos de la Sorbona compararon esa colina con el monte Parnaso<\/strong>, en Grecia, lugar de culto consagrado al dios Apolo y las Musas y fuente de inspiraci\u00f3n literaria. A partir de aqu\u00ed, el barrio tom\u00f3 su nombre actual, <strong>MontParnasse<\/strong>, ya en el siglo XVII.<\/p>\n\n\n\n<p>En los siglos siguientes, XIX y XX, el barrio fue un <strong>ferviente lugar de intercambio cultural<\/strong> y punto de encuentro de artistas de la talla de Picasso, Modigliani, Kandinsky, Chagall, Hemingway, Miller y muchos otros.<\/p>\n\n\n\n<p><strong>Muchos de los caf\u00e9s y clubes literarios frecuentados por estas altas personalidades siguen presentes<\/strong> en el barrio hoy en d\u00eda y son tambi\u00e9n lugares de culto que hay que visitar absolutamente. <\/p>\n\n\n\n<p>En un per\u00edodo de crecimiento y fervor cient\u00edfico, art\u00edstico y cultural de finales del siglo XIX y XX, conocido como la <strong>Belle Epoque<\/strong>, Par\u00eds era uno de los lugares m\u00e1s animados y el barrio de Montparnasse, as\u00ed como <a href=\"https:\/\/parisconcarlo.com\/es\/montmartre\/\">Montmartre<\/a> y el barrio latino, representaban bien el impulso innovador.<\/p>\n\n\n\n<h2 class=\"wp-block-heading\">Qu\u00e9 ver en Montparnasse<\/h2>\n\n\n\n<p>El barrio est\u00e1 <strong>atravesado por el majestuoso Boulevard du Montparnasse<\/strong>, que, en l\u00ednea recta, est\u00e1 exactamente en l\u00ednea con la <a href=\"https:\/\/parisconcarlo.com\/es\/torre-eiffel\/\">Torre Eiffel<\/a> que, de hecho, es visible desde casi toda la avenida.<\/p>\n\n\n\n<p>Hay muchos sitios de inter\u00e9s en el barrio, as\u00ed que despu\u00e9s de un agradable paseo por el Boulevard du Montparnasse y una parada en uno de los muchos caf\u00e9s, puedes disfrutar de la mejor vista de la ciudad subiendo a la imponente torre ubicada justo en frente del estaci\u00f3n.<\/p>\n\n\n\n<h3 class=\"wp-block-heading\">Tour Montparnasse<\/h3>\n\n\n<div class=\"wp-block-image\">\n<figure class=\"aligncenter size-full\"><img decoding=\"async\" width=\"700\" height=\"700\" src=\"https:\/\/parisconcarlo.com\/es\/wp-content\/uploads\/sites\/4\/2023\/01\/torre-montparnasse-paris.webp\" alt=\"Torre Montparnasse, Par\u00eds\" class=\"wp-image-1262\" srcset=\"https:\/\/parisconcarlo.com\/es\/wp-content\/uploads\/sites\/4\/2023\/01\/torre-montparnasse-paris.webp 700w, https:\/\/parisconcarlo.com\/es\/wp-content\/uploads\/sites\/4\/2023\/01\/torre-montparnasse-paris-300x300.webp 300w, https:\/\/parisconcarlo.com\/es\/wp-content\/uploads\/sites\/4\/2023\/01\/torre-montparnasse-paris-150x150.webp 150w\" sizes=\"(max-width: 700px) 100vw, 700px\" \/><figcaption class=\"wp-element-caption\">Torre Montparnasse, Par\u00eds<\/figcaption><\/figure>\n<\/div>\n\n\n<p>La <strong><a href=\"https:\/\/parisconcarlo.com\/es\/torre-montparnasse\/\">Torre Montparnasse<\/a> domina el distrito<\/strong> desde una altura de 210 metros y ofrece un piso completo, el 56, como un observatorio panor\u00e1mico de 360\u00b0 para admirar Par\u00eds desde arriba.<\/p>\n\n\n\n<p>En el suelo hay quioscos interactivos para \u00abjugar\u00bb con los lugares famosos de la ciudad, as\u00ed como pantallas t\u00e1ctiles para obtener toda la informaci\u00f3n necesaria sobre lo que est\u00e1s viendo.<\/p>\n\n\n\n<p>La experiencia se completa con una exposici\u00f3n fotogr\u00e1fica de 185 tomas antiguas que cuentan la belleza de la Ville Lumi\u00e8re.<\/p>\n\n\n\n<p>Tambi\u00e9n <strong>hay una terraza al aire libre <\/strong>con \u00e1reas designadas para detenerse y tomar fotograf\u00edas. <\/p>\n\n\n\n<p>La vista desde lo alto de la torre ofrece una vista privilegiada sobre los tejados de las casas y los monumentos m\u00e1s importantes como la <strong>Torre Eiffel, el Louvre, el Arco del Triunfo<\/strong>, as\u00ed como todas las magn\u00edficas callejuelas que componen la ciudad.<\/p>\n\n\n\n<p><a class=\"enlace-amigo\" href=\"https:\/\/parisconcarlo.com\/es\/torre-montparnasse\/\"><span class=\"cell\">Torre Montparnasse <\/span><span class=\"cell\"><span class=\"button\">Leer mas<\/span><\/span><\/a><\/p>\n\n\n\n<h3 class=\"wp-block-heading\">Museos y Catacumbas<\/h3>\n\n\n\n<p>Una vez bajes de la torre, podr\u00e1s visitar uno de los muchos museos cercanos, como el museo Bourdell, el museo Leclerc o <strong><a href=\"https:\/\/parisconcarlo.com\/es\/catacumbas-de-paris\/\">las catacumbas<\/a> situadas bajo tierra en la plaza Denfert-Rochereau<\/strong>.<\/p>\n\n\n\n<p>Para aquellos que quieran disfrutar de unos minutos de relajaci\u00f3n en una zona verde, a la sombra de los \u00e1rboles, el consejo es <a href=\"https:\/\/parisconcarlo.com\/es\/cementerio-de-montparnasse\/\">visitar el cementerio de barrio<\/a>, el segundo monumento m\u00e1s grande de la ciudad despu\u00e9s del <a href=\"https:\/\/parisconcarlo.com\/es\/cementerio-del-pere-lachaise\/\">P\u00e8re-Lachaise<\/a>.<\/p>\n\n\n\n<p>Aqu\u00ed se pueden rendir homenaje a las tumbas de muchas personalidades destacadas del mundo del arte, la cultura y la literatura, como el actor franc\u00e9s Philippe Noiret, el dramaturgo irland\u00e9s Samuel Beckett, el escritor franc\u00e9s <strong>Jean Paul Sartre, el poeta Charles Baudelaire<\/strong>, Guy de Moupassant y muchos otros.<\/p>\n\n\n\n<p>El cementerio es <strong>uno de los m\u00e1s antiguos de la ciudad<\/strong>, inaugurado en 1824 y remodelado varias veces hasta asumir su configuraci\u00f3n actual a finales del siglo XIX.<\/p>\n\n\n\n<h2 class=\"wp-block-heading\">D\u00f3nde comer en Montparnasse<\/h2>\n\n\n\n<p>Despu\u00e9s de un d\u00eda ajetreado, finalmente puede disfrutar de una agradable cena en uno de los muchos restaurantes locales.<\/p>\n\n\n\n<p>Muy recomendable es el <a href=\"https:\/\/www.augustin-bistrot.fr\/es\/\" target=\"_blank\" rel=\"noreferrer noopener nofollow\">Augustin Bistrot<\/a>, que ofrece cocina francesa, o el restaurante <a href=\"https:\/\/ilfarniente-paris-14.fr\/es\" target=\"_blank\" rel=\"noreferrer noopener nofollow\">Farniente<\/a>, en la rue Paul Fort, para los que les gusta la comida italiana (al que se puede llegar en unos 10 minutos en metro desde la torre).<\/p>\n\n\n\n<p>En cualquier caso, el barrio est\u00e1 repleto de restaurantes, bares y creper\u00edas y puedes encontrar todo tipo de cocina y rango de precios, incluso para los que buscan comida para llevar o comida r\u00e1pida.<\/p>\n\n\n\n<p>Montparnasse tambi\u00e9n puede ser una opci\u00f3n inteligente en t\u00e9rminos de alojamiento para unas vacaciones en la capital francesa.<\/p>\n\n\n\n<p>Adem\u00e1s de todos los lugares de inter\u00e9s cercanos, que tambi\u00e9n se pueden visitar a pie, <strong>el distrito est\u00e1 bien conectado con todas las principales atracciones del resto de la ciudad<\/strong> a trav\u00e9s de una red de transporte siempre puntual y eficiente.<\/p>\n\n\n\n<h2 class=\"wp-block-heading\">C\u00f3mo llegar y conexiones con los aeropuertos de Par\u00eds<\/h2>\n\n\n\n<p>Situado en el sur de la ciudad, Montparnasse es f\u00e1cilmente accesible desde cualquier otro lugar de Par\u00eds, gracias a la estaci\u00f3n de tren (<strong>Gare de Montparnasse<\/strong>) que da servicio a las <strong>l\u00edneas B y C de Rer<\/strong>, as\u00ed como a las l\u00edneas de <a href=\"https:\/\/parisconcarlo.com\/es\/metro-en-paris\/\">metro<\/a> 4, 6, 12 y 13.<\/p>\n\n\n\n<p>Otras estaciones de metro repartidas por el barrio son Edgar Quinet, Raspail, Vavin, <strong>as\u00ed como Denfert-Rochereau<\/strong>, en cuya plaza tambi\u00e9n se encuentra la parada de <a href=\"https:\/\/parisconcarlo.com\/es\/orlybus\/\">Orly Bus<\/a>, procedente del aeropuerto de Orly.<\/p>\n\n\n\n<h2 class=\"wp-block-heading\">Hotel en Montparnasse: d\u00f3nde dormir<\/h2>\n\n\n\n<p>Montparnasse es un barrio y zona residencial de Par\u00eds muy aut\u00e9ntico, lleno de caf\u00e9s.<\/p>\n\n\n\n<p>En comparaci\u00f3n con otras \u00e1reas, <strong>cuenta con conexiones directas con el aeropuerto de Orly y el aeropuerto CDG<\/strong>. <\/p>\n\n\n\n<p>De hecho, la <strong>l\u00ednea RER B pasa por la Gare Montparnasse<\/strong> que conecta la ciudad con ambos <a href=\"https:\/\/parisconcarlo.com\/es\/aeropuertos-de-paris\/\">aeropuertos<\/a> y, adem\u00e1s, desde el aeropuerto de Orly es posible llegar a Montparnasse con el autob\u00fas Orly que te dejar\u00e1 en la plaza Denfert Rochereau.<\/p>\n\n\n\n<p>Si vas a pasar un fin de semana o unos d\u00edas en Par\u00eds, es una excelente zona para dormir.<\/p>\n\n\n\n<h3 class=\"wp-block-heading\">Hoteles recomendados en Montparnasse<\/h3>\n\n\n<style>.wp-block-kadence-iconlist.kt-svg-icon-list-items_1dea71-f5:not(.this-stops-third-party-issues){margin-top:0px;margin-bottom:0px;}.wp-block-kadence-iconlist.kt-svg-icon-list-items_1dea71-f5 ul.kt-svg-icon-list:not(.this-prevents-issues):not(.this-stops-third-party-issues):not(.tijsloc){margin-top:0px;margin-right:0px;margin-bottom:var(--global-kb-spacing-sm, 1.5rem);margin-left:0px;}.wp-block-kadence-iconlist.kt-svg-icon-list-items_1dea71-f5 ul.kt-svg-icon-list{grid-row-gap:15px;}.wp-block-kadence-iconlist.kt-svg-icon-list-items_1dea71-f5 ul.kt-svg-icon-list .kt-svg-icon-list-item-wrap .kt-svg-icon-list-single{margin-right:10px;}.kt-svg-icon-list-items_1dea71-f5 ul.kt-svg-icon-list .kt-svg-icon-list-level-0 .kt-svg-icon-list-single svg{font-size:20px;}.kt-svg-icon-list-items_1dea71-f5 ul.kt-svg-icon-list .kt-svg-icon-list-level-1 .kt-svg-icon-list-single svg{font-size:20px;}.kt-svg-icon-list-items_1dea71-f5 ul.kt-svg-icon-list .kt-svg-icon-list-level-2 .kt-svg-icon-list-single svg{font-size:20px;}.kt-svg-icon-list-items_1dea71-f5 ul.kt-svg-icon-list .kt-svg-icon-list-level-3 .kt-svg-icon-list-single svg{font-size:20px;}<\/style>\n<div class=\"wp-block-kadence-iconlist kt-svg-icon-list-items kt-svg-icon-list-items_1dea71-f5 kt-svg-icon-list-columns-1 alignnone kt-list-icon-aligntop\"><ul class=\"kt-svg-icon-list\"><li class=\"kt-svg-icon-list-style-default kt-svg-icon-list-item-wrap kt-svg-icon-list-item-0 kt-svg-icon-list-level-0\"><div style=\"display:inline-flex;justify-content:center;align-items:center;color:#008000\" class=\"kt-svg-icon-list-single kt-svg-icon-list-single-fas_bed\"><svg style=\"display:inline-block;vertical-align:middle\" viewBox=\"0 0 640 512\" height=\"20\" width=\"20\" fill=\"currentColor\" xmlns=\"http:\/\/www.w3.org\/2000\/svg\" aria-hidden=\"true\"><path d=\"M176 256c44.11 0 80-35.89 80-80s-35.89-80-80-80-80 35.89-80 80 35.89 80 80 80zm352-128H304c-8.84 0-16 7.16-16 16v144H64V80c0-8.84-7.16-16-16-16H16C7.16 64 0 71.16 0 80v352c0 8.84 7.16 16 16 16h32c8.84 0 16-7.16 16-16v-48h512v48c0 8.84 7.16 16 16 16h32c8.84 0 16-7.16 16-16V240c0-61.86-50.14-112-112-112z\"><\/path><\/svg><\/div><span class=\"kt-svg-icon-list-text\"><strong><a href=\"https:\/\/www.booking.com\/hotel\/fr\/elysee-montparnasse.es.html?aid=1474022;label=montparnasse\" target=\"_blank\" rel=\"noreferrer noopener sponsored nofollow\">Timhotel Tour Montparnasse<\/a><\/strong> 3*: ubicado a solo 400 metros de la Gare Montparnasse <\/span><\/li><li class=\"kt-svg-icon-list-style-default kt-svg-icon-list-item-wrap kt-svg-icon-list-item-1 kt-svg-icon-list-level-0\"><div style=\"display:inline-flex;justify-content:center;align-items:center;color:#008000\" class=\"kt-svg-icon-list-single kt-svg-icon-list-single-fas_bed\"><svg style=\"display:inline-block;vertical-align:middle\" viewBox=\"0 0 640 512\" height=\"20\" width=\"20\" fill=\"currentColor\" xmlns=\"http:\/\/www.w3.org\/2000\/svg\" aria-hidden=\"true\"><path d=\"M176 256c44.11 0 80-35.89 80-80s-35.89-80-80-80-80 35.89-80 80 35.89 80 80 80zm352-128H304c-8.84 0-16 7.16-16 16v144H64V80c0-8.84-7.16-16-16-16H16C7.16 64 0 71.16 0 80v352c0 8.84 7.16 16 16 16h32c8.84 0 16-7.16 16-16v-48h512v48c0 8.84 7.16 16 16 16h32c8.84 0 16-7.16 16-16V240c0-61.86-50.14-112-112-112z\"><\/path><\/svg><\/div><span class=\"kt-svg-icon-list-text\"><strong><a href=\"https:\/\/www.booking.com\/hotel\/fr\/le-michel-montparnasse.es.html?aid=1474022;label=montparnasse\" target=\"_blank\" rel=\"noreferrer noopener sponsored nofollow\">Timhotel Odessa Montparnasse<\/a><\/strong> 3*: muy cerca de la Torre Montparnasse<\/span><\/li><li class=\"kt-svg-icon-list-style-default kt-svg-icon-list-item-wrap kt-svg-icon-list-item-2 kt-svg-icon-list-level-0\"><div style=\"display:inline-flex;justify-content:center;align-items:center;color:#008000\" class=\"kt-svg-icon-list-single kt-svg-icon-list-single-fas_bed\"><svg style=\"display:inline-block;vertical-align:middle\" viewBox=\"0 0 640 512\" height=\"20\" width=\"20\" fill=\"currentColor\" xmlns=\"http:\/\/www.w3.org\/2000\/svg\" aria-hidden=\"true\"><path d=\"M176 256c44.11 0 80-35.89 80-80s-35.89-80-80-80-80 35.89-80 80 35.89 80 80 80zm352-128H304c-8.84 0-16 7.16-16 16v144H64V80c0-8.84-7.16-16-16-16H16C7.16 64 0 71.16 0 80v352c0 8.84 7.16 16 16 16h32c8.84 0 16-7.16 16-16v-48h512v48c0 8.84 7.16 16 16 16h32c8.84 0 16-7.16 16-16V240c0-61.86-50.14-112-112-112z\"><\/path><\/svg><\/div><span class=\"kt-svg-icon-list-text\"><strong><a href=\"https:\/\/www.booking.com\/hotel\/fr\/villa-modigliani.es.html?aid=1474022;label=montparnasse\" target=\"_blank\" rel=\"noreferrer noopener sponsored nofollow\">Hotel Vacances Bleues Villa Modigliani<\/a><\/strong> 3*: hotel cerca de la estaci\u00f3n de metro de Vavin y a 5 minutos a pie de los Jardines de Luxemburgo. <\/span><\/li><li class=\"kt-svg-icon-list-style-default kt-svg-icon-list-item-wrap kt-svg-icon-list-item-3 kt-svg-icon-list-level-0\"><div style=\"display:inline-flex;justify-content:center;align-items:center;color:#008000\" class=\"kt-svg-icon-list-single kt-svg-icon-list-single-fas_bed\"><svg style=\"display:inline-block;vertical-align:middle\" viewBox=\"0 0 640 512\" height=\"20\" width=\"20\" fill=\"currentColor\" xmlns=\"http:\/\/www.w3.org\/2000\/svg\" aria-hidden=\"true\"><path d=\"M176 256c44.11 0 80-35.89 80-80s-35.89-80-80-80-80 35.89-80 80 35.89 80 80 80zm352-128H304c-8.84 0-16 7.16-16 16v144H64V80c0-8.84-7.16-16-16-16H16C7.16 64 0 71.16 0 80v352c0 8.84 7.16 16 16 16h32c8.84 0 16-7.16 16-16v-48h512v48c0 8.84 7.16 16 16 16h32c8.84 0 16-7.16 16-16V240c0-61.86-50.14-112-112-112z\"><\/path><\/svg><\/div><span class=\"kt-svg-icon-list-text\"><strong><a href=\"https:\/\/www.booking.com\/hotel\/fr\/hotelwaldorf.es.html?aid=1474022;label=montparnasse\" target=\"_blank\" rel=\"noreferrer noopener sponsored nofollow\">Waldorf Montparnasse<\/a><\/strong> 3*: el hotel est\u00e1 <strong>situado frente a la Torre Montparnasse<\/strong> y al centro comercial Gallerie Lafayette. Se encuentra cerca de la estaci\u00f3n de metro Edgard Quinet, que conecta la zona con la Torre Eiffel.<\/span><\/li><\/ul><\/div>\n\n\n\n<div style=\"height:20px\" aria-hidden=\"true\" class=\"wp-block-spacer\"><\/div>\n\n\n\n<div class=\"wp-block-buttons is-layout-flex wp-block-buttons-is-layout-flex\"><\/div>\n\n\n<style>.wp-block-kadence-advancedbtn.kb-btns_654c02-6d{gap:var(--global-kb-gap-xs, 0.5rem );justify-content:center;align-items:center;}.kt-btns_654c02-6d .kt-button{font-weight:normal;font-style:normal;}.kt-btns_654c02-6d .kt-btn-wrap-0{margin-right:5px;}.wp-block-kadence-advancedbtn.kt-btns_654c02-6d .kt-btn-wrap-0 .kt-button::before{display:none;}<\/style>\n<div class=\"wp-block-kadence-advancedbtn kt-btn-align-center kt-btn-tablet-align-inherit kt-btn-mobile-align-inherit kt-btns-wrap kt-btns_654c02-6d\"><div class=\"kt-btn-wrap kt-btn-wrap-0\"><a class=\"kt-button button kt-btn-0-action kt-btn-size-standard kt-btn-style-basic kt-btn-svg-show-always kt-btn-has-text-true kt-btn-has-svg-false kb-btn-global-inherit wp-block-button__link\" href=\"https:\/\/www.booking.com\/searchresults.es.html?district=7936&amp;nflt=review_score%253D90%253Breview_score%253D80%253Breview_score%253D70%253Breview_score%253D60&amp;aid=1474022&amp;no_rooms=1&amp;group_adults=2&amp;label=montparnasse\" target=\"_blank\" rel=\"noreferrer noopener nofollow sponsored\"><span class=\"kt-btn-inner-text\">Hoteles en Montparnasse en Booking<\/span><\/a><\/div><\/div>\n\n\n\n<div style=\"height:20px\" aria-hidden=\"true\" class=\"wp-block-spacer\"><\/div>\n\n\n\n<h2 class=\"wp-block-heading\">Mapa: qu\u00e9 ver cerca<\/h2>\n\n\n\n","protected":false},"excerpt":{"rendered":"<p>Par\u00eds est\u00e1 dividida en 20 distritos administrativos, llamados arrondissement, que no siempre corresponden a barrios, y que est\u00e1n numerados del 1 al 20 en progresi\u00f3n espiral, partiendo del centro geogr\u00e1fico de la ciudad. La configuraci\u00f3n actual se remonta a 1860, cuando muchas \u00e1reas fuera del \u00e1rea de la ciudad vieja fueron anexadas al municipio de&#8230;<\/p>\n","protected":false},"author":4,"featured_media":1263,"comment_status":"open","ping_status":"closed","sticky":false,"template":"","format":"standard","meta":{"_kad_blocks_custom_css":"","_kad_blocks_head_custom_js":"","_kad_blocks_body_custom_js":"","_kad_blocks_footer_custom_js":"","_kad_post_transparent":"","_kad_post_title":"","_kad_post_layout":"","_kad_post_sidebar_id":"","_kad_post_content_style":"","_kad_post_vertical_padding":"","_kad_post_feature":"","_kad_post_feature_position":"","_kad_post_header":false,"_kad_post_footer":false,"_kad_post_classname":"","footnotes":""},"categories":[15],"tags":[],"class_list":["post-107","post","type-post","status-publish","format-standard","has-post-thumbnail","hentry","category-que-ver-en-paris"],"yoast_head":"<!-- This site is optimized with the Yoast SEO plugin v27.1.1 - https:\/\/yoast.com\/product\/yoast-seo-wordpress\/ -->\n<title>Montparnasse: qu\u00e9 ver, d\u00f3nde comer y c\u00f3mo llegar<\/title>\n<meta name=\"description\" content=\"Il quartiere di Montparnasse rappresenta un ottimo punto dove dormire grazie al collegamento diretto con l&#039;aeroporto Orly.\" \/>\n<meta name=\"robots\" content=\"index, follow, max-snippet:-1, max-image-preview:large, max-video-preview:-1\" \/>\n<link rel=\"canonical\" href=\"https:\/\/parisconcarlo.com\/es\/montparnasse\/\" \/>\n<meta property=\"og:locale\" content=\"es_ES\" \/>\n<meta property=\"og:type\" content=\"article\" \/>\n<meta property=\"og:title\" content=\"Montparnasse: qu\u00e9 ver, d\u00f3nde comer y c\u00f3mo llegar\" \/>\n<meta property=\"og:description\" content=\"Il quartiere di Montparnasse rappresenta un ottimo punto dove dormire grazie al collegamento diretto con l&#039;aeroporto Orly.\" \/>\n<meta property=\"og:url\" content=\"https:\/\/parisconcarlo.com\/es\/montparnasse\/\" \/>\n<meta property=\"og:site_name\" content=\"Paris con Carlo\" \/>\n<meta property=\"article:published_time\" content=\"2022-10-27T10:45:52+00:00\" \/>\n<meta property=\"article:modified_time\" content=\"2024-04-15T15:20:50+00:00\" \/>\n<meta property=\"og:image\" content=\"https:\/\/parisconcarlo.com\/es\/wp-content\/uploads\/sites\/4\/2022\/10\/logo-viajes-a-paris.jpeg\" \/>\n\t<meta property=\"og:image:width\" content=\"623\" \/>\n\t<meta property=\"og:image:height\" content=\"188\" \/>\n\t<meta property=\"og:image:type\" content=\"image\/jpeg\" \/>\n<meta name=\"author\" content=\"Carlo Galici\" \/>\n<meta name=\"twitter:card\" content=\"summary_large_image\" \/>\n<meta name=\"twitter:image\" content=\"https:\/\/parisconcarlo.com\/es\/wp-content\/uploads\/sites\/4\/2022\/10\/logo-viajes-a-paris.jpeg\" \/>\n<meta name=\"twitter:label1\" content=\"Escrito por\" \/>\n\t<meta name=\"twitter:data1\" content=\"Carlo Galici\" \/>\n\t<meta name=\"twitter:label2\" content=\"Tiempo de lectura\" \/>\n\t<meta name=\"twitter:data2\" content=\"30 minutos\" \/>\n<script type=\"application\/ld+json\" class=\"yoast-schema-graph\">{\"@context\":\"https:\/\/schema.org\",\"@graph\":[{\"@type\":\"Article\",\"@id\":\"https:\/\/parisconcarlo.com\/es\/montparnasse\/#article\",\"isPartOf\":{\"@id\":\"https:\/\/parisconcarlo.com\/es\/montparnasse\/\"},\"author\":{\"name\":\"Carlo Galici\",\"@id\":\"https:\/\/parisconcarlo.com\/es\/#\/schema\/person\/50c9697865d01ff2d6201f18aced1111\"},\"headline\":\"Montparnasse: qu\u00e9 ver, d\u00f3nde comer, d\u00f3nde alojarse\",\"datePublished\":\"2022-10-27T10:45:52+00:00\",\"dateModified\":\"2024-04-15T15:20:50+00:00\",\"mainEntityOfPage\":{\"@id\":\"https:\/\/parisconcarlo.com\/es\/montparnasse\/\"},\"wordCount\":1309,\"commentCount\":0,\"publisher\":{\"@id\":\"https:\/\/parisconcarlo.com\/es\/#organization\"},\"image\":{\"@id\":\"https:\/\/parisconcarlo.com\/es\/montparnasse\/#primaryimage\"},\"thumbnailUrl\":\"https:\/\/parisconcarlo.com\/es\/wp-content\/uploads\/sites\/4\/2023\/01\/montparnasse-paris.webp\",\"articleSection\":[\"Qu\u00e9 ver en Par\u00eds\"],\"inLanguage\":\"es\"},{\"@type\":\"WebPage\",\"@id\":\"https:\/\/parisconcarlo.com\/es\/montparnasse\/\",\"url\":\"https:\/\/parisconcarlo.com\/es\/montparnasse\/\",\"name\":\"Montparnasse: qu\u00e9 ver, d\u00f3nde comer y c\u00f3mo llegar\",\"isPartOf\":{\"@id\":\"https:\/\/parisconcarlo.com\/es\/#website\"},\"primaryImageOfPage\":{\"@id\":\"https:\/\/parisconcarlo.com\/es\/montparnasse\/#primaryimage\"},\"image\":{\"@id\":\"https:\/\/parisconcarlo.com\/es\/montparnasse\/#primaryimage\"},\"thumbnailUrl\":\"https:\/\/parisconcarlo.com\/es\/wp-content\/uploads\/sites\/4\/2023\/01\/montparnasse-paris.webp\",\"datePublished\":\"2022-10-27T10:45:52+00:00\",\"dateModified\":\"2024-04-15T15:20:50+00:00\",\"description\":\"Il quartiere di Montparnasse rappresenta un ottimo punto dove dormire grazie al collegamento diretto con l'aeroporto Orly.\",\"breadcrumb\":{\"@id\":\"https:\/\/parisconcarlo.com\/es\/montparnasse\/#breadcrumb\"},\"inLanguage\":\"es\",\"potentialAction\":[{\"@type\":\"ReadAction\",\"target\":[\"https:\/\/parisconcarlo.com\/es\/montparnasse\/\"]}]},{\"@type\":\"ImageObject\",\"inLanguage\":\"es\",\"@id\":\"https:\/\/parisconcarlo.com\/es\/montparnasse\/#primaryimage\",\"url\":\"https:\/\/parisconcarlo.com\/es\/wp-content\/uploads\/sites\/4\/2023\/01\/montparnasse-paris.webp\",\"contentUrl\":\"https:\/\/parisconcarlo.com\/es\/wp-content\/uploads\/sites\/4\/2023\/01\/montparnasse-paris.webp\",\"width\":900,\"height\":573,\"caption\":\"Qu\u00e9 ver en Montparnasse, Par\u00eds\"},{\"@type\":\"BreadcrumbList\",\"@id\":\"https:\/\/parisconcarlo.com\/es\/montparnasse\/#breadcrumb\",\"itemListElement\":[{\"@type\":\"ListItem\",\"position\":1,\"name\":\"Home\",\"item\":\"https:\/\/parisconcarlo.com\/es\/\"},{\"@type\":\"ListItem\",\"position\":2,\"name\":\"Qu\u00e9 ver en Par\u00eds\",\"item\":\"https:\/\/parisconcarlo.com\/es\/que-ver-en-paris\/\"},{\"@type\":\"ListItem\",\"position\":3,\"name\":\"Montparnasse: qu\u00e9 ver, d\u00f3nde comer, d\u00f3nde alojarse\"}]},{\"@type\":\"WebSite\",\"@id\":\"https:\/\/parisconcarlo.com\/es\/#website\",\"url\":\"https:\/\/parisconcarlo.com\/es\/\",\"name\":\"Paris con Carlo\",\"description\":\"\",\"publisher\":{\"@id\":\"https:\/\/parisconcarlo.com\/es\/#organization\"},\"potentialAction\":[{\"@type\":\"SearchAction\",\"target\":{\"@type\":\"EntryPoint\",\"urlTemplate\":\"https:\/\/parisconcarlo.com\/es\/?s={search_term_string}\"},\"query-input\":{\"@type\":\"PropertyValueSpecification\",\"valueRequired\":true,\"valueName\":\"search_term_string\"}}],\"inLanguage\":\"es\"},{\"@type\":\"Organization\",\"@id\":\"https:\/\/parisconcarlo.com\/es\/#organization\",\"name\":\"Paris con Carlo\",\"url\":\"https:\/\/parisconcarlo.com\/es\/\",\"logo\":{\"@type\":\"ImageObject\",\"inLanguage\":\"es\",\"@id\":\"https:\/\/parisconcarlo.com\/es\/#\/schema\/logo\/image\/\",\"url\":\"https:\/\/parisconcarlo.com\/es\/wp-content\/uploads\/sites\/4\/2024\/03\/logo-parisconcarlo-horizontal-live-3.jpg\",\"contentUrl\":\"https:\/\/parisconcarlo.com\/es\/wp-content\/uploads\/sites\/4\/2024\/03\/logo-parisconcarlo-horizontal-live-3.jpg\",\"width\":700,\"height\":214,\"caption\":\"Paris con Carlo\"},\"image\":{\"@id\":\"https:\/\/parisconcarlo.com\/es\/#\/schema\/logo\/image\/\"}},{\"@type\":\"Person\",\"@id\":\"https:\/\/parisconcarlo.com\/es\/#\/schema\/person\/50c9697865d01ff2d6201f18aced1111\",\"name\":\"Carlo Galici\",\"image\":{\"@type\":\"ImageObject\",\"inLanguage\":\"es\",\"@id\":\"https:\/\/parisconcarlo.com\/es\/#\/schema\/person\/image\/\",\"url\":\"https:\/\/secure.gravatar.com\/avatar\/06ec8e24b85ce32c8ceb183bc6c1b1ebff541395ffd1a8389c806e4b78969839?s=96&d=mm&r=g\",\"contentUrl\":\"https:\/\/secure.gravatar.com\/avatar\/06ec8e24b85ce32c8ceb183bc6c1b1ebff541395ffd1a8389c806e4b78969839?s=96&d=mm&r=g\",\"caption\":\"Carlo Galici\"},\"url\":\"https:\/\/parisconcarlo.com\/es\/author\/carlogalici\/\"}]}<\/script>\n<!-- \/ Yoast SEO plugin. -->","yoast_head_json":{"title":"Montparnasse: qu\u00e9 ver, d\u00f3nde comer y c\u00f3mo llegar","description":"Il quartiere di Montparnasse rappresenta un ottimo punto dove dormire grazie al collegamento diretto con l'aeroporto Orly.","robots":{"index":"index","follow":"follow","max-snippet":"max-snippet:-1","max-image-preview":"max-image-preview:large","max-video-preview":"max-video-preview:-1"},"canonical":"https:\/\/parisconcarlo.com\/es\/montparnasse\/","og_locale":"es_ES","og_type":"article","og_title":"Montparnasse: qu\u00e9 ver, d\u00f3nde comer y c\u00f3mo llegar","og_description":"Il quartiere di Montparnasse rappresenta un ottimo punto dove dormire grazie al collegamento diretto con l'aeroporto Orly.","og_url":"https:\/\/parisconcarlo.com\/es\/montparnasse\/","og_site_name":"Paris con Carlo","article_published_time":"2022-10-27T10:45:52+00:00","article_modified_time":"2024-04-15T15:20:50+00:00","og_image":[{"width":623,"height":188,"url":"https:\/\/parisconcarlo.com\/es\/wp-content\/uploads\/sites\/4\/2022\/10\/logo-viajes-a-paris.jpeg","type":"image\/jpeg"}],"author":"Carlo Galici","twitter_card":"summary_large_image","twitter_image":"https:\/\/parisconcarlo.com\/es\/wp-content\/uploads\/sites\/4\/2022\/10\/logo-viajes-a-paris.jpeg","twitter_misc":{"Escrito por":"Carlo Galici","Tiempo de lectura":"30 minutos"},"schema":{"@context":"https:\/\/schema.org","@graph":[{"@type":"Article","@id":"https:\/\/parisconcarlo.com\/es\/montparnasse\/#article","isPartOf":{"@id":"https:\/\/parisconcarlo.com\/es\/montparnasse\/"},"author":{"name":"Carlo Galici","@id":"https:\/\/parisconcarlo.com\/es\/#\/schema\/person\/50c9697865d01ff2d6201f18aced1111"},"headline":"Montparnasse: qu\u00e9 ver, d\u00f3nde comer, d\u00f3nde alojarse","datePublished":"2022-10-27T10:45:52+00:00","dateModified":"2024-04-15T15:20:50+00:00","mainEntityOfPage":{"@id":"https:\/\/parisconcarlo.com\/es\/montparnasse\/"},"wordCount":1309,"commentCount":0,"publisher":{"@id":"https:\/\/parisconcarlo.com\/es\/#organization"},"image":{"@id":"https:\/\/parisconcarlo.com\/es\/montparnasse\/#primaryimage"},"thumbnailUrl":"https:\/\/parisconcarlo.com\/es\/wp-content\/uploads\/sites\/4\/2023\/01\/montparnasse-paris.webp","articleSection":["Qu\u00e9 ver en Par\u00eds"],"inLanguage":"es"},{"@type":"WebPage","@id":"https:\/\/parisconcarlo.com\/es\/montparnasse\/","url":"https:\/\/parisconcarlo.com\/es\/montparnasse\/","name":"Montparnasse: qu\u00e9 ver, d\u00f3nde comer y c\u00f3mo llegar","isPartOf":{"@id":"https:\/\/parisconcarlo.com\/es\/#website"},"primaryImageOfPage":{"@id":"https:\/\/parisconcarlo.com\/es\/montparnasse\/#primaryimage"},"image":{"@id":"https:\/\/parisconcarlo.com\/es\/montparnasse\/#primaryimage"},"thumbnailUrl":"https:\/\/parisconcarlo.com\/es\/wp-content\/uploads\/sites\/4\/2023\/01\/montparnasse-paris.webp","datePublished":"2022-10-27T10:45:52+00:00","dateModified":"2024-04-15T15:20:50+00:00","description":"Il quartiere di Montparnasse rappresenta un ottimo punto dove dormire grazie al collegamento diretto con l'aeroporto Orly.","breadcrumb":{"@id":"https:\/\/parisconcarlo.com\/es\/montparnasse\/#breadcrumb"},"inLanguage":"es","potentialAction":[{"@type":"ReadAction","target":["https:\/\/parisconcarlo.com\/es\/montparnasse\/"]}]},{"@type":"ImageObject","inLanguage":"es","@id":"https:\/\/parisconcarlo.com\/es\/montparnasse\/#primaryimage","url":"https:\/\/parisconcarlo.com\/es\/wp-content\/uploads\/sites\/4\/2023\/01\/montparnasse-paris.webp","contentUrl":"https:\/\/parisconcarlo.com\/es\/wp-content\/uploads\/sites\/4\/2023\/01\/montparnasse-paris.webp","width":900,"height":573,"caption":"Qu\u00e9 ver en Montparnasse, Par\u00eds"},{"@type":"BreadcrumbList","@id":"https:\/\/parisconcarlo.com\/es\/montparnasse\/#breadcrumb","itemListElement":[{"@type":"ListItem","position":1,"name":"Home","item":"https:\/\/parisconcarlo.com\/es\/"},{"@type":"ListItem","position":2,"name":"Qu\u00e9 ver en Par\u00eds","item":"https:\/\/parisconcarlo.com\/es\/que-ver-en-paris\/"},{"@type":"ListItem","position":3,"name":"Montparnasse: qu\u00e9 ver, d\u00f3nde comer, d\u00f3nde alojarse"}]},{"@type":"WebSite","@id":"https:\/\/parisconcarlo.com\/es\/#website","url":"https:\/\/parisconcarlo.com\/es\/","name":"Paris con Carlo","description":"","publisher":{"@id":"https:\/\/parisconcarlo.com\/es\/#organization"},"potentialAction":[{"@type":"SearchAction","target":{"@type":"EntryPoint","urlTemplate":"https:\/\/parisconcarlo.com\/es\/?s={search_term_string}"},"query-input":{"@type":"PropertyValueSpecification","valueRequired":true,"valueName":"search_term_string"}}],"inLanguage":"es"},{"@type":"Organization","@id":"https:\/\/parisconcarlo.com\/es\/#organization","name":"Paris con Carlo","url":"https:\/\/parisconcarlo.com\/es\/","logo":{"@type":"ImageObject","inLanguage":"es","@id":"https:\/\/parisconcarlo.com\/es\/#\/schema\/logo\/image\/","url":"https:\/\/parisconcarlo.com\/es\/wp-content\/uploads\/sites\/4\/2024\/03\/logo-parisconcarlo-horizontal-live-3.jpg","contentUrl":"https:\/\/parisconcarlo.com\/es\/wp-content\/uploads\/sites\/4\/2024\/03\/logo-parisconcarlo-horizontal-live-3.jpg","width":700,"height":214,"caption":"Paris con Carlo"},"image":{"@id":"https:\/\/parisconcarlo.com\/es\/#\/schema\/logo\/image\/"}},{"@type":"Person","@id":"https:\/\/parisconcarlo.com\/es\/#\/schema\/person\/50c9697865d01ff2d6201f18aced1111","name":"Carlo Galici","image":{"@type":"ImageObject","inLanguage":"es","@id":"https:\/\/parisconcarlo.com\/es\/#\/schema\/person\/image\/","url":"https:\/\/secure.gravatar.com\/avatar\/06ec8e24b85ce32c8ceb183bc6c1b1ebff541395ffd1a8389c806e4b78969839?s=96&d=mm&r=g","contentUrl":"https:\/\/secure.gravatar.com\/avatar\/06ec8e24b85ce32c8ceb183bc6c1b1ebff541395ffd1a8389c806e4b78969839?s=96&d=mm&r=g","caption":"Carlo Galici"},"url":"https:\/\/parisconcarlo.com\/es\/author\/carlogalici\/"}]}},"taxonomy_info":{"category":[{"value":15,"label":"Qu\u00e9 ver en Par\u00eds"}]},"featured_image_src_large":["https:\/\/parisconcarlo.com\/es\/wp-content\/uploads\/sites\/4\/2023\/01\/montparnasse-paris.webp",900,573,false],"author_info":{"display_name":"Carlo Galici","author_link":"https:\/\/parisconcarlo.com\/es\/author\/carlogalici\/"},"comment_info":"","category_info":[{"term_id":15,"name":"Qu\u00e9 ver en Par\u00eds","slug":"que-ver-en-paris","term_group":0,"term_taxonomy_id":15,"taxonomy":"category","description":"","parent":0,"count":60,"filter":"raw","cat_ID":15,"category_count":60,"category_description":"","cat_name":"Qu\u00e9 ver en Par\u00eds","category_nicename":"que-ver-en-paris","category_parent":0}],"tag_info":false,"_links":{"self":[{"href":"https:\/\/parisconcarlo.com\/es\/wp-json\/wp\/v2\/posts\/107","targetHints":{"allow":["GET"]}}],"collection":[{"href":"https:\/\/parisconcarlo.com\/es\/wp-json\/wp\/v2\/posts"}],"about":[{"href":"https:\/\/parisconcarlo.com\/es\/wp-json\/wp\/v2\/types\/post"}],"author":[{"embeddable":true,"href":"https:\/\/parisconcarlo.com\/es\/wp-json\/wp\/v2\/users\/4"}],"replies":[{"embeddable":true,"href":"https:\/\/parisconcarlo.com\/es\/wp-json\/wp\/v2\/comments?post=107"}],"version-history":[{"count":0,"href":"https:\/\/parisconcarlo.com\/es\/wp-json\/wp\/v2\/posts\/107\/revisions"}],"wp:featuredmedia":[{"embeddable":true,"href":"https:\/\/parisconcarlo.com\/es\/wp-json\/wp\/v2\/media\/1263"}],"wp:attachment":[{"href":"https:\/\/parisconcarlo.com\/es\/wp-json\/wp\/v2\/media?parent=107"}],"wp:term":[{"taxonomy":"category","embeddable":true,"href":"https:\/\/parisconcarlo.com\/es\/wp-json\/wp\/v2\/categories?post=107"},{"taxonomy":"post_tag","embeddable":true,"href":"https:\/\/parisconcarlo.com\/es\/wp-json\/wp\/v2\/tags?post=107"}],"curies":[{"name":"wp","href":"https:\/\/api.w.org\/{rel}","templated":true}]}}