{"id":105,"date":"2022-10-27T12:45:00","date_gmt":"2022-10-27T10:45:00","guid":{"rendered":"https:\/\/parisconcarlo.com\/es\/?page_id=105"},"modified":"2024-04-15T17:20:50","modified_gmt":"2024-04-15T15:20:50","slug":"montmartre","status":"publish","type":"post","link":"https:\/\/parisconcarlo.com\/es\/montmartre\/","title":{"rendered":"Montmartre: qu\u00e9 ver, d\u00f3nde comer y d\u00f3nde alojarse"},"content":{"rendered":"\n<p><strong>Peque\u00f1as calles empedradas<\/strong> (\u00a1pavimentadas con adoquines!), casas cubiertas de hiedra, lindos caf\u00e9s y pintores sin dinero tratando de ganarse la vida con su arte. \u00a1Esto es (o m\u00e1s bien fue en algunos aspectos) Montmartre!<\/p>\n\n\n\n<p>Par\u00eds es una ciudad formada principalmente por grandes plazas, grandes bulevares y grandes edificios, y quiz\u00e1s <strong>Montmartre sea especial precisamente por ser diferente al resto de la capital francesa<\/strong>.<\/p>\n\n\n\n<p>Parece una paradoja, pero el distrito m\u00e1s famoso de Par\u00eds es quiz\u00e1s el menos representativo del resto de la ciudad.<\/p>\n\n\n\n<p>Por eso, en un <a href=\"https:\/\/parisconcarlo.com\/es\/\">viaje a Par\u00eds<\/a>, nunca debe faltar una parada en Montmartre: perderse por sus callejuelas, <strong>disfrutar de los destellos del Sagrado Coraz\u00f3n<\/strong>, tomar una cr\u00eape en alguno de los muchos caf\u00e9s, mucho mejor en compa\u00f1\u00eda de un especial, y recordar\u00e1s esos momentos por el resto de tu vida.<\/p>\n\n\n\n<p>No te dejes intimidar por la avalancha de turistas por las calles principales y por las tiendas de souvenirs que son todas iguales: basta con alejarse muy poco de las calles m\u00e1s concurridas y Montmartre vuelve a ser un barrio absolutamente agradable para vivir.<\/p>\n\n\n\n<p>No es casualidad que este distrito de Par\u00eds haya sido escenario de obras maestras como la pel\u00edcula <strong><a href=\"https:\/\/es.wikipedia.org\/wiki\/Am\u00e9lie\" target=\"_blank\" rel=\"noreferrer noopener\">El mundo fabuloso de Am\u00e9lie<\/a><\/strong>, o que haya sido inmortalizado por los m\u00e1s grandes pintores impresionistas como el \u00abBal au moulin de la Galette\u00bb de Renoir.<\/p>\n\n\n\n<p>No debe confundirse con las pinturas \u00abBoulevard Montmartre\u00bb de Pissarro que no retratan este barrio.<\/p>\n\n\n<style>.kb-table-of-content-nav.kb-table-of-content-id_2f54b1-3c .kb-table-of-content-wrap{padding-top:var(--global-kb-spacing-sm, 1.5rem);padding-right:var(--global-kb-spacing-sm, 1.5rem);padding-bottom:var(--global-kb-spacing-sm, 1.5rem);padding-left:var(--global-kb-spacing-sm, 1.5rem);background-color:#f2d115;}.kb-table-of-content-nav.kb-table-of-content-id_2f54b1-3c .kb-table-of-contents-title-wrap{padding-top:0px;padding-right:0px;padding-bottom:0px;padding-left:0px;}.kb-table-of-content-nav.kb-table-of-content-id_2f54b1-3c .kb-table-of-contents-title{font-weight:regular;font-style:normal;}.kb-table-of-content-nav.kb-table-of-content-id_2f54b1-3c .kb-table-of-content-wrap .kb-table-of-content-list{font-weight:regular;font-style:normal;margin-top:var(--global-kb-spacing-sm, 1.5rem);margin-right:0px;margin-bottom:0px;margin-left:0px;}.kb-table-of-content-nav.kb-table-of-content-id_2f54b1-3c .kb-toggle-icon-style-basiccircle .kb-table-of-contents-icon-trigger:after, .kb-table-of-content-nav.kb-table-of-content-id_2f54b1-3c .kb-toggle-icon-style-basiccircle .kb-table-of-contents-icon-trigger:before, .kb-table-of-content-nav.kb-table-of-content-id_2f54b1-3c .kb-toggle-icon-style-arrowcircle .kb-table-of-contents-icon-trigger:after, .kb-table-of-content-nav.kb-table-of-content-id_2f54b1-3c .kb-toggle-icon-style-arrowcircle .kb-table-of-contents-icon-trigger:before, .kb-table-of-content-nav.kb-table-of-content-id_2f54b1-3c .kb-toggle-icon-style-xclosecircle .kb-table-of-contents-icon-trigger:after, .kb-table-of-content-nav.kb-table-of-content-id_2f54b1-3c .kb-toggle-icon-style-xclosecircle .kb-table-of-contents-icon-trigger:before{background-color:#f2d115;}<\/style>\n\n\n<h2 class=\"wp-block-heading\">D\u00f3nde est\u00e1 el barrio<\/h2>\n\n\n\n<p>La <strong>colina de Montmartre se encuentra al norte de Par\u00eds<\/strong> y es el punto m\u00e1s alto de la ciudad en el distrito 18 (distrito), en la Rive Droite, la margen derecha en relaci\u00f3n con el Sena.<\/p>\n\n\n\n<p><strong>En la cima de la colina se encuentra la Bas\u00edlica del Sagrado Coraz\u00f3n<\/strong>.<\/p>\n\n\n\n<h2 class=\"wp-block-heading\">C\u00f3mo llegar a Montmartre<\/h2>\n\n\n\n<p>Hay varias paradas en el metro parisino cerca de la colina de Montmartre:<\/p>\n\n\n\n<ul class=\"wp-block-list\">\n<li>Amberes (l\u00ednea 2)<\/li>\n\n\n\n<li>Pigalle (l\u00ednea 2 o 12)<\/li>\n\n\n\n<li>Abadesas (l\u00ednea 12)<\/li>\n\n\n\n<li>Lamarck-Caulaincourt (l\u00ednea 12).<\/li>\n\n\n\n<li>Jules Joffrin (l\u00ednea 12)<\/li>\n<\/ul>\n\n\n\n<p><strong>La m\u00e1s c\u00f3moda es sin duda la parada de Anvers<\/strong>; una vez que bajes del metro, tendr\u00e1s que tomar la rue Steinkerque.<\/p>\n\n\n\n<p>Si quieres <strong>tomar el funicular<\/strong> (Funiculaire de Montmartre), que lleva subiendo gente desde su inauguraci\u00f3n en 1900, las paradas m\u00e1s cercanas son Abbesses y Anvers.<\/p>\n\n\n\n<p>O sube las monumentales escaleras que bordean el funicular (te esperan 197 escalones\u2026) \u00a1y llegar\u00e1s a la cima de la colina!<\/p>\n\n\n<div class=\"wp-block-image\">\n<figure class=\"aligncenter size-full\"><img decoding=\"async\" width=\"800\" height=\"533\" src=\"https:\/\/parisconcarlo.com\/es\/wp-content\/uploads\/sites\/4\/2023\/01\/funicular-montmartre-paris.webp\" alt=\"Funicular de Montmartre, Montmartre\" class=\"wp-image-1233\" srcset=\"https:\/\/parisconcarlo.com\/es\/wp-content\/uploads\/sites\/4\/2023\/01\/funicular-montmartre-paris.webp 800w, https:\/\/parisconcarlo.com\/es\/wp-content\/uploads\/sites\/4\/2023\/01\/funicular-montmartre-paris-300x200.webp 300w, https:\/\/parisconcarlo.com\/es\/wp-content\/uploads\/sites\/4\/2023\/01\/funicular-montmartre-paris-768x512.webp 768w\" sizes=\"(max-width: 800px) 100vw, 800px\" \/><figcaption class=\"wp-element-caption\">Funicular de Montmartre, Par\u00eds<\/figcaption><\/figure>\n<\/div>\n\n\n<h2 class=\"wp-block-heading\">Un poco de historia sobre Montmartre<\/h2>\n\n\n\n<p>Aunque en franc\u00e9s Montmartre significa Monte del m\u00e1rtir, en referencia al martirio de los primeros cristianos de Par\u00eds, el <strong>nombre probablemente deriva del Campo de Marte de la \u00e9poca romana<\/strong>, posteriormente cristianizado para eliminar cualquier referencia a los or\u00edgenes paganos del lugar.<\/p>\n\n\n\n<p>La colina de Montmartre, es decir, la colina que domina la zona, <strong>alberg\u00f3 durante muchos siglos una importante abad\u00eda<\/strong>, destruida durante la Revoluci\u00f3n Francesa, de la que ha sobrevivido la <strong>iglesia de Saint Pierre<\/strong>: la historia misma de la iglesia, la favorita de los habitantes de \u00a1Montmartre es una peque\u00f1a condensaci\u00f3n del franc\u00e9s!<\/p>\n\n\n\n<p><strong>Montmartre fue anexado a Par\u00eds en 1860<\/strong> y su car\u00e1cter \u00abfuera de la caja\u00bb surge tambi\u00e9n de un hecho hist\u00f3rico bien conocido. De hecho, cuando Francia se rindi\u00f3 a los prusianos en 1871, Montmartre se neg\u00f3 a entregar el ca\u00f1\u00f3n colocado para proteger la colina, <strong>dando lugar a la Comuna de Par\u00eds<\/strong>, un intento de gobierno de la clase obrera, que posteriormente fracas\u00f3.<\/p>\n\n\n\n<p>En la cima de la colina <strong>se construy\u00f3 la Bas\u00edlica del Sagrado Coraz\u00f3n<\/strong>, terminada en 1919, desde la que se puede admirar uno de los panoramas m\u00e1s bellos de Par\u00eds. \u00a1Sube para creer!<\/p>\n\n\n\n<p>Montmartre, sin embargo, fue m\u00e1s famoso como destino de ocio y perdici\u00f3n que como lugar sagrado: los primeros cabarets nacieron en el mismo barrio o en las inmediaciones, y entre los m\u00e1s famosos <strong>est\u00e1n Le Chat Noir y el <a href=\"https:\/\/parisconcarlo.com\/es\/moulin-rouge\/\">Moulin Rouge<\/a>, todav\u00eda existente<\/strong>.<\/p>\n\n\n\n<p>La zona tambi\u00e9n era famosa por los burdeles, y a\u00fan hoy el <strong>barrio de Pigalle <\/strong>(a los pies de la colina de Montmartre) conserva un poco el nombre de barrio rojo, aunque es sobre todo un escenario para turistas.<\/p>\n\n\n\n<h2 class=\"wp-block-heading\">Qu\u00e9 ver en Montmartre<\/h2>\n\n\n\n<h3 class=\"wp-block-heading\">La plaza central: Place du Tertre<\/h3>\n\n\n\n<p>\u00a1Solo pod\u00edamos empezar por <strong>la plaza que est\u00e1 en el centro del barrio y es el reino de los artistas: <a href=\"https:\/\/parisconcarlo.com\/es\/place-du-tertre\/\">Place du Tertre<\/a>!<\/strong><\/p>\n\n\n\n<p>En la Place du Tertre ver\u00e1s principalmente pintores, dise\u00f1adores, turistas y, por todas partes, peque\u00f1as tiendas y restaurantes. \u00a1Seguro que te propondr\u00e1n un retrato o una caricatura, de forma muy convincente!<\/p>\n\n\n\n<p>Piensa que en el pasado, <strong>entre estos artistas tambi\u00e9n estaban Picasso y Utrillo<\/strong> (\u00a1que tambi\u00e9n ten\u00edan su casa en la plaza!).<\/p>\n\n\n<div class=\"wp-block-image\">\n<figure class=\"aligncenter size-full\"><img decoding=\"async\" width=\"800\" height=\"533\" src=\"https:\/\/parisconcarlo.com\/es\/wp-content\/uploads\/sites\/4\/2023\/01\/place-du-tertre-paris.webp\" alt=\"Place du Tertre, Par\u00eds\" class=\"wp-image-1232\" srcset=\"https:\/\/parisconcarlo.com\/es\/wp-content\/uploads\/sites\/4\/2023\/01\/place-du-tertre-paris.webp 800w, https:\/\/parisconcarlo.com\/es\/wp-content\/uploads\/sites\/4\/2023\/01\/place-du-tertre-paris-300x200.webp 300w, https:\/\/parisconcarlo.com\/es\/wp-content\/uploads\/sites\/4\/2023\/01\/place-du-tertre-paris-768x512.webp 768w\" sizes=\"(max-width: 800px) 100vw, 800px\" \/><figcaption class=\"wp-element-caption\">Place du Tertre, Par\u00eds<\/figcaption><\/figure>\n<\/div>\n\n\n<p>Basta pensar que <strong>Picasso pint\u00f3 el famoso cuadro Damoiselles d&#8217;Avignon en 1907 en Montmartre<\/strong>, ahora conservado en el museo MoMA de Nueva York.<\/p>\n\n\n\n<p><a class=\"enlace-amigo\" href=\"https:\/\/parisconcarlo.com\/es\/place-du-tertre\/\"><span class=\"cell\">Place du Tertre <\/span><span class=\"cell\"><span class=\"button\">Leer mas<\/span><\/span><\/a><\/p>\n\n\n\n<h3 class=\"wp-block-heading\">La Bas\u00edlica del Sagrado Coraz\u00f3n<\/h3>\n\n\n\n<p>La <a href=\"https:\/\/parisconcarlo.com\/es\/sagrado-corazon-de-paris\/\">Bas\u00edlica del Sagrado Coraz\u00f3n<\/a> es probablemente la atracci\u00f3n m\u00e1s conocida de Montmartre.<\/p>\n\n\n\n<p>Blanco y encaramado en la colina, el Sacre Coeur (en franc\u00e9s) es una visita obligada para cualquier que visite Par\u00eds.<\/p>\n\n\n\n<figure class=\"wp-block-image size-full\"><img decoding=\"async\" width=\"800\" height=\"533\" src=\"https:\/\/parisconcarlo.com\/es\/wp-content\/uploads\/sites\/4\/2023\/01\/basilica-sagrado-corazon-paris2.webp\" alt=\"Basilica del Sagrado Coraz\u00f3n, Par\u00eds\" class=\"wp-image-1231\" srcset=\"https:\/\/parisconcarlo.com\/es\/wp-content\/uploads\/sites\/4\/2023\/01\/basilica-sagrado-corazon-paris2.webp 800w, https:\/\/parisconcarlo.com\/es\/wp-content\/uploads\/sites\/4\/2023\/01\/basilica-sagrado-corazon-paris2-300x200.webp 300w, https:\/\/parisconcarlo.com\/es\/wp-content\/uploads\/sites\/4\/2023\/01\/basilica-sagrado-corazon-paris2-768x512.webp 768w\" sizes=\"(max-width: 800px) 100vw, 800px\" \/><figcaption class=\"wp-element-caption\">Basilica del Sagrado Coraz\u00f3n, Par\u00eds<\/figcaption><\/figure>\n\n\n\n<p>En el interior es posible <strong>admirar el mosaico franc\u00e9s m\u00e1s grande del techo<\/strong> y caminar hasta la c\u00fapula para saborear un panorama incomparable.<\/p>\n\n\n\n<p><a class=\"enlace-amigo\" href=\"https:\/\/parisconcarlo.com\/es\/sagrado-corazon-de-paris\/\"><span class=\"cell\">Sagrado Coraz\u00f3n <\/span><span class=\"cell\"><span class=\"button\">Leer mas<\/span><\/span><\/a><\/p>\n\n\n\n<h3 class=\"wp-block-heading\">La iglesia de St. Pierre de Montmartre<\/h3>\n\n\n\n<p>La Iglesia de <a href=\"https:\/\/parisconcarlo.com\/es\/iglesia-de-saint-pierre-de-montmartre\/\">St. Pierre de Montmartre<\/a> es una de las m\u00e1s antiguas de todo Par\u00eds; se encuentra justo al lado del Sagrado Coraz\u00f3n, y aqu\u00ed en 1534 Ignacio de Loyola fund\u00f3 la Compa\u00f1\u00eda de Jes\u00fas.<\/p>\n\n\n<div class=\"wp-block-image\">\n<figure class=\"aligncenter size-full\"><img decoding=\"async\" width=\"900\" height=\"600\" src=\"https:\/\/parisconcarlo.com\/es\/wp-content\/uploads\/sites\/4\/2023\/01\/iglesia-Saint-Pierre-de-Montmartre-paris.webp\" alt=\"Iglesia Saint Pierre de Montmartre, Par\u00eds\" class=\"wp-image-1158\" srcset=\"https:\/\/parisconcarlo.com\/es\/wp-content\/uploads\/sites\/4\/2023\/01\/iglesia-Saint-Pierre-de-Montmartre-paris.webp 900w, https:\/\/parisconcarlo.com\/es\/wp-content\/uploads\/sites\/4\/2023\/01\/iglesia-Saint-Pierre-de-Montmartre-paris-300x200.webp 300w, https:\/\/parisconcarlo.com\/es\/wp-content\/uploads\/sites\/4\/2023\/01\/iglesia-Saint-Pierre-de-Montmartre-paris-768x512.webp 768w\" sizes=\"(max-width: 900px) 100vw, 900px\" \/><figcaption class=\"wp-element-caption\">Iglesia Saint Pierre de Montmartre, Par\u00eds<\/figcaption><\/figure>\n<\/div>\n\n\n<p><a class=\"enlace-amigo\" href=\"https:\/\/parisconcarlo.com\/es\/iglesia-de-saint-pierre-de-montmartre\/\"><span class=\"cell\">Iglesia de St. Pierre <\/span><span class=\"cell\"><span class=\"button\">Leer mas<\/span><\/span><\/a><\/p>\n\n\n\n<h3 class=\"wp-block-heading\">El hist\u00f3rico local Moulin de la Galette<\/h3>\n\n\n\n<p>El <strong>Moulin de la Galette es un club de baile hist\u00f3rico<\/strong> en la rue Lepic que fue frecuentado por los artistas m\u00e1s importantes del mundo de la pintura.<\/p>\n\n\n<div class=\"wp-block-image\">\n<figure class=\"aligncenter size-full\"><img decoding=\"async\" width=\"900\" height=\"671\" src=\"https:\/\/parisconcarlo.com\/es\/wp-content\/uploads\/sites\/4\/2023\/01\/cuadro-Pierre-Auguste_Renoir_Le_Moulin_de_la_Galette.jpg\" alt=\"El cuadro de Renoir &quot;Le Moulin de la Galette&quot;\" class=\"wp-image-1241\" srcset=\"https:\/\/parisconcarlo.com\/es\/wp-content\/uploads\/sites\/4\/2023\/01\/cuadro-Pierre-Auguste_Renoir_Le_Moulin_de_la_Galette.jpg 900w, https:\/\/parisconcarlo.com\/es\/wp-content\/uploads\/sites\/4\/2023\/01\/cuadro-Pierre-Auguste_Renoir_Le_Moulin_de_la_Galette-300x224.jpg 300w, https:\/\/parisconcarlo.com\/es\/wp-content\/uploads\/sites\/4\/2023\/01\/cuadro-Pierre-Auguste_Renoir_Le_Moulin_de_la_Galette-768x573.jpg 768w\" sizes=\"(max-width: 900px) 100vw, 900px\" \/><figcaption class=\"wp-element-caption\">El cuadro de Renoir \u00abLe Moulin de la Galette\u00bb<\/figcaption><\/figure>\n<\/div>\n\n\n<p><strong>Fue pintado por Renoir en la obra \u00abBal au moulin de la Galette<\/strong>\u00ab, una obra maestra del impresionismo temprano, por Van Gogh (el cuadro se llama \u00abLe moulin de la Galette\u00bb) y por muchos otros artistas como Picasso y Utrillo.<\/p>\n\n\n\n<h3 class=\"wp-block-heading\">La escultura Le Passe Muraille (hombre cruzando paredes)<\/h3>\n\n\n\n<p>La escultura de bronce \u00ab<strong>Le Passe Muraille<\/strong>\u00ab, creada por Jean Marais en 1989, que recuerda la novela de Marcel Aym\u00e9 sobre un hombre capaz de atravesar paredes, es de gran impacto.<\/p>\n\n\n\n<p>Est\u00e1 <strong>ubicado en la plaza Marcel Aym\u00e9<\/strong>, donde vivi\u00f3 el escritor hom\u00f3nimo y representa, precisamente, \u00a1a un hombre atravesando un muro de piedra!<\/p>\n\n\n<div class=\"wp-block-image\">\n<figure class=\"aligncenter size-full\"><img decoding=\"async\" width=\"800\" height=\"533\" src=\"https:\/\/parisconcarlo.com\/es\/wp-content\/uploads\/sites\/4\/2023\/01\/le-passe-muraille-paris.webp\" alt=\"Le Passe Muraille, Par\u00eds\" class=\"wp-image-1230\" srcset=\"https:\/\/parisconcarlo.com\/es\/wp-content\/uploads\/sites\/4\/2023\/01\/le-passe-muraille-paris.webp 800w, https:\/\/parisconcarlo.com\/es\/wp-content\/uploads\/sites\/4\/2023\/01\/le-passe-muraille-paris-300x200.webp 300w, https:\/\/parisconcarlo.com\/es\/wp-content\/uploads\/sites\/4\/2023\/01\/le-passe-muraille-paris-768x512.webp 768w\" sizes=\"(max-width: 800px) 100vw, 800px\" \/><figcaption class=\"wp-element-caption\">Le Passe Muraille, Par\u00eds<\/figcaption><\/figure>\n<\/div>\n\n\n<p>Seg\u00fan la historia, que data de 1943, <strong>hab\u00eda un hombre capaz de atravesar paredes<\/strong>, que viv\u00eda en pleno Montmartre y que (te revelamos el final \ud83d\ude42 esperando que no te importe) qued\u00f3 atrapado por amor.<\/p>\n\n\n\n<h3 class=\"wp-block-heading\">Dal\u00ed Par\u00eds<\/h3>\n\n\n\n<p>Es un <strong>museo tem\u00e1tico permanente dedicado a Salvador Dal\u00ed<\/strong> donde es posible contemplar sus m\u00e1s bellas esculturas, numerosas ilustraciones y litograf\u00edas.<\/p>\n\n\n\n<p>En el museo, que se encuentra en la rue Poulbot 11, se conservan m\u00e1s de 300 obras del artista catal\u00e1n. \u00a1Ideal para profundizar en el conocimiento de Dal\u00ed!<\/p>\n\n\n\n<h3 class=\"wp-block-heading\">Cementerio de Montmartre<\/h3>\n\n\n\n<p>El cementerio de Montmartre, en el n\u00famero 20 de la avenida Rachel, fue inaugurado en 1825 y es especialmente apreciado porque alberga las tumbas de importantes personalidades y artistas como Amp\u00e8re, Zola, Stendhal o Truffaut, Berlioz, Dumas fils, Degas e incluso nuestra Dalida, S\u00f3lo para nombrar unos pocos.<\/p>\n\n\n\n<p>Mientras caminas por el cementerio, presta atenci\u00f3n a su vegetaci\u00f3n: hay alrededor de 40 especies diferentes de \u00e1rboles.<\/p>\n\n\n\n<h3 class=\"wp-block-heading\">Muro de Je t&#8217;aime (te amo)<\/h3>\n\n\n\n<p><strong>Los m\u00e1s rom\u00e1nticos solo pueden apreciar el sugerente Muro de Je t&#8217;aime<\/strong> en el \u00e1rea de la metro de Abbesses.<\/p>\n\n\n\n<p>Se trata de una <strong>obra de Fr\u00e9d\u00e9ric Baron y Claire Kito<\/strong> de aproximadamente 40 metros cuadrados, compuesta por 612 azulejos azules sobre los que aparecen las palabras \u00abTe amo\u00bb en diferentes idiomas.<\/p>\n\n\n\n<h2 class=\"wp-block-heading\">Las calles del barrio que no te puedes perder<\/h2>\n\n\n\n<h3 class=\"wp-block-heading\">Calle Lepic<\/h3>\n\n\n\n<p>Rom\u00e1ntica y de aire decididamente bohemio, esta calle de Montmartre est\u00e1 formada por la subida que conduce a la conocida colina.<\/p>\n\n\n\n<p>\u00bfQue esperarse? <strong>Peque\u00f1os caf\u00e9s, peque\u00f1as tiendas<\/strong>, mercados, as\u00ed es el Par\u00eds menos tur\u00edstico y m\u00e1s fascinante.<\/p>\n\n\n\n<p>Es en esta calle donde <strong>se encuentra el Caf\u00e9 des 2 Moulins<\/strong>, el bistr\u00f3 que fue escenario de muchas tomas de la aclamada pel\u00edcula \u00abAm\u00e9lie\u00bb. \u00a1S\u00ed, era justo el lugar para trabajar Am\u00e9lie!<\/p>\n\n\n<div class=\"wp-block-image\">\n<figure class=\"aligncenter size-full\"><img decoding=\"async\" width=\"800\" height=\"514\" src=\"https:\/\/parisconcarlo.com\/es\/wp-content\/uploads\/sites\/4\/2023\/01\/cafe-des-2-moulins-paris.webp\" alt=\"Caf\u00e9 des 2 Moulins, el caf\u00e9 de Amelie, Par\u00eds\" class=\"wp-image-1229\" srcset=\"https:\/\/parisconcarlo.com\/es\/wp-content\/uploads\/sites\/4\/2023\/01\/cafe-des-2-moulins-paris.webp 800w, https:\/\/parisconcarlo.com\/es\/wp-content\/uploads\/sites\/4\/2023\/01\/cafe-des-2-moulins-paris-300x193.webp 300w, https:\/\/parisconcarlo.com\/es\/wp-content\/uploads\/sites\/4\/2023\/01\/cafe-des-2-moulins-paris-768x493.webp 768w\" sizes=\"(max-width: 800px) 100vw, 800px\" \/><figcaption class=\"wp-element-caption\">Caf\u00e9 des 2 Moulins, el caf\u00e9 de Amelie, Par\u00eds<\/figcaption><\/figure>\n<\/div>\n\n\n<h3 class=\"wp-block-heading\">Calle San Vicente<\/h3>\n\n\n\n<p><strong>Rue Saint-Vincent es un museo al aire libre<\/strong>. Un poco alejada de los itinerarios tur\u00edsticos cl\u00e1sicos, tiene mucho que ofrecer en cuanto a paisaje y m\u00e1s.<\/p>\n\n\n\n<p>Esta calle alberga sugerentes vi\u00f1edos que crean un incre\u00edble espacio verde en el coraz\u00f3n de una metr\u00f3poli como Par\u00eds, pero tambi\u00e9n el m\u00e1gico Jardin Sauvage donde la vegetaci\u00f3n crece libre del trabajo del hombre.<\/p>\n\n\n\n<p>Esta calle tambi\u00e9n <strong>ofrece el t\u00edpico cabaret franc\u00e9s<\/strong> en el club m\u00e1s conocido de la capital: Lapin Agile.<\/p>\n\n\n\n<h3 class=\"wp-block-heading\">Calle Junot<\/h3>\n\n\n\n<p><strong>Rue Junot es probablemente la calle m\u00e1s famosa del barrio<\/strong>. Es en esta calle donde podemos encontrar los palacios y edificios m\u00e1s opulentos que hablan de un barrio diferente hecho de riqueza y bienestar.<\/p>\n\n\n\n<p>Entre un edificio noble y otro tambi\u00e9n podemos encontrar cines y teatros en los que disfrutar de la ferviente vida cultural de la ciudad.<\/p>\n\n\n\n<h2 class=\"wp-block-heading\">Cosas que hacer en Montmartre<\/h2>\n\n\n\n<h3 class=\"wp-block-heading\">Compras en la Place du Tertre<\/h3>\n\n\n\n<p><strong>Paseando por las calles de Montmartre en Par\u00eds<\/strong>, uno no puede resistirse a la posibilidad de llevarse a casa una obra de arte. En la Place du Tertre es posible comprar acuarelas, carboncillos, pinturas y caricaturas para todos los gustos.<\/p>\n\n\n\n<h3 class=\"wp-block-heading\">Visite el Museo del Chocolate (que en realidad es una boutique de chocolate)<\/h3>\n\n\n\n<p>Una visita que puede endulzar tu estancia en Francia es la del <strong>Petit Mus\u00e9e du Chocolat<\/strong>, para dejarte envolver por los aromas y sabores del chocolate. Se encuentra en el n\u00famero 7 de la Rue de Steinkerque.<\/p>\n\n\n\n<p>Para obtener informaci\u00f3n sobre otras tiendas de chocolate recomendadas en la capital francesa, \u00a1haga clic en el bot\u00f3n de m\u00e1s informaci\u00f3n!<\/p>\n\n\n\n<p><a class=\"enlace-amigo\" href=\"https:\/\/parisconcarlo.com\/es\/las-mejores-chocolaterias-de-paris\/\"><span class=\"cell\">Las mejores chocolater\u00edas <\/span><span class=\"cell\"><span class=\"button\">Leer mas<\/span><\/span><\/a><\/p>\n\n\n\n<h3 class=\"wp-block-heading\">Relajarse con caf\u00e9 y macarons<\/h3>\n\n\n\n<p>Montmartre es tambi\u00e9n el lugar perfecto para <strong>tomarse el tiempo de saborear la vida parisina<\/strong> como artista. Una taza de caf\u00e9 caliente, un par de macarons y un buen libro sentados en un caf\u00e9 no tienen precio.<\/p>\n\n\n\n<h3 class=\"wp-block-heading\">Descubre Montmartre a trav\u00e9s de su Museo<\/h3>\n\n\n\n<p>En rue Cortot 12 encontramos el peque\u00f1o pero sugerente <strong>Mus\u00e9e de Montmartre<\/strong> que alberga colecciones permanentes y exposiciones temporales imperdibles.<\/p>\n\n\n\n<p>Perfecto para rememorar momentos de la vida del barrio, que comenz\u00f3 como un pueblo de campo, y luego se transform\u00f3 en el centro de los movimientos art\u00edsticos europeos en el per\u00edodo comprendido entre los siglos XIX y XX.<\/p>\n\n\n\n<p>Los edificios del museo alguna vez fueron el hogar de ilustres artistas, incluidos Pierre-Auguste Renoir y Suzanne Valadon, lo que se suma a su encanto.<\/p>\n\n\n\n<h3 class=\"wp-block-heading\">Disfruta de un espect\u00e1culo de cabaret<\/h3>\n\n\n\n<p>El can-can y el <strong>cabaret son actividades obligadas en Par\u00eds<\/strong>, \u00a1y en qu\u00e9 otro lugar si no en este distrito multifac\u00e9tico!<\/p>\n\n\n\n<p>Una experiencia m\u00e1gica la ofrece <strong>Chez Michou<\/strong> (80 Rue des Martyrs) con sus drag queens y sabrosos men\u00fas.<\/p>\n\n\n\n<p>Una alternativa famosa, cercana, es el <strong>c\u00e9lebre Moulin Rouge<\/strong>, ubicado en 82 Boulevard de Clichy en Pigalle.<\/p>\n\n\n\n<p>El m\u00edtico cabaret ofrece, por ejemplo, esta experiencia de dos horas que incluye espect\u00e1culo y champ\u00e1n. Si t\u00fa tambi\u00e9n quieres cenar, \u00a1tambi\u00e9n est\u00e1 esta propuesta!<\/p>\n\n\n\n<h2 class=\"wp-block-heading\">D\u00f3nde comer<\/h2>\n\n\n\n<p>\u00a1Aqui estan algunas sugerencias para ti!<\/p>\n\n\n\n<h3 class=\"wp-block-heading\">Caf\u00e9 des Deux Moulins (Am\u00e9lie)<\/h3>\n\n\n\n<p>El <strong>Caf\u00e9 des Deux Moulins<\/strong> (15, Rue Lepic), el del Fabuloso Mundo de Am\u00e9lie, tiene todo el encanto parisino y est\u00e1 situado en el coraz\u00f3n del barrio. Tan perfecto para un almuerzo o una hora feliz.<\/p>\n\n\n\n<h3 class=\"wp-block-heading\">Relais Gasc\u00f3n (Franc\u00e9s)<\/h3>\n\n\n\n<p>Le Relais Gascon (6, Rue des Abbesses) es un lugar muy apreciado por los residentes y tambi\u00e9n bastante econ\u00f3mico. Un trato sencillo y familiar con raciones generosas y una tarifa accesible.<\/p>\n\n\n\n<h3 class=\"wp-block-heading\">Taverne de Montmartre (franc\u00e9s)<\/h3>\n\n\n\n<p>La Taverne de Montmartre (25, Rue Gabrielle) es un restaurante verdaderamente caracter\u00edstico, fuera del circuito tur\u00edstico cl\u00e1sico. Eso s\u00ed, \u00e1rmate de paciencia, porque para comer aqu\u00ed hay que esperar.<\/p>\n\n\n\n<h3 class=\"wp-block-heading\">Soul Kitchen (franc\u00e9s)<\/h3>\n\n\n\n<p>Soul Kitchen (33, Rue Lamarck) es un espacio joven, de ambiente vintage y familiar, muy acogedor. 0 km y productos ecol\u00f3gicos componen platos realmente sabrosos.<\/p>\n\n\n\n<h3 class=\"wp-block-heading\">El padrino (italiano)<\/h3>\n\n\n\n<p>Il Padrino (49, Rue Custine) es el lugar adecuado si quieres comer cocina italiana. El ambiente que recuerda a la conocida trilog\u00eda cinematogr\u00e1fica se combina con una carta abundante y sabrosa.<\/p>\n\n\n\n<h3 class=\"wp-block-heading\">Creper\u00eda Broc\u00e9liande<\/h3>\n\n\n\n<p>Cr\u00eaperie Broc\u00e9liande (15, Rue des 3 Fr\u00e8res) es el lugar indicado para enamorarse del t\u00edpico dulce franc\u00e9s como su nombre indica.<\/p>\n\n\n\n<p>Estimados gourmets, \u00a1te ofrezco una idea del tema!<\/p>\n\n\n\n<p><a class=\"enlace-amigo\" href=\"https:\/\/parisconcarlo.com\/es\/mejores-crepes-en-paris\/\"><span class=\"cell\">Mejores crepes en Par\u00eds <\/span><span class=\"cell\"><span class=\"button\">Leer mas<\/span><\/span><\/a><\/p>\n\n\n\n<h2 class=\"wp-block-heading\">Qu\u00e9 comprar en Montmartre y d\u00f3nde comprar<\/h2>\n\n\n\n<p><strong>Montmartre es un barrio lleno de tiendas<\/strong> interesantes que venden souvenirs, pero tambi\u00e9n muchas otras cosas deliciosas. Para llevarnos a casa un trozo de Francia desde Montmartre podemos considerar:<\/p>\n\n\n\n<ul class=\"wp-block-list\">\n<li>un retrato realizado por artistas callejeros;<\/li>\n\n\n\n<li>una miniatura del Sagrado Coraz\u00f3n;<\/li>\n\n\n\n<li>un libro antiguo o viejo;<\/li>\n\n\n\n<li>ropa y joyas de Mademoiselle Montmartre (17 Rue al Vieuville)<\/li>\n\n\n\n<li>chocolate, por ejemplo en la Boutique LINDT (13 Rue de Steinkerque)<\/li>\n\n\n\n<li>objetos que representan \u00e1ngeles y arc\u00e1ngeles en La Boutique des Anges Paris Montmartre (2, rue Yvonne le Tac)<\/li>\n<\/ul>\n\n\n\n<h2 class=\"wp-block-heading\">Los principales eventos celebrados en Montmartre<\/h2>\n\n\n\n<p>La <strong>Fiesta de la Vendimia<\/strong> es sin duda el evento m\u00e1s importante que involucra al conocido distrito parisino. Celebrada a principios de octubre de cada a\u00f1o durante cinco d\u00edas de fiestas del vino, el chocolate y el queso con una apretada agenda.<\/p>\n\n\n\n<p>Tambi\u00e9n hay varias exposiciones de arte en los museos locales que var\u00edan seg\u00fan la \u00e9poca.<\/p>\n\n\n\n<h2 class=\"wp-block-heading\">Montmartre por la noche<\/h2>\n\n\n\n<p><strong>La noche es el momento ideal para vivir el barrio con intensidad<\/strong>, con el encanto rom\u00e1ntico que s\u00f3lo tiene una zona de artistas.<\/p>\n\n\n\n<p><strong>Cena y cabaret son una combinaci\u00f3n muy frecuente en el barrio<\/strong> en las discotecas m\u00e1s importantes de la zona: una experiencia para disfrutar al menos una vez en la vida.<\/p>\n\n\n\n<p>Las representaciones teatrales y cinematogr\u00e1ficas est\u00e1n a la orden del d\u00eda en los espacios culturales de Montmartre, en cualquier \u00e9poca del a\u00f1o.<\/p>\n\n\n\n<p>La noche aqu\u00ed es joven gracias a las muchas discotecas peque\u00f1as pero muy animadas, donde puedes entretenerte con m\u00fasica y DJ-sets hasta el amanecer.<\/p>\n\n\n\n<h2 class=\"wp-block-heading\">D\u00f3nde alojarse en Montmartre: los mejores hoteles en la zona<\/h2>\n\n\n\n<h3 class=\"wp-block-heading\">\u00bfPor qu\u00e9 dormir en esta zona?<\/h3>\n\n\n\n<p>Por su ambiente y tambi\u00e9n porque <strong>los hoteles son en promedio asequibles<\/strong>, con ahorros de hasta un 20%-30% respecto a otras zonas de la ciudad.<\/p>\n\n\n\n<p>Sin embargo, tambi\u00e9n hay que reconocer que el barrio est\u00e1 un poco descentralizado y las conexiones y medios de transporte no son excelentes. En este sentido, te aconsejamos preferir <strong>hoteles cercanos a paradas de metro<\/strong> (l\u00edneas 12 y 2).<\/p>\n\n\n\n<p>\u00a1Y evita las callejuelas de Pigalle!<\/p>\n\n\n<style>.wp-block-kadence-advancedbtn.kb-btns_87b8b5-2e{gap:var(--global-kb-gap-xs, 0.5rem );justify-content:center;align-items:center;}.kt-btns_87b8b5-2e .kt-button{font-weight:normal;font-style:normal;}.kt-btns_87b8b5-2e .kt-btn-wrap-0{margin-right:5px;}.wp-block-kadence-advancedbtn.kt-btns_87b8b5-2e .kt-btn-wrap-0 .kt-button::before{display:none;}<\/style>\n<div class=\"wp-block-kadence-advancedbtn kt-btn-align-center kt-btn-tablet-align-inherit kt-btn-mobile-align-inherit kt-btns-wrap kt-btns_87b8b5-2e\"><div class=\"kt-btn-wrap kt-btn-wrap-0\"><a class=\"kt-button button kt-btn-0-action kt-btn-size-standard kt-btn-style-basic kt-btn-svg-show-always kt-btn-has-text-true kt-btn-has-svg-false kb-btn-global-inherit wp-block-button__link\" href=\"https:\/\/www.booking.com\/searchresults.es.html?district=7951&amp;nflt=review_score%253D90%253Breview_score%253D80&amp;aid=1474022&amp;no_rooms=1&amp;group_adults=2&amp;label=montmartre\" target=\"_blank\" rel=\"noreferrer noopener nofollow sponsored\"><span class=\"kt-btn-inner-text\">Los mejores hoteles en Montmartre en Booking<\/span><\/a><\/div><\/div>\n\n\n\n<div style=\"height:20px\" aria-hidden=\"true\" class=\"wp-block-spacer\"><\/div>\n\n\n\n<p>Si deseas evaluar otras \u00e1reas de Par\u00eds para su alojamiento, <a href=\"https:\/\/parisconcarlo.com\/es\/donde-alojarse-en-paris\/\">encontrar\u00e1 muchos consejos aqu\u00ed<\/a>.<\/p>\n\n\n\n<h2 class=\"wp-block-heading\">Tour de Montmartre<\/h2>\n\n\n\n<div data-gyg-href=\"https:\/\/widget.getyourguide.com\/default\/activities.frame\" data-gyg-locale-code=\"es-ES\" data-gyg-widget=\"activities\" data-gyg-number-of-items=\"5\" data-gyg-cmp=\"vypm3-montmartre\" data-gyg-partner-id=\"EXCD7A5\" data-gyg-placement=\"content-middle\" data-gyg-q=\"montmartre\"><\/div>\n\n\n\n<div style=\"height:20px\" aria-hidden=\"true\" class=\"wp-block-spacer\"><\/div>\n\n\n\n<h2 class=\"wp-block-heading\">Mapa: qu\u00e9 ver cerca<\/h2>\n\n\n\n","protected":false},"excerpt":{"rendered":"<p>Peque\u00f1as calles empedradas (\u00a1pavimentadas con adoquines!), casas cubiertas de hiedra, lindos caf\u00e9s y pintores sin dinero tratando de ganarse la vida con su arte. \u00a1Esto es (o m\u00e1s bien fue en algunos aspectos) Montmartre! Par\u00eds es una ciudad formada principalmente por grandes plazas, grandes bulevares y grandes edificios, y quiz\u00e1s Montmartre sea especial precisamente por&#8230;<\/p>\n","protected":false},"author":4,"featured_media":1234,"comment_status":"open","ping_status":"closed","sticky":false,"template":"","format":"standard","meta":{"_kad_blocks_custom_css":"","_kad_blocks_head_custom_js":"","_kad_blocks_body_custom_js":"","_kad_blocks_footer_custom_js":"","_kad_post_transparent":"","_kad_post_title":"","_kad_post_layout":"","_kad_post_sidebar_id":"","_kad_post_content_style":"","_kad_post_vertical_padding":"","_kad_post_feature":"","_kad_post_feature_position":"","_kad_post_header":false,"_kad_post_footer":false,"_kad_post_classname":"","footnotes":""},"categories":[15],"tags":[],"class_list":["post-105","post","type-post","status-publish","format-standard","has-post-thumbnail","hentry","category-que-ver-en-paris"],"yoast_head":"<!-- This site is optimized with the Yoast SEO plugin v27.1.1 - https:\/\/yoast.com\/product\/yoast-seo-wordpress\/ -->\n<title>Montmartre, Par\u00eds - qu\u00e9 ver, c\u00f3mo llegar y d\u00f3nde alojarse<\/title>\n<meta name=\"description\" content=\"Historia del barrio de Montmartre de Par\u00eds, c\u00f3mo naci\u00f3 y c\u00f3mo es hoy. C\u00f3mo y cu\u00e1ndo visitarlo, qu\u00e9 ver y c\u00f3mo llegar.\" \/>\n<meta name=\"robots\" content=\"index, follow, max-snippet:-1, max-image-preview:large, max-video-preview:-1\" \/>\n<link rel=\"canonical\" href=\"https:\/\/parisconcarlo.com\/es\/montmartre\/\" \/>\n<meta property=\"og:locale\" content=\"es_ES\" \/>\n<meta property=\"og:type\" content=\"article\" \/>\n<meta property=\"og:title\" content=\"Montmartre, Par\u00eds - qu\u00e9 ver, c\u00f3mo llegar y d\u00f3nde alojarse\" \/>\n<meta property=\"og:description\" content=\"Historia del barrio de Montmartre de Par\u00eds, c\u00f3mo naci\u00f3 y c\u00f3mo es hoy. C\u00f3mo y cu\u00e1ndo visitarlo, qu\u00e9 ver y c\u00f3mo llegar.\" \/>\n<meta property=\"og:url\" content=\"https:\/\/parisconcarlo.com\/es\/montmartre\/\" \/>\n<meta property=\"og:site_name\" content=\"Paris con Carlo\" \/>\n<meta property=\"article:published_time\" content=\"2022-10-27T10:45:00+00:00\" \/>\n<meta property=\"article:modified_time\" content=\"2024-04-15T15:20:50+00:00\" \/>\n<meta property=\"og:image\" content=\"https:\/\/parisconcarlo.com\/es\/wp-content\/uploads\/sites\/4\/2022\/10\/logo-viajes-a-paris.jpeg\" \/>\n\t<meta property=\"og:image:width\" content=\"623\" \/>\n\t<meta property=\"og:image:height\" content=\"188\" \/>\n\t<meta property=\"og:image:type\" content=\"image\/jpeg\" \/>\n<meta name=\"author\" content=\"Carlo Galici\" \/>\n<meta name=\"twitter:card\" content=\"summary_large_image\" \/>\n<meta name=\"twitter:image\" content=\"https:\/\/parisconcarlo.com\/es\/wp-content\/uploads\/sites\/4\/2022\/10\/logo-viajes-a-paris.jpeg\" \/>\n<meta name=\"twitter:label1\" content=\"Escrito por\" \/>\n\t<meta name=\"twitter:data1\" content=\"Carlo Galici\" \/>\n\t<meta name=\"twitter:label2\" content=\"Tiempo de lectura\" \/>\n\t<meta name=\"twitter:data2\" content=\"64 minutos\" \/>\n<script type=\"application\/ld+json\" class=\"yoast-schema-graph\">{\"@context\":\"https:\/\/schema.org\",\"@graph\":[{\"@type\":\"Article\",\"@id\":\"https:\/\/parisconcarlo.com\/es\/montmartre\/#article\",\"isPartOf\":{\"@id\":\"https:\/\/parisconcarlo.com\/es\/montmartre\/\"},\"author\":{\"name\":\"Carlo Galici\",\"@id\":\"https:\/\/parisconcarlo.com\/es\/#\/schema\/person\/50c9697865d01ff2d6201f18aced1111\"},\"headline\":\"Montmartre: qu\u00e9 ver, d\u00f3nde comer y d\u00f3nde alojarse\",\"datePublished\":\"2022-10-27T10:45:00+00:00\",\"dateModified\":\"2024-04-15T15:20:50+00:00\",\"mainEntityOfPage\":{\"@id\":\"https:\/\/parisconcarlo.com\/es\/montmartre\/\"},\"wordCount\":2629,\"commentCount\":0,\"publisher\":{\"@id\":\"https:\/\/parisconcarlo.com\/es\/#organization\"},\"image\":{\"@id\":\"https:\/\/parisconcarlo.com\/es\/montmartre\/#primaryimage\"},\"thumbnailUrl\":\"https:\/\/parisconcarlo.com\/es\/wp-content\/uploads\/sites\/4\/2023\/01\/montmartre-paris.webp\",\"articleSection\":[\"Qu\u00e9 ver en Par\u00eds\"],\"inLanguage\":\"es\"},{\"@type\":\"WebPage\",\"@id\":\"https:\/\/parisconcarlo.com\/es\/montmartre\/\",\"url\":\"https:\/\/parisconcarlo.com\/es\/montmartre\/\",\"name\":\"Montmartre, Par\u00eds - qu\u00e9 ver, c\u00f3mo llegar y d\u00f3nde alojarse\",\"isPartOf\":{\"@id\":\"https:\/\/parisconcarlo.com\/es\/#website\"},\"primaryImageOfPage\":{\"@id\":\"https:\/\/parisconcarlo.com\/es\/montmartre\/#primaryimage\"},\"image\":{\"@id\":\"https:\/\/parisconcarlo.com\/es\/montmartre\/#primaryimage\"},\"thumbnailUrl\":\"https:\/\/parisconcarlo.com\/es\/wp-content\/uploads\/sites\/4\/2023\/01\/montmartre-paris.webp\",\"datePublished\":\"2022-10-27T10:45:00+00:00\",\"dateModified\":\"2024-04-15T15:20:50+00:00\",\"description\":\"Historia del barrio de Montmartre de Par\u00eds, c\u00f3mo naci\u00f3 y c\u00f3mo es hoy. C\u00f3mo y cu\u00e1ndo visitarlo, qu\u00e9 ver y c\u00f3mo llegar.\",\"breadcrumb\":{\"@id\":\"https:\/\/parisconcarlo.com\/es\/montmartre\/#breadcrumb\"},\"inLanguage\":\"es\",\"potentialAction\":[{\"@type\":\"ReadAction\",\"target\":[\"https:\/\/parisconcarlo.com\/es\/montmartre\/\"]}]},{\"@type\":\"ImageObject\",\"inLanguage\":\"es\",\"@id\":\"https:\/\/parisconcarlo.com\/es\/montmartre\/#primaryimage\",\"url\":\"https:\/\/parisconcarlo.com\/es\/wp-content\/uploads\/sites\/4\/2023\/01\/montmartre-paris.webp\",\"contentUrl\":\"https:\/\/parisconcarlo.com\/es\/wp-content\/uploads\/sites\/4\/2023\/01\/montmartre-paris.webp\",\"width\":900,\"height\":604,\"caption\":\"Qu\u00e9 ver en Montmartre, Par\u00eds\"},{\"@type\":\"BreadcrumbList\",\"@id\":\"https:\/\/parisconcarlo.com\/es\/montmartre\/#breadcrumb\",\"itemListElement\":[{\"@type\":\"ListItem\",\"position\":1,\"name\":\"Home\",\"item\":\"https:\/\/parisconcarlo.com\/es\/\"},{\"@type\":\"ListItem\",\"position\":2,\"name\":\"Qu\u00e9 ver en Par\u00eds\",\"item\":\"https:\/\/parisconcarlo.com\/es\/que-ver-en-paris\/\"},{\"@type\":\"ListItem\",\"position\":3,\"name\":\"Montmartre: qu\u00e9 ver, d\u00f3nde comer y d\u00f3nde alojarse\"}]},{\"@type\":\"WebSite\",\"@id\":\"https:\/\/parisconcarlo.com\/es\/#website\",\"url\":\"https:\/\/parisconcarlo.com\/es\/\",\"name\":\"Paris con Carlo\",\"description\":\"\",\"publisher\":{\"@id\":\"https:\/\/parisconcarlo.com\/es\/#organization\"},\"potentialAction\":[{\"@type\":\"SearchAction\",\"target\":{\"@type\":\"EntryPoint\",\"urlTemplate\":\"https:\/\/parisconcarlo.com\/es\/?s={search_term_string}\"},\"query-input\":{\"@type\":\"PropertyValueSpecification\",\"valueRequired\":true,\"valueName\":\"search_term_string\"}}],\"inLanguage\":\"es\"},{\"@type\":\"Organization\",\"@id\":\"https:\/\/parisconcarlo.com\/es\/#organization\",\"name\":\"Paris con Carlo\",\"url\":\"https:\/\/parisconcarlo.com\/es\/\",\"logo\":{\"@type\":\"ImageObject\",\"inLanguage\":\"es\",\"@id\":\"https:\/\/parisconcarlo.com\/es\/#\/schema\/logo\/image\/\",\"url\":\"https:\/\/parisconcarlo.com\/es\/wp-content\/uploads\/sites\/4\/2024\/03\/logo-parisconcarlo-horizontal-live-3.jpg\",\"contentUrl\":\"https:\/\/parisconcarlo.com\/es\/wp-content\/uploads\/sites\/4\/2024\/03\/logo-parisconcarlo-horizontal-live-3.jpg\",\"width\":700,\"height\":214,\"caption\":\"Paris con Carlo\"},\"image\":{\"@id\":\"https:\/\/parisconcarlo.com\/es\/#\/schema\/logo\/image\/\"}},{\"@type\":\"Person\",\"@id\":\"https:\/\/parisconcarlo.com\/es\/#\/schema\/person\/50c9697865d01ff2d6201f18aced1111\",\"name\":\"Carlo Galici\",\"image\":{\"@type\":\"ImageObject\",\"inLanguage\":\"es\",\"@id\":\"https:\/\/parisconcarlo.com\/es\/#\/schema\/person\/image\/\",\"url\":\"https:\/\/secure.gravatar.com\/avatar\/06ec8e24b85ce32c8ceb183bc6c1b1ebff541395ffd1a8389c806e4b78969839?s=96&d=mm&r=g\",\"contentUrl\":\"https:\/\/secure.gravatar.com\/avatar\/06ec8e24b85ce32c8ceb183bc6c1b1ebff541395ffd1a8389c806e4b78969839?s=96&d=mm&r=g\",\"caption\":\"Carlo Galici\"},\"url\":\"https:\/\/parisconcarlo.com\/es\/author\/carlogalici\/\"}]}<\/script>\n<!-- \/ Yoast SEO plugin. -->","yoast_head_json":{"title":"Montmartre, Par\u00eds - qu\u00e9 ver, c\u00f3mo llegar y d\u00f3nde alojarse","description":"Historia del barrio de Montmartre de Par\u00eds, c\u00f3mo naci\u00f3 y c\u00f3mo es hoy. C\u00f3mo y cu\u00e1ndo visitarlo, qu\u00e9 ver y c\u00f3mo llegar.","robots":{"index":"index","follow":"follow","max-snippet":"max-snippet:-1","max-image-preview":"max-image-preview:large","max-video-preview":"max-video-preview:-1"},"canonical":"https:\/\/parisconcarlo.com\/es\/montmartre\/","og_locale":"es_ES","og_type":"article","og_title":"Montmartre, Par\u00eds - qu\u00e9 ver, c\u00f3mo llegar y d\u00f3nde alojarse","og_description":"Historia del barrio de Montmartre de Par\u00eds, c\u00f3mo naci\u00f3 y c\u00f3mo es hoy. C\u00f3mo y cu\u00e1ndo visitarlo, qu\u00e9 ver y c\u00f3mo llegar.","og_url":"https:\/\/parisconcarlo.com\/es\/montmartre\/","og_site_name":"Paris con Carlo","article_published_time":"2022-10-27T10:45:00+00:00","article_modified_time":"2024-04-15T15:20:50+00:00","og_image":[{"width":623,"height":188,"url":"https:\/\/parisconcarlo.com\/es\/wp-content\/uploads\/sites\/4\/2022\/10\/logo-viajes-a-paris.jpeg","type":"image\/jpeg"}],"author":"Carlo Galici","twitter_card":"summary_large_image","twitter_image":"https:\/\/parisconcarlo.com\/es\/wp-content\/uploads\/sites\/4\/2022\/10\/logo-viajes-a-paris.jpeg","twitter_misc":{"Escrito por":"Carlo Galici","Tiempo de lectura":"64 minutos"},"schema":{"@context":"https:\/\/schema.org","@graph":[{"@type":"Article","@id":"https:\/\/parisconcarlo.com\/es\/montmartre\/#article","isPartOf":{"@id":"https:\/\/parisconcarlo.com\/es\/montmartre\/"},"author":{"name":"Carlo Galici","@id":"https:\/\/parisconcarlo.com\/es\/#\/schema\/person\/50c9697865d01ff2d6201f18aced1111"},"headline":"Montmartre: qu\u00e9 ver, d\u00f3nde comer y d\u00f3nde alojarse","datePublished":"2022-10-27T10:45:00+00:00","dateModified":"2024-04-15T15:20:50+00:00","mainEntityOfPage":{"@id":"https:\/\/parisconcarlo.com\/es\/montmartre\/"},"wordCount":2629,"commentCount":0,"publisher":{"@id":"https:\/\/parisconcarlo.com\/es\/#organization"},"image":{"@id":"https:\/\/parisconcarlo.com\/es\/montmartre\/#primaryimage"},"thumbnailUrl":"https:\/\/parisconcarlo.com\/es\/wp-content\/uploads\/sites\/4\/2023\/01\/montmartre-paris.webp","articleSection":["Qu\u00e9 ver en Par\u00eds"],"inLanguage":"es"},{"@type":"WebPage","@id":"https:\/\/parisconcarlo.com\/es\/montmartre\/","url":"https:\/\/parisconcarlo.com\/es\/montmartre\/","name":"Montmartre, Par\u00eds - qu\u00e9 ver, c\u00f3mo llegar y d\u00f3nde alojarse","isPartOf":{"@id":"https:\/\/parisconcarlo.com\/es\/#website"},"primaryImageOfPage":{"@id":"https:\/\/parisconcarlo.com\/es\/montmartre\/#primaryimage"},"image":{"@id":"https:\/\/parisconcarlo.com\/es\/montmartre\/#primaryimage"},"thumbnailUrl":"https:\/\/parisconcarlo.com\/es\/wp-content\/uploads\/sites\/4\/2023\/01\/montmartre-paris.webp","datePublished":"2022-10-27T10:45:00+00:00","dateModified":"2024-04-15T15:20:50+00:00","description":"Historia del barrio de Montmartre de Par\u00eds, c\u00f3mo naci\u00f3 y c\u00f3mo es hoy. C\u00f3mo y cu\u00e1ndo visitarlo, qu\u00e9 ver y c\u00f3mo llegar.","breadcrumb":{"@id":"https:\/\/parisconcarlo.com\/es\/montmartre\/#breadcrumb"},"inLanguage":"es","potentialAction":[{"@type":"ReadAction","target":["https:\/\/parisconcarlo.com\/es\/montmartre\/"]}]},{"@type":"ImageObject","inLanguage":"es","@id":"https:\/\/parisconcarlo.com\/es\/montmartre\/#primaryimage","url":"https:\/\/parisconcarlo.com\/es\/wp-content\/uploads\/sites\/4\/2023\/01\/montmartre-paris.webp","contentUrl":"https:\/\/parisconcarlo.com\/es\/wp-content\/uploads\/sites\/4\/2023\/01\/montmartre-paris.webp","width":900,"height":604,"caption":"Qu\u00e9 ver en Montmartre, Par\u00eds"},{"@type":"BreadcrumbList","@id":"https:\/\/parisconcarlo.com\/es\/montmartre\/#breadcrumb","itemListElement":[{"@type":"ListItem","position":1,"name":"Home","item":"https:\/\/parisconcarlo.com\/es\/"},{"@type":"ListItem","position":2,"name":"Qu\u00e9 ver en Par\u00eds","item":"https:\/\/parisconcarlo.com\/es\/que-ver-en-paris\/"},{"@type":"ListItem","position":3,"name":"Montmartre: qu\u00e9 ver, d\u00f3nde comer y d\u00f3nde alojarse"}]},{"@type":"WebSite","@id":"https:\/\/parisconcarlo.com\/es\/#website","url":"https:\/\/parisconcarlo.com\/es\/","name":"Paris con Carlo","description":"","publisher":{"@id":"https:\/\/parisconcarlo.com\/es\/#organization"},"potentialAction":[{"@type":"SearchAction","target":{"@type":"EntryPoint","urlTemplate":"https:\/\/parisconcarlo.com\/es\/?s={search_term_string}"},"query-input":{"@type":"PropertyValueSpecification","valueRequired":true,"valueName":"search_term_string"}}],"inLanguage":"es"},{"@type":"Organization","@id":"https:\/\/parisconcarlo.com\/es\/#organization","name":"Paris con Carlo","url":"https:\/\/parisconcarlo.com\/es\/","logo":{"@type":"ImageObject","inLanguage":"es","@id":"https:\/\/parisconcarlo.com\/es\/#\/schema\/logo\/image\/","url":"https:\/\/parisconcarlo.com\/es\/wp-content\/uploads\/sites\/4\/2024\/03\/logo-parisconcarlo-horizontal-live-3.jpg","contentUrl":"https:\/\/parisconcarlo.com\/es\/wp-content\/uploads\/sites\/4\/2024\/03\/logo-parisconcarlo-horizontal-live-3.jpg","width":700,"height":214,"caption":"Paris con Carlo"},"image":{"@id":"https:\/\/parisconcarlo.com\/es\/#\/schema\/logo\/image\/"}},{"@type":"Person","@id":"https:\/\/parisconcarlo.com\/es\/#\/schema\/person\/50c9697865d01ff2d6201f18aced1111","name":"Carlo Galici","image":{"@type":"ImageObject","inLanguage":"es","@id":"https:\/\/parisconcarlo.com\/es\/#\/schema\/person\/image\/","url":"https:\/\/secure.gravatar.com\/avatar\/06ec8e24b85ce32c8ceb183bc6c1b1ebff541395ffd1a8389c806e4b78969839?s=96&d=mm&r=g","contentUrl":"https:\/\/secure.gravatar.com\/avatar\/06ec8e24b85ce32c8ceb183bc6c1b1ebff541395ffd1a8389c806e4b78969839?s=96&d=mm&r=g","caption":"Carlo Galici"},"url":"https:\/\/parisconcarlo.com\/es\/author\/carlogalici\/"}]}},"taxonomy_info":{"category":[{"value":15,"label":"Qu\u00e9 ver en Par\u00eds"}]},"featured_image_src_large":["https:\/\/parisconcarlo.com\/es\/wp-content\/uploads\/sites\/4\/2023\/01\/montmartre-paris.webp",900,604,false],"author_info":{"display_name":"Carlo Galici","author_link":"https:\/\/parisconcarlo.com\/es\/author\/carlogalici\/"},"comment_info":"","category_info":[{"term_id":15,"name":"Qu\u00e9 ver en Par\u00eds","slug":"que-ver-en-paris","term_group":0,"term_taxonomy_id":15,"taxonomy":"category","description":"","parent":0,"count":60,"filter":"raw","cat_ID":15,"category_count":60,"category_description":"","cat_name":"Qu\u00e9 ver en Par\u00eds","category_nicename":"que-ver-en-paris","category_parent":0}],"tag_info":false,"_links":{"self":[{"href":"https:\/\/parisconcarlo.com\/es\/wp-json\/wp\/v2\/posts\/105","targetHints":{"allow":["GET"]}}],"collection":[{"href":"https:\/\/parisconcarlo.com\/es\/wp-json\/wp\/v2\/posts"}],"about":[{"href":"https:\/\/parisconcarlo.com\/es\/wp-json\/wp\/v2\/types\/post"}],"author":[{"embeddable":true,"href":"https:\/\/parisconcarlo.com\/es\/wp-json\/wp\/v2\/users\/4"}],"replies":[{"embeddable":true,"href":"https:\/\/parisconcarlo.com\/es\/wp-json\/wp\/v2\/comments?post=105"}],"version-history":[{"count":0,"href":"https:\/\/parisconcarlo.com\/es\/wp-json\/wp\/v2\/posts\/105\/revisions"}],"wp:featuredmedia":[{"embeddable":true,"href":"https:\/\/parisconcarlo.com\/es\/wp-json\/wp\/v2\/media\/1234"}],"wp:attachment":[{"href":"https:\/\/parisconcarlo.com\/es\/wp-json\/wp\/v2\/media?parent=105"}],"wp:term":[{"taxonomy":"category","embeddable":true,"href":"https:\/\/parisconcarlo.com\/es\/wp-json\/wp\/v2\/categories?post=105"},{"taxonomy":"post_tag","embeddable":true,"href":"https:\/\/parisconcarlo.com\/es\/wp-json\/wp\/v2\/tags?post=105"}],"curies":[{"name":"wp","href":"https:\/\/api.w.org\/{rel}","templated":true}]}}